{"id":509,"date":"2019-11-14T21:58:15","date_gmt":"2019-11-14T23:58:15","guid":{"rendered":"http:\/\/sinspeb.org.br\/?p=509"},"modified":"2019-11-14T21:58:15","modified_gmt":"2019-11-14T23:58:15","slug":"evento-do-ministerio-publico-debateu-o-sistema-prisional-baiano","status":"publish","type":"post","link":"https:\/\/sinspeb.org.br\/?p=509","title":{"rendered":"Evento do Minist\u00e9rio P\u00fablico debateu o sistema prisional baiano"},"content":{"rendered":"<p>Evento do Minist\u00e9rio P\u00fablico debateu o sistema prisional baiano nesta segunda-feira(11)<\/p>\n<p>&#8220;Na nossa opini\u00e3o, o Estado precisa investir mais nas unidades, nos servidores penitenci\u00e1rios e na ressocializa\u00e7\u00e3o dos presos &#8220;, salienta Reivon Pimentel <\/p>\n<p><img fetchpriority=\"high\" decoding=\"async\" src=\"http:\/\/sinspeb.org.br\/wp-content\/uploads\/2019\/11\/IMG-20191111-WA0005-1024x768.jpg\" alt=\"\" width=\"750\" height=\"563\" class=\"aligncenter size-large wp-image-510\" srcset=\"https:\/\/sinspeb.org.br\/wp-content\/uploads\/2019\/11\/IMG-20191111-WA0005-1024x768.jpg 1024w, https:\/\/sinspeb.org.br\/wp-content\/uploads\/2019\/11\/IMG-20191111-WA0005-300x225.jpg 300w, https:\/\/sinspeb.org.br\/wp-content\/uploads\/2019\/11\/IMG-20191111-WA0005-768x576.jpg 768w, https:\/\/sinspeb.org.br\/wp-content\/uploads\/2019\/11\/IMG-20191111-WA0005.jpg 1040w\" sizes=\"(max-width: 750px) 100vw, 750px\" \/><\/p>\n<p>O semin\u00e1rio &#8220;Sistema Prisional em Pauta&#8221;, promovido pelo Minist\u00e9rio P\u00fablico da Bahia, nesta segunda-feira(11), no audit\u00f3rio Afonso Garcia Tinoco, localizado na sede do (MP- BA), CAB, contou com as presen\u00e7as de Edilene Lousado, Procuradora-Geral de Justi\u00e7a do (MP-BA), Geder Gomes, Procurador de Justi\u00e7a e Coordenador do CEOSP, do Promotor de Justi\u00e7a e Coordenador da UMEP, Edmundo Reis, do Gerente de Expans\u00e3o da APAC, Marcelo Gomes, e do Secret\u00e1rio de Administra\u00e7\u00e3o Prisional do Estado do Cear\u00e1, Lu\u00eds Mauro Albuquerque. <\/p>\n<p>O presidente do Sinspeb, Reivon Pimentel, prestigiou o evento e parabeniza o Minist\u00e9rio P\u00fablico, em especial, o Promotor de Justi\u00e7a Edmundo Reis pela iniciativa. O sindicalista salienta que adquiriu mais informa\u00e7\u00f5es sobre o m\u00e9todo &#8220;Apaqueano&#8221; que consiste em um  modelo de autogest\u00e3o segundo o qual os pr\u00f3prios &#8220;apenados&#8221;, os &#8220;reeducandos&#8221; devem fazer a gest\u00e3o e a seguran\u00e7a das unidades, m\u00e9todo que j\u00e1 foi implantado em alguns Estados brasileiros como Minas Gerais, Maranh\u00e3o e Rio Grande do Norte e a atual gest\u00e3o estadual  pretende implementar  tamb\u00e9m na Bahia.<\/p>\n<p> &#8220;A gente entende que pode ser mais uma alternativa. Por\u00e9m, os resultados apresentados s\u00e3o p\u00edfios em rela\u00e7\u00e3o \u00e0 massa carcer\u00e1ria brasileira que gira em torno de mais de 800 mil apenados. Destes, algo em torno de 5.800 cumprem pena nas unidades geridas pela APAC, o que representa um percentual de 0,69% da massa carcer\u00e1ria brasileira&#8221;, frisa Reivon Pimentel.<\/p>\n<p><img decoding=\"async\" src=\"http:\/\/sinspeb.org.br\/wp-content\/uploads\/2019\/11\/IMG-20191111-WA0029-1024x768.jpg\" alt=\"\" width=\"750\" height=\"563\" class=\"aligncenter size-large wp-image-511\" srcset=\"https:\/\/sinspeb.org.br\/wp-content\/uploads\/2019\/11\/IMG-20191111-WA0029-1024x768.jpg 1024w, https:\/\/sinspeb.org.br\/wp-content\/uploads\/2019\/11\/IMG-20191111-WA0029-300x225.jpg 300w, https:\/\/sinspeb.org.br\/wp-content\/uploads\/2019\/11\/IMG-20191111-WA0029-768x576.jpg 768w, https:\/\/sinspeb.org.br\/wp-content\/uploads\/2019\/11\/IMG-20191111-WA0029.jpg 1280w\" sizes=\"(max-width: 750px) 100vw, 750px\" \/><\/p>\n<p>O presidente do Sinspeb ressalta que a quantidade de presos atendidos pelo m\u00e9todo &#8220;Apaqueano&#8221; \u00e9 muito reduzida em rela\u00e7\u00e3o ao total de presidi\u00e1rios.<br \/>\n Para o dirigente sindical, essa proposta surge, mais uma vez, como uma tentativa do Governo do Estado de se &#8220;eximir&#8221; da sua responsabilidade e tentar &#8220;empurrar &#8220;para a sociedade civil um dever que \u00e9 do Estado.<\/p>\n<p> &#8220;Na nossa opini\u00e3o, o Estado deveria investir mais nas unidades prisionais, investir mais no material humano para atendermos os apenados em todas as assist\u00eancias previstas pela Lei de Execu\u00e7\u00e3o Penal possibilitando aos presidi\u00e1rios sa\u00fade, educa\u00e7\u00e3o, trabalho e assist\u00eancia religiosa que s\u00e3o fundamentais para o processo de ressocializa\u00e7\u00e3o&#8221;, frisa  Reivon Pimentel, ao pontuar que o evento contou com uma participa\u00e7\u00e3o expressiva de servidores penitenci\u00e1rios.  &#8221; Os servidores tem interesse em debater o sistema prisional baiano&#8221;, destaca o presidente do Sinspeb.<\/p>\n<p>Ascom &#8211; SINSPEB<\/p>\n","protected":false},"excerpt":{"rendered":"<p>Evento do Minist\u00e9rio P\u00fablico debateu o sistema prisional baiano nesta segunda-feira(11) &#8220;Na nossa opini\u00e3o, o Estado precisa investir mais nas<\/p>\n","protected":false},"author":1,"featured_media":0,"comment_status":"open","ping_status":"open","sticky":false,"template":"","format":"standard","meta":{"colormag_page_container_layout":"default_layout","colormag_page_sidebar_layout":"default_layout","footnotes":""},"categories":[1],"tags":[],"class_list":["post-509","post","type-post","status-publish","format-standard","hentry","category-noticias"],"_links":{"self":[{"href":"https:\/\/sinspeb.org.br\/index.php?rest_route=\/wp\/v2\/posts\/509","targetHints":{"allow":["GET"]}}],"collection":[{"href":"https:\/\/sinspeb.org.br\/index.php?rest_route=\/wp\/v2\/posts"}],"about":[{"href":"https:\/\/sinspeb.org.br\/index.php?rest_route=\/wp\/v2\/types\/post"}],"author":[{"embeddable":true,"href":"https:\/\/sinspeb.org.br\/index.php?rest_route=\/wp\/v2\/users\/1"}],"replies":[{"embeddable":true,"href":"https:\/\/sinspeb.org.br\/index.php?rest_route=%2Fwp%2Fv2%2Fcomments&post=509"}],"version-history":[{"count":1,"href":"https:\/\/sinspeb.org.br\/index.php?rest_route=\/wp\/v2\/posts\/509\/revisions"}],"predecessor-version":[{"id":512,"href":"https:\/\/sinspeb.org.br\/index.php?rest_route=\/wp\/v2\/posts\/509\/revisions\/512"}],"wp:attachment":[{"href":"https:\/\/sinspeb.org.br\/index.php?rest_route=%2Fwp%2Fv2%2Fmedia&parent=509"}],"wp:term":[{"taxonomy":"category","embeddable":true,"href":"https:\/\/sinspeb.org.br\/index.php?rest_route=%2Fwp%2Fv2%2Fcategories&post=509"},{"taxonomy":"post_tag","embeddable":true,"href":"https:\/\/sinspeb.org.br\/index.php?rest_route=%2Fwp%2Fv2%2Ftags&post=509"}],"curies":[{"name":"wp","href":"https:\/\/api.w.org\/{rel}","templated":true}]}}