{"id":516,"date":"2019-11-20T10:10:51","date_gmt":"2019-11-20T13:10:51","guid":{"rendered":"http:\/\/sinspeb.org.br\/?p=516"},"modified":"2019-11-20T10:10:51","modified_gmt":"2019-11-20T13:10:51","slug":"20-de-novembro-dia-do-servidor-penitenciario","status":"publish","type":"post","link":"https:\/\/sinspeb.org.br\/?p=516","title":{"rendered":"20 de Novembro &#8211; Dia do Servidor Penitenci\u00e1rio"},"content":{"rendered":"<p>Parab\u00e9ns, Servidores Penitenci\u00e1rios!<\/p>\n<p>Neste dia, 20 de novembro, comemoramos o Dia do Servidor Penitenci\u00e1rio, profissionais que realizam um importante servi\u00e7o p\u00fablico e uma \u00e1rdua tarefa de alto risco para salvaguardar a sociedade.<\/p>\n<p><img fetchpriority=\"high\" decoding=\"async\" src=\"http:\/\/sinspeb.org.br\/wp-content\/uploads\/2019\/11\/Screenshot_20191120-0805032.png\" alt=\"\" width=\"968\" height=\"691\" class=\"aligncenter size-full wp-image-517\" srcset=\"https:\/\/sinspeb.org.br\/wp-content\/uploads\/2019\/11\/Screenshot_20191120-0805032.png 968w, https:\/\/sinspeb.org.br\/wp-content\/uploads\/2019\/11\/Screenshot_20191120-0805032-300x214.png 300w, https:\/\/sinspeb.org.br\/wp-content\/uploads\/2019\/11\/Screenshot_20191120-0805032-768x548.png 768w\" sizes=\"(max-width: 968px) 100vw, 968px\" \/><\/p>\n<p>O Dia do Servidor Penitenci\u00e1rio foi institu\u00eddo atrav\u00e9s da Lei Estadual 13.797\/2017, sendo 20 de novembro a data comemorativa, passando a integrar o calend\u00e1rio oficial de eventos do Estado da Bahia. A referida data faz refer\u00eancia a cria\u00e7\u00e3o do Grupo Ocupacional Servi\u00e7os Penitenci\u00e1rios do Estado da Bahia, atrav\u00e9s da Lei 7.209 em 20 de novembro de 1997.<\/p>\n<p>Neste dia dedicado aos Servidores Penitenci\u00e1rios, o Presidente do Sindicato dos Servidores Penitenci\u00e1rios do Estado da Bahia (SINSPEB), Reivon Pimentel, e toda a Gest\u00e3o Uni\u00e3o, For\u00e7a e Conquistas (UFC), vem manifestar o reconhecimento a todos os integrantes desse grupo que, sem medir esfor\u00e7os, e honrando sua miss\u00e3o, ao mesmo tempo em que diariamente coloca em risco sua vida ao garantir o cumprimento \u00e0s leis de execu\u00e7\u00e3o penal. Lidando com o dia a dia dos estabelecimentos penais, guerreiros e guerreiras que cumprem seus plant\u00f5es e expedientes no desempenho de servi\u00e7os administrativos, assist\u00eancia m\u00e9dica e manuten\u00e7\u00e3o da seguran\u00e7a, ordem, vigil\u00e2ncia, cust\u00f3dia e disciplina interna das unidades prisionais.<\/p>\n<p>Atuar como Servidor Penitenci\u00e1rio \u00e9 enfrentar diariamente problemas do sistema prisional que afetam o desempenho das suas atividades, como: falta de material de expediente, d\u00e9ficit de servidores, p\u00e9ssimas condi\u00e7\u00f5es de trabalho; s\u00e9rios problemas de seguran\u00e7a como fragilidade, vulnerabilidade, superlota\u00e7\u00e3o, estrutura f\u00edsicas degradadas, dentre outros. <\/p>\n<p>S\u00e3o verdadeiros her\u00f3is, que exercem um trabalho \u00e1rduo, com chuva ou sol, feriados, dia ou noite, est\u00e3o ali, firmes em suas a\u00e7\u00f5es e mesmo assim, paira sobre n\u00f3s, enorme descaso, temor e indiferen\u00e7a da sociedade, pois poucos reconhecem a import\u00e2ncia do nosso trabalho. \u00c9 dessa forma, \u201cinvis\u00edvel\u201d atr\u00e1s de muralhas e grades, longe dos olhos da sociedade que realizamos um trabalho de excel\u00eancia, custodiando milhares de pessoas em situa\u00e7\u00e3o de priva\u00e7\u00e3o de liberdade.<\/p>\n<p>Consideremos que ter uma data comemorativa no calend\u00e1rio \u00e9 reconhecer o valor desse grupo, destacando a import\u00e2ncia e a contribui\u00e7\u00e3o do Servidor Penitenci\u00e1rio para a sociedade.<\/p>\n<p>Prestamos essa justa homenagem aos Servidores Penitenci\u00e1rios, que mais do que nunca precisa comemorar as lutas e as vit\u00f3rias que foram conquistadas ao longo dessa jornada, como Reajuste Salarial e a Moderniza\u00e7\u00e3o do Sistema Prisional, com a aquisi\u00e7\u00e3o de Body Scanner, Armamento Institucional, Viaturas e outros equipamentos indispens\u00e1veis ao desempenho das atividades di\u00e1rias, bem como melhorias nas condi\u00e7\u00f5es de trabalho, valoriza\u00e7\u00e3o dos servidores com a entrega de fardamento completo e investimentos em Capacita\u00e7\u00e3o. Por\u00e9m, as maiores conquistas foram a aprova\u00e7\u00e3o da PEC 372\/2017, reconhecendo constitucionalmente a categoria como agentes de Seguran\u00e7a P\u00fablica, atrav\u00e9s da cria\u00e7\u00e3o da Pol\u00edcia Penal e a aquisi\u00e7\u00e3o da t\u00e3o sonhada Sede Administrativa, adquirida com recursos pr\u00f3prios, localizada em endere\u00e7o super valorizado e de f\u00e1cil acesso na capital baiana, conquista esta, que, proporcionar\u00e1 muito mais qualidade no pronto atendimento ao conjunto dos associados do SINSPEB da capital e do interior.<\/p>\n<p>Parab\u00e9ns a todos Servidores Penitenci\u00e1rios que desempenham papel de destaque nesse cen\u00e1rio ca\u00f3tico, insalubre e perigoso, que n\u00e3o desistem, continuam firmes, arriscando a pr\u00f3pria vida e lutando bravamente pelo engrandecimento da categoria e por condi\u00e7\u00f5es dignas de trabalho. <\/p>\n<p>Ascom \u2013 SINSPEB<\/p>\n","protected":false},"excerpt":{"rendered":"<p>Parab\u00e9ns, Servidores Penitenci\u00e1rios! Neste dia, 20 de novembro, comemoramos o Dia do Servidor Penitenci\u00e1rio, profissionais que realizam um importante servi\u00e7o<\/p>\n","protected":false},"author":1,"featured_media":0,"comment_status":"open","ping_status":"open","sticky":false,"template":"","format":"standard","meta":{"colormag_page_container_layout":"default_layout","colormag_page_sidebar_layout":"default_layout","footnotes":""},"categories":[1],"tags":[],"class_list":["post-516","post","type-post","status-publish","format-standard","hentry","category-noticias"],"_links":{"self":[{"href":"https:\/\/sinspeb.org.br\/index.php?rest_route=\/wp\/v2\/posts\/516","targetHints":{"allow":["GET"]}}],"collection":[{"href":"https:\/\/sinspeb.org.br\/index.php?rest_route=\/wp\/v2\/posts"}],"about":[{"href":"https:\/\/sinspeb.org.br\/index.php?rest_route=\/wp\/v2\/types\/post"}],"author":[{"embeddable":true,"href":"https:\/\/sinspeb.org.br\/index.php?rest_route=\/wp\/v2\/users\/1"}],"replies":[{"embeddable":true,"href":"https:\/\/sinspeb.org.br\/index.php?rest_route=%2Fwp%2Fv2%2Fcomments&post=516"}],"version-history":[{"count":2,"href":"https:\/\/sinspeb.org.br\/index.php?rest_route=\/wp\/v2\/posts\/516\/revisions"}],"predecessor-version":[{"id":615,"href":"https:\/\/sinspeb.org.br\/index.php?rest_route=\/wp\/v2\/posts\/516\/revisions\/615"}],"wp:attachment":[{"href":"https:\/\/sinspeb.org.br\/index.php?rest_route=%2Fwp%2Fv2%2Fmedia&parent=516"}],"wp:term":[{"taxonomy":"category","embeddable":true,"href":"https:\/\/sinspeb.org.br\/index.php?rest_route=%2Fwp%2Fv2%2Fcategories&post=516"},{"taxonomy":"post_tag","embeddable":true,"href":"https:\/\/sinspeb.org.br\/index.php?rest_route=%2Fwp%2Fv2%2Ftags&post=516"}],"curies":[{"name":"wp","href":"https:\/\/api.w.org\/{rel}","templated":true}]}}