{"id":521,"date":"2019-11-22T10:28:17","date_gmt":"2019-11-22T13:28:17","guid":{"rendered":"http:\/\/sinspeb.org.br\/?p=521"},"modified":"2019-11-22T10:28:17","modified_gmt":"2019-11-22T13:28:17","slug":"balancetes-bimestrais-2018","status":"publish","type":"post","link":"https:\/\/sinspeb.org.br\/?p=521","title":{"rendered":"Balancetes Bimestrais 2018"},"content":{"rendered":"<p>O Sindicato dos Servidores Penitenci\u00e1rios do Estado da Bahia \u2013 SINSPEB, representado pelo Coordenador de Finan\u00e7as \u2013 Anderson Albuquerque, utiliza-se do presente e torna p\u00fablico, a Presta\u00e7\u00e3o de Contas, exerc\u00edcio 2018, para aprecia\u00e7\u00e3o e posterior vota\u00e7\u00e3o em Assembleia, pelos seus associados.<\/p>\n<p><a href=\"http:\/\/sinspeb.org.br\/wp-content\/uploads\/2019\/11\/Balancetes-Bimestrais-Jan-Fev-2018.pdf\">Balancetes Bimestrais &#8211; Jan-Fev &#8211; 2018<\/a><\/p>\n<p><a href=\"http:\/\/sinspeb.org.br\/wp-content\/uploads\/2019\/11\/Balancetes-Bimestrais-Mar-Abr-2018.pdf\">Balancetes Bimestrais &#8211; Mar-Abr &#8211; 2018<\/a><\/p>\n<p><a href=\"http:\/\/sinspeb.org.br\/wp-content\/uploads\/2019\/11\/Balancetes-Bimestrais-Mai-Jun-2018.pdf\">Balancetes Bimestrais &#8211; Mai-Jun &#8211; 2018<\/a><\/p>\n<p><a href=\"http:\/\/sinspeb.org.br\/wp-content\/uploads\/2019\/11\/Balancetes-Bimestrais-Jul-Ago-2018.pdf\">Balancetes Bimestrais &#8211; Jul-Ago &#8211; 2018<\/a><\/p>\n<p><a href=\"http:\/\/sinspeb.org.br\/wp-content\/uploads\/2019\/11\/Balancetes-Bimestrais-Set-Out-2018.pdf\">Balancetes Bimestrais &#8211; Set-Out &#8211; 2018<\/a><\/p>\n<p><a href=\"http:\/\/sinspeb.org.br\/wp-content\/uploads\/2019\/11\/Balancetes-Bimestrais-Nov-Dez-2018.pdf\">Balancetes Bimestrais &#8211; Nov-Dez &#8211; 2018<\/a><\/p>\n<p>Ascom &#8211; SINSPEB<\/p>\n","protected":false},"excerpt":{"rendered":"<p>O Sindicato dos Servidores Penitenci\u00e1rios do Estado da Bahia \u2013 SINSPEB, representado pelo Coordenador de Finan\u00e7as \u2013 Anderson Albuquerque, utiliza-se<\/p>\n","protected":false},"author":1,"featured_media":0,"comment_status":"open","ping_status":"open","sticky":false,"template":"","format":"standard","meta":{"colormag_page_container_layout":"default_layout","colormag_page_sidebar_layout":"default_layout","footnotes":""},"categories":[1,6],"tags":[],"class_list":["post-521","post","type-post","status-publish","format-standard","hentry","category-noticias","category-prestacao-de-contas"],"_links":{"self":[{"href":"https:\/\/sinspeb.org.br\/index.php?rest_route=\/wp\/v2\/posts\/521","targetHints":{"allow":["GET"]}}],"collection":[{"href":"https:\/\/sinspeb.org.br\/index.php?rest_route=\/wp\/v2\/posts"}],"about":[{"href":"https:\/\/sinspeb.org.br\/index.php?rest_route=\/wp\/v2\/types\/post"}],"author":[{"embeddable":true,"href":"https:\/\/sinspeb.org.br\/index.php?rest_route=\/wp\/v2\/users\/1"}],"replies":[{"embeddable":true,"href":"https:\/\/sinspeb.org.br\/index.php?rest_route=%2Fwp%2Fv2%2Fcomments&post=521"}],"version-history":[{"count":3,"href":"https:\/\/sinspeb.org.br\/index.php?rest_route=\/wp\/v2\/posts\/521\/revisions"}],"predecessor-version":[{"id":531,"href":"https:\/\/sinspeb.org.br\/index.php?rest_route=\/wp\/v2\/posts\/521\/revisions\/531"}],"wp:attachment":[{"href":"https:\/\/sinspeb.org.br\/index.php?rest_route=%2Fwp%2Fv2%2Fmedia&parent=521"}],"wp:term":[{"taxonomy":"category","embeddable":true,"href":"https:\/\/sinspeb.org.br\/index.php?rest_route=%2Fwp%2Fv2%2Fcategories&post=521"},{"taxonomy":"post_tag","embeddable":true,"href":"https:\/\/sinspeb.org.br\/index.php?rest_route=%2Fwp%2Fv2%2Ftags&post=521"}],"curies":[{"name":"wp","href":"https:\/\/api.w.org\/{rel}","templated":true}]}}