{"id":532,"date":"2019-11-23T10:27:54","date_gmt":"2019-11-23T13:27:54","guid":{"rendered":"http:\/\/sinspeb.org.br\/?p=532"},"modified":"2019-11-23T10:27:54","modified_gmt":"2019-11-23T13:27:54","slug":"confraternizacao-em-comemoracao-ao-dia-do-servidor-penitenciario-acontece-neste-domingo24-na-sede-social-do-sinspeb","status":"publish","type":"post","link":"https:\/\/sinspeb.org.br\/?p=532","title":{"rendered":"Confraterniza\u00e7\u00e3o em comemora\u00e7\u00e3o ao Dia do Servidor Penitenci\u00e1rio acontece neste domingo(24) na sede social do Sinspeb"},"content":{"rendered":"<p>Confraterniza\u00e7\u00e3o em comemora\u00e7\u00e3o ao Dia do Servidor Penitenci\u00e1rio acontece neste domingo(24) na &#8220;sede social&#8221; do Sinspeb<\/p>\n<p><img fetchpriority=\"high\" decoding=\"async\" src=\"http:\/\/sinspeb.org.br\/wp-content\/uploads\/2019\/11\/F0947761-3B14-4624-AB65-C5B253C835462.jpeg\" alt=\"\" width=\"750\" height=\"739\" class=\"aligncenter size-full wp-image-533\" srcset=\"https:\/\/sinspeb.org.br\/wp-content\/uploads\/2019\/11\/F0947761-3B14-4624-AB65-C5B253C835462.jpeg 750w, https:\/\/sinspeb.org.br\/wp-content\/uploads\/2019\/11\/F0947761-3B14-4624-AB65-C5B253C835462-300x296.jpeg 300w\" sizes=\"(max-width: 750px) 100vw, 750px\" \/><\/p>\n<p>O evento ser\u00e1 realizado no s\u00edtio &#8220;Recanto Sinspeb&#8221;, localizado no munic\u00edpio de Am\u00e9lia Rodrigues<\/p>\n<p>Para comemorar o Dia do Servidor Penitenci\u00e1rio, ser\u00e1 realizado  evento de confraterniza\u00e7\u00e3o na &#8220;sede social&#8221; do sindicato, o s\u00edtio &#8220;Recanto Sinspeb&#8221;, localizado no munic\u00edpio de Am\u00e9lia Rodrigues, a cerca de 90 Km da capital baiana.<\/p>\n<p>Os servidores com o objetivo de n\u00e3o deixar a &#8220;data passar em branco&#8221;, tomaram a iniciativa de realizar a confraterniza\u00e7\u00e3o mediante contribui\u00e7\u00e3o individual no valor de R$60,00 que inclui o  deslocamento de ida e volta, al\u00e9m de bebidas e iguarias como  churrasco, feijoada e  frango caipira. O \u00f4nibus ir\u00e1 sair \u00e0s  8h, do Complexo Penitenci\u00e1rio Salvador, situado no bairro da Mata Escura. Como haver\u00e1 apenas um \u00f4nibus, solicitamos o comparecimento no local com anteced\u00eancia de 15 minutos.<\/p>\n<p>O s\u00edtio &#8221; Recanto Sinspeb&#8221; \u00e9 um local que possui um pomar com diversas \u00e1rvores frut\u00edferas e ir\u00e1 proporcionar aos  servidores, familiares e amigos um momento de integra\u00e7\u00e3o, relaxamento e lazer onde v\u00e3o usufruir de banhos de piscina, campo de futebol e sinuca, tot\u00f3, baralho, domin\u00f3 disponibilizados no Sal\u00e3o de Jogos.<\/p>\n<p>O Presidente do Sinspeb, Reivon Pimentel, parabeniza os servidores pela iniciativa e destaca que,neste ano, a categoria obteve vit\u00f3rias expressivas e hist\u00f3ricas como a cria\u00e7\u00e3o da Pol\u00edcia Penal brasileira, melhorias salariais e a aquisi\u00e7\u00e3o da sede administrativa do Sindicato dos Servidores Penitenci\u00e1rios.<\/p>\n<p>&#8220;A compra da nossa sede  representa a realiza\u00e7\u00e3o de um grande sonho. Uma demanda que o sindicato h\u00e1 muitos anos vem lutando. Todos os anos o sindicato financia integralmente os custos da festa, infelizmente,  por causa da compra do im\u00f3vel, ficamos impossibilitados de patrocinarmos o evento. Os servidores est\u00e3o de parab\u00e9ns porque n\u00e3o abriram m\u00e3o de comemorar uma data que \u00e9 t\u00e3o importante \u00e0 categoria&#8221;,pontua Reivon Pimentel. <\/p>\n<p>Ascom Sinspeb<\/p>\n","protected":false},"excerpt":{"rendered":"<p>Confraterniza\u00e7\u00e3o em comemora\u00e7\u00e3o ao Dia do Servidor Penitenci\u00e1rio acontece neste domingo(24) na &#8220;sede social&#8221; do Sinspeb O evento ser\u00e1 realizado<\/p>\n","protected":false},"author":1,"featured_media":0,"comment_status":"open","ping_status":"open","sticky":false,"template":"","format":"standard","meta":{"colormag_page_container_layout":"default_layout","colormag_page_sidebar_layout":"default_layout","footnotes":""},"categories":[1],"tags":[],"class_list":["post-532","post","type-post","status-publish","format-standard","hentry","category-noticias"],"_links":{"self":[{"href":"https:\/\/sinspeb.org.br\/index.php?rest_route=\/wp\/v2\/posts\/532","targetHints":{"allow":["GET"]}}],"collection":[{"href":"https:\/\/sinspeb.org.br\/index.php?rest_route=\/wp\/v2\/posts"}],"about":[{"href":"https:\/\/sinspeb.org.br\/index.php?rest_route=\/wp\/v2\/types\/post"}],"author":[{"embeddable":true,"href":"https:\/\/sinspeb.org.br\/index.php?rest_route=\/wp\/v2\/users\/1"}],"replies":[{"embeddable":true,"href":"https:\/\/sinspeb.org.br\/index.php?rest_route=%2Fwp%2Fv2%2Fcomments&post=532"}],"version-history":[{"count":2,"href":"https:\/\/sinspeb.org.br\/index.php?rest_route=\/wp\/v2\/posts\/532\/revisions"}],"predecessor-version":[{"id":535,"href":"https:\/\/sinspeb.org.br\/index.php?rest_route=\/wp\/v2\/posts\/532\/revisions\/535"}],"wp:attachment":[{"href":"https:\/\/sinspeb.org.br\/index.php?rest_route=%2Fwp%2Fv2%2Fmedia&parent=532"}],"wp:term":[{"taxonomy":"category","embeddable":true,"href":"https:\/\/sinspeb.org.br\/index.php?rest_route=%2Fwp%2Fv2%2Fcategories&post=532"},{"taxonomy":"post_tag","embeddable":true,"href":"https:\/\/sinspeb.org.br\/index.php?rest_route=%2Fwp%2Fv2%2Ftags&post=532"}],"curies":[{"name":"wp","href":"https:\/\/api.w.org\/{rel}","templated":true}]}}