{"id":566,"date":"2019-12-03T16:53:29","date_gmt":"2019-12-03T19:53:29","guid":{"rendered":"http:\/\/sinspeb.org.br\/?p=566"},"modified":"2019-12-03T16:54:12","modified_gmt":"2019-12-03T19:54:12","slug":"congresso-nacional-promulga-pec-que-cria-a-policia-penal-brasileira-nesta-quarta-feira4","status":"publish","type":"post","link":"https:\/\/sinspeb.org.br\/?p=566","title":{"rendered":"Congresso Nacional promulga PEC que cria a Pol\u00edcia Penal brasileira nesta quarta-feira(4)"},"content":{"rendered":"<p><img fetchpriority=\"high\" decoding=\"async\" src=\"http:\/\/sinspeb.org.br\/wp-content\/uploads\/2019\/12\/IMG-20190918-WA0045-1024x768.jpg\" alt=\"\" width=\"750\" height=\"563\" class=\"aligncenter size-large wp-image-567\" srcset=\"https:\/\/sinspeb.org.br\/wp-content\/uploads\/2019\/12\/IMG-20190918-WA0045-1024x768.jpg 1024w, https:\/\/sinspeb.org.br\/wp-content\/uploads\/2019\/12\/IMG-20190918-WA0045-300x225.jpg 300w, https:\/\/sinspeb.org.br\/wp-content\/uploads\/2019\/12\/IMG-20190918-WA0045-768x576.jpg 768w, https:\/\/sinspeb.org.br\/wp-content\/uploads\/2019\/12\/IMG-20190918-WA0045.jpg 1280w\" sizes=\"(max-width: 750px) 100vw, 750px\" \/> <\/p>\n<p>O presidente do Sinspeb estar\u00e1 presente \u00e0 Sess\u00e3o Solene e destaca que a sociedade &#8220;ganha&#8221; com o retorno dos policiais militares que atuam no Sistema Prisional \u00e0s ruas<\/p>\n<p>Nesta quarta-feira(04), \u00e0s 10h, o Congresso Nacional ir\u00e1 promulgar a Emenda Constitucional 104\/2019 que cria a Pol\u00edcia Penal brasileira, uma Pol\u00edcia especializada na seguran\u00e7a dos estabelecimentos penais do pa\u00eds.<\/p>\n<p>&#8220;A Emenda Constitucional 104 que cria a Pol\u00edcia Penal, sem d\u00favida alguma, \u00e9 o maior ato pol\u00edtico em prol da Seguran\u00e7a P\u00fablica do Brasil, ap\u00f3s a Constitui\u00e7\u00e3o Federal de 1988&#8221;, pontua o presidente do SINSPEB, Reivon Pimentel.<\/p>\n<p>O Presidente do Sinspeb afirma que a Pol\u00edcia Penal trar\u00e1 benef\u00edcios em larga escala no \u00e2mbito da Seguran\u00e7a P\u00fablica \u00e0 medida em que insere o poder estatal dentro das unidades prisionais que, atualmente, s\u00e3o dominadas pelo crime organizado. <\/p>\n<p>&#8220;Possibilitar\u00e1 o enfrentamento ininterrupto \u00e0s organiza\u00e7\u00f5es criminosas, evitando a expans\u00e3o das mesmas, impedindo a coopta\u00e7\u00e3o de novos membros, possibilitando reais medidas de reabilita\u00e7\u00e3o e garantindo, sobretudo, a fiel execu\u00e7\u00e3o das san\u00e7\u00f5es penais ordenadas pelo judici\u00e1rio. Facilitar\u00e1  a fiscaliza\u00e7\u00e3o das medidas cautelares diversas da pris\u00e3o, a exemplo das pessoas submetidas ao uso das tornozeleiras eletr\u00f4nicas, que hoje s\u00e3o vistas zombando do poder p\u00fablico, cometendo crimes mesmo utilizando o equipamento&#8221;, frisa Reivon Pimentel.<\/p>\n<p><img decoding=\"async\" src=\"http:\/\/sinspeb.org.br\/wp-content\/uploads\/2019\/12\/download.jpeg\" alt=\"\" width=\"276\" height=\"183\" class=\"aligncenter size-full wp-image-570\" \/><\/p>\n<p>Representantes dos 24 sindicatos filiados \u00e0  Federa\u00e7\u00e3o Nacional Sindical dos Servidores Penitenci\u00e1rios(Fenaspen) estar\u00e3o presentes \u00e0 solenidade. O Presidente do Sinspeb, Reivon Pimentel, que ir\u00e1 representar o Sinspeb- Bahia na Sess\u00e3o Solene,  comemora a  promulga\u00e7\u00e3o da PEC e afirma que, a partir desta quarta(4), os Agentes Penitenci\u00e1rios ter\u00e3o reconhecimento constitucional.<\/p>\n<p> Segundo o sindicalista, a PEC  representa a consagra\u00e7\u00e3o de um trabalho de duas  d\u00e9cadas que envolveu servidores, parlamentares e \u00f3rg\u00e3os p\u00fablicos. &#8220;Com esse respaldo legal, n\u00f3s assumiremos todas as atividades no \u00e2mbito do Sistema Prisional, a seguran\u00e7a interna dos pres\u00eddios, a vigil\u00e2ncia perimetral, a escolta e cust\u00f3dia dos presos, a busca e recaptura dos presidi\u00e1rios&#8221;, pontua o presidente do Sinspeb, Reivon Pimentel.<\/p>\n<p>O presidente do Sindicato dos Servidores Penitenci\u00e1rios(Sinspeb) destaca que a sociedade ser\u00e1 beneficiada com a promulga\u00e7\u00e3o da PEC. &#8220;Todos os policiais militares que hoje atuam no Sistema Prisional do Estado da Bahia retornar\u00e3o \u00e0s ruas para poderem cumprir, fielmente, o seu dever constitucional que consiste no policiamento ostensivo e na manuten\u00e7\u00e3o da ordem p\u00fablica. O sistema prisional ficar\u00e1 sob a responsabilidade exclusiva dos policiais penais&#8221;, pontua.<\/p>\n<p>Ascom Sinspeb<\/p>\n","protected":false},"excerpt":{"rendered":"<p>O presidente do Sinspeb estar\u00e1 presente \u00e0 Sess\u00e3o Solene e destaca que a sociedade &#8220;ganha&#8221; com o retorno dos policiais<\/p>\n","protected":false},"author":1,"featured_media":0,"comment_status":"open","ping_status":"open","sticky":false,"template":"","format":"standard","meta":{"colormag_page_container_layout":"default_layout","colormag_page_sidebar_layout":"default_layout","footnotes":""},"categories":[1],"tags":[],"class_list":["post-566","post","type-post","status-publish","format-standard","hentry","category-noticias"],"_links":{"self":[{"href":"https:\/\/sinspeb.org.br\/index.php?rest_route=\/wp\/v2\/posts\/566","targetHints":{"allow":["GET"]}}],"collection":[{"href":"https:\/\/sinspeb.org.br\/index.php?rest_route=\/wp\/v2\/posts"}],"about":[{"href":"https:\/\/sinspeb.org.br\/index.php?rest_route=\/wp\/v2\/types\/post"}],"author":[{"embeddable":true,"href":"https:\/\/sinspeb.org.br\/index.php?rest_route=\/wp\/v2\/users\/1"}],"replies":[{"embeddable":true,"href":"https:\/\/sinspeb.org.br\/index.php?rest_route=%2Fwp%2Fv2%2Fcomments&post=566"}],"version-history":[{"count":3,"href":"https:\/\/sinspeb.org.br\/index.php?rest_route=\/wp\/v2\/posts\/566\/revisions"}],"predecessor-version":[{"id":571,"href":"https:\/\/sinspeb.org.br\/index.php?rest_route=\/wp\/v2\/posts\/566\/revisions\/571"}],"wp:attachment":[{"href":"https:\/\/sinspeb.org.br\/index.php?rest_route=%2Fwp%2Fv2%2Fmedia&parent=566"}],"wp:term":[{"taxonomy":"category","embeddable":true,"href":"https:\/\/sinspeb.org.br\/index.php?rest_route=%2Fwp%2Fv2%2Fcategories&post=566"},{"taxonomy":"post_tag","embeddable":true,"href":"https:\/\/sinspeb.org.br\/index.php?rest_route=%2Fwp%2Fv2%2Ftags&post=566"}],"curies":[{"name":"wp","href":"https:\/\/api.w.org\/{rel}","templated":true}]}}