{"id":572,"date":"2019-12-04T20:02:36","date_gmt":"2019-12-04T23:02:36","guid":{"rendered":"http:\/\/sinspeb.org.br\/?p=572"},"modified":"2019-12-04T20:13:17","modified_gmt":"2019-12-04T23:13:17","slug":"servidores-penitenciarios-comemoram-a-promulgacao-da-emenda-constitucional-que-cria-a-policia-penal-brasileira","status":"publish","type":"post","link":"https:\/\/sinspeb.org.br\/?p=572","title":{"rendered":"Servidores Penitenci\u00e1rios comemoram a promulga\u00e7\u00e3o da Emenda Constitucional que cria a Pol\u00edcia Penal brasileira"},"content":{"rendered":"<p><img fetchpriority=\"high\" decoding=\"async\" src=\"http:\/\/sinspeb.org.br\/wp-content\/uploads\/2019\/12\/IMG-20191204-WA0029-768x1024.jpg\" alt=\"\" width=\"750\" height=\"1000\" class=\"aligncenter size-large wp-image-573\" srcset=\"https:\/\/sinspeb.org.br\/wp-content\/uploads\/2019\/12\/IMG-20191204-WA0029.jpg 768w, https:\/\/sinspeb.org.br\/wp-content\/uploads\/2019\/12\/IMG-20191204-WA0029-225x300.jpg 225w\" sizes=\"(max-width: 750px) 100vw, 750px\" \/>Com a promulga\u00e7\u00e3o da PEC 104\/2019, os cerca de 1.500 policiais militares que atuam no Sistema Prisional da Bahia estar\u00e3o dispon\u00edveis para refor\u00e7ar o policiamento ostensivo nas ruas do Estado<\/p>\n<p>Dirigintes de sindicatos filiados \u00e0 Federa\u00e7\u00e3o Nacional dos Servidores Penitenci\u00e1rios  (Fenaspen) de todos os Estados do pa\u00eds sa\u00edram em caravana rumo \u00e0 Bras\u00edlia para acompanhar a Sess\u00e3o Solene que promulgou a Emenda Constitucional 104\/2019 que cria a Pol\u00edcia Penal do Brasil, no Congresso Nacional, na manh\u00e3 desta quarta-feira(4). <\/p>\n<p>O Vice-presidente do Sindicato dos Servidores Penitenci\u00e1rios( Sinspeb), Fernando Fernandes, salienta que a Pol\u00edcia Penal representa a inser\u00e7\u00e3o do poder estatal dentro dos estabelecimentos penais. O sindicalista ressalta que a Pol\u00edcia Militar possui uma atua\u00e7\u00e3o limitada e se restringe a fazer a seguran\u00e7a externa e a escolta dos presos. &#8220;Essa limita\u00e7\u00e3o da PM  favorecia o crescimento de organiza\u00e7\u00f5es criminosas no interior dos estabelecimentos penais. Afinal de contas, n\u00e3o \u00e9 atribui\u00e7\u00e3o da PM fazer esse tipo de trabalho e, ao mesmo tempo, os Agentes Penitenci\u00e1rios tamb\u00e9m n\u00e3o tinham respaldo legal e nem estrutural para poderem  fazer o enfrentamento adequado. Agora, com a promulga\u00e7\u00e3o da Emenda Constitucional 104\/19, os 1.500 PMs que est\u00e3o em situa\u00e7\u00e3o de desvio de fun\u00e7\u00e3o, ir\u00e3o poder voltar \u00e0s ruas e trabalhar cumprindo com suas atribui\u00e7\u00f5es constitucionais&#8221;, esclarece o sindicalista.<\/p>\n<p>Para o dirigente sindical do Sinspeb, Fernando Fernandes, a promulga\u00e7\u00e3o da Emenda Constitucional 104\/2019 representa o maior ato pol\u00edtico em prol da Seguran\u00e7a P\u00fablica do pa\u00eds ap\u00f3s a Constitui\u00e7\u00e3o de 1988. Segundo ele, n\u00e3o  existia um marco norteador e o Sistema Prisional acabava ficando \u00e0 merc\u00ea de interesses particulares e de grupos pol\u00edticos  partid\u00e1rios.  &#8220;Na Constitui\u00e7\u00e3o de 1988 o Sistema Prisional n\u00e3o foi considerado como servi\u00e7o p\u00fablico de car\u00e1ter permanente e essencial. Em decorr\u00eancia disso, n\u00f3s t\u00ednhamos v\u00e1rios tipos de gest\u00f5es, v\u00ednculos, terceirizados, cargos comissionados, redas, uma verdadeira salada mista. Com o nascimento da Pol\u00edcia Penal, vamos ter um car\u00e1ter mais t\u00e9cnico e uniforme, haja vista que o ingresso na Policia Penal se dar\u00e1,exclusivamente, atrav\u00e9s de Concurso P\u00fablico, al\u00e9m da transforma\u00e7\u00e3o dos cargos efetivos dos atuais Agentes Penitenci\u00e1rios&#8221;. <\/p>\n<p><img decoding=\"async\" src=\"http:\/\/sinspeb.org.br\/wp-content\/uploads\/2019\/12\/IMG-20191204-WA0034-1024x768.jpg\" alt=\"\" width=\"750\" height=\"563\" class=\"aligncenter size-large wp-image-579\" srcset=\"https:\/\/sinspeb.org.br\/wp-content\/uploads\/2019\/12\/IMG-20191204-WA0034-1024x768.jpg 1024w, https:\/\/sinspeb.org.br\/wp-content\/uploads\/2019\/12\/IMG-20191204-WA0034-300x225.jpg 300w, https:\/\/sinspeb.org.br\/wp-content\/uploads\/2019\/12\/IMG-20191204-WA0034-768x576.jpg 768w, https:\/\/sinspeb.org.br\/wp-content\/uploads\/2019\/12\/IMG-20191204-WA0034.jpg 1600w\" sizes=\"(max-width: 750px) 100vw, 750px\" \/>Fernando Fernandes conclui que  a Pol\u00edcia Penal possibilitar\u00e1 o real cerceamento de liberdade dos indiv\u00edduos presos, dando maior efic\u00e1cia \u00e0s decis\u00f5es judiciais, al\u00e9m da realiza\u00e7\u00e3o de toda seguran\u00e7a dos estabelecimentos penais, escolta de presos, fiscaliza\u00e7\u00e3o das penas alternativas, como a monitora\u00e7\u00e3o eletr\u00f4nica por meio das tornozeleiras, al\u00e9m do fortalecimento do servi\u00e7o de Intelig\u00eancia Penal.<\/p>\n<p><img decoding=\"async\" src=\"http:\/\/sinspeb.org.br\/wp-content\/uploads\/2019\/12\/IMG-20191204-WA0027-1024x769.jpg\" alt=\"\" width=\"750\" height=\"563\" class=\"aligncenter size-large wp-image-574\" srcset=\"https:\/\/sinspeb.org.br\/wp-content\/uploads\/2019\/12\/IMG-20191204-WA0027.jpg 1024w, https:\/\/sinspeb.org.br\/wp-content\/uploads\/2019\/12\/IMG-20191204-WA0027-300x225.jpg 300w, https:\/\/sinspeb.org.br\/wp-content\/uploads\/2019\/12\/IMG-20191204-WA0027-768x577.jpg 768w\" sizes=\"(max-width: 750px) 100vw, 750px\" \/><\/p>\n<p>O presidente do Sindicato dos Servidores Penitenci\u00e1rios(Sinspeb),Reivon Pimentel,  acompanhou a Sess\u00e3o Solene no Congresso Nacional ao lado de representantes dos 24  sindicatos filiados \u00e0 Fenaspen  de todo o Brasil e destacou que a promulga\u00e7\u00e3o da Emenda Constitucional 104\/2019 \u00e9 uma data hist\u00f3rica, um &#8220;divisor de \u00e1guas&#8221; de extrema import\u00e2ncia \u00e0 categoria e \u00e0 sociedade brasileira. &#8221; \u00c9 uma grande honra poder viver esse momento.Fico muito lisonjeado em ter  participado de um projeto de luta que culminou com a cria\u00e7\u00e3o da Pol\u00edcia Penal&#8221;, declara.<\/p>\n<p>Pimentel ressalta que o presidente da Federa\u00e7\u00e3o Nacional Sindical Dos Servidores Penitenci\u00e1rios (Fenaspen), Fernando Anuncia\u00e7\u00e3o, foi o &#8220;maestro&#8221;, o idealizador da Pol\u00edcia Penal brasileira. &#8220;Ao longo desses anos, Fernando se mostrou um grande l\u00edder e se n\u00e3o fosse a lideran\u00e7a dele hoje a categoria n\u00e3o estaria comemorando a cria\u00e7\u00e3o da Pol\u00edcia Penal&#8221;, pontuou o dirigente sindical, que, na oportunidade, agradeceu o apoio de todos os parlamentares brasileiros pelo apoio e aprova\u00e7\u00e3o da Emenda Constitucional. &#8220;Agradecemos, indistintamente, a todos os congressistas, em especial, aos parlamentares baianos que estiveram junto conosco nesta batalha vitoriosa&#8221;, comemora o presidente do Sindicato dos Servidores Penitenci\u00e1rios, Reivon Pimentel.<\/p>\n<p><img loading=\"lazy\" decoding=\"async\" src=\"http:\/\/sinspeb.org.br\/wp-content\/uploads\/2019\/12\/IMG-20191204-WA0030-768x1024.jpg\" alt=\"\" width=\"750\" height=\"1000\" class=\"aligncenter size-large wp-image-575\" srcset=\"https:\/\/sinspeb.org.br\/wp-content\/uploads\/2019\/12\/IMG-20191204-WA0030.jpg 768w, https:\/\/sinspeb.org.br\/wp-content\/uploads\/2019\/12\/IMG-20191204-WA0030-225x300.jpg 225w\" sizes=\"(max-width: 750px) 100vw, 750px\" \/><\/p>\n<p>Ascom Sinspeb<\/p>\n","protected":false},"excerpt":{"rendered":"<p>Com a promulga\u00e7\u00e3o da PEC 104\/2019, os cerca de 1.500 policiais militares que atuam no Sistema Prisional da Bahia estar\u00e3o<\/p>\n","protected":false},"author":1,"featured_media":581,"comment_status":"open","ping_status":"open","sticky":false,"template":"","format":"standard","meta":{"colormag_page_container_layout":"default_layout","colormag_page_sidebar_layout":"default_layout","footnotes":""},"categories":[1],"tags":[9,10],"class_list":["post-572","post","type-post","status-publish","format-standard","has-post-thumbnail","hentry","category-noticias","tag-policia-penal","tag-seguranca-publica"],"_links":{"self":[{"href":"https:\/\/sinspeb.org.br\/index.php?rest_route=\/wp\/v2\/posts\/572","targetHints":{"allow":["GET"]}}],"collection":[{"href":"https:\/\/sinspeb.org.br\/index.php?rest_route=\/wp\/v2\/posts"}],"about":[{"href":"https:\/\/sinspeb.org.br\/index.php?rest_route=\/wp\/v2\/types\/post"}],"author":[{"embeddable":true,"href":"https:\/\/sinspeb.org.br\/index.php?rest_route=\/wp\/v2\/users\/1"}],"replies":[{"embeddable":true,"href":"https:\/\/sinspeb.org.br\/index.php?rest_route=%2Fwp%2Fv2%2Fcomments&post=572"}],"version-history":[{"count":4,"href":"https:\/\/sinspeb.org.br\/index.php?rest_route=\/wp\/v2\/posts\/572\/revisions"}],"predecessor-version":[{"id":578,"href":"https:\/\/sinspeb.org.br\/index.php?rest_route=\/wp\/v2\/posts\/572\/revisions\/578"}],"wp:featuredmedia":[{"embeddable":true,"href":"https:\/\/sinspeb.org.br\/index.php?rest_route=\/wp\/v2\/media\/581"}],"wp:attachment":[{"href":"https:\/\/sinspeb.org.br\/index.php?rest_route=%2Fwp%2Fv2%2Fmedia&parent=572"}],"wp:term":[{"taxonomy":"category","embeddable":true,"href":"https:\/\/sinspeb.org.br\/index.php?rest_route=%2Fwp%2Fv2%2Fcategories&post=572"},{"taxonomy":"post_tag","embeddable":true,"href":"https:\/\/sinspeb.org.br\/index.php?rest_route=%2Fwp%2Fv2%2Ftags&post=572"}],"curies":[{"name":"wp","href":"https:\/\/api.w.org\/{rel}","templated":true}]}}