{"id":601,"date":"2019-12-05T15:42:18","date_gmt":"2019-12-05T18:42:18","guid":{"rendered":"http:\/\/sinspeb.org.br\/?p=601"},"modified":"2019-12-05T15:42:18","modified_gmt":"2019-12-05T18:42:18","slug":"em-audiencia-publica-no-mpt-dirigente-do-sinspeb-denuncia-que-os-servidores-sao-alvos-recorrentes-de-perseguicoes-da-maquina-publica","status":"publish","type":"post","link":"https:\/\/sinspeb.org.br\/?p=601","title":{"rendered":"Em Audi\u00eancia P\u00fablica no MPT, dirigente do Sinspeb denuncia que os servidores s\u00e3o alvos recorrentes de persegui\u00e7\u00f5es da \u201cm\u00e1quina p\u00fablica\u201d"},"content":{"rendered":"<p>Para o representante do Sindicato dos Servidores Penitenci\u00e1rios, os trabalhadores sofrem retalia\u00e7\u00f5es dos \u00f3rg\u00e3os p\u00fablicos ao exercerem o direito \u00e0 greve e \u00e0 milit\u00e2ncia sindical<\/p>\n<p>Durante Audi\u00eancia P\u00fablica promovida pelo Minist\u00e9rio P\u00fablico do Trabalho(MPT) em parceria com o Sindicato dos Servidores Municipais de Salvador, na tarde desta quarta-feira(4), que discorreu sobre a \u201cGreve no Servi\u00e7o P\u00fablico\u201d, o coordenador jur\u00eddico do Sinspeb,Ramon Carvalhal, denunciou as recorrentes persegui\u00e7\u00f5es que sofrem os servidores p\u00fablicos devido \u00e0 milit\u00e2ncia sindical que exercem.<\/p>\n<p><img fetchpriority=\"high\" decoding=\"async\" src=\"http:\/\/sinspeb.org.br\/wp-content\/uploads\/2019\/12\/IMG-20191204-WA0024-2-768x1024.jpg\" alt=\"\" width=\"750\" height=\"1000\" class=\"aligncenter size-large wp-image-602\" srcset=\"https:\/\/sinspeb.org.br\/wp-content\/uploads\/2019\/12\/IMG-20191204-WA0024-2-768x1024.jpg 768w, https:\/\/sinspeb.org.br\/wp-content\/uploads\/2019\/12\/IMG-20191204-WA0024-2-225x300.jpg 225w, https:\/\/sinspeb.org.br\/wp-content\/uploads\/2019\/12\/IMG-20191204-WA0024-2.jpg 780w\" sizes=\"(max-width: 750px) 100vw, 750px\" \/><\/p>\n<p>Para o representante do Sindicato dos Servidores Penitenci\u00e1rios, tanto os dirigentes dos sindicatos como os membros da \u201cbase\u201d, s\u00e3o alvos das retalia\u00e7\u00f5es perpetradas pelas gest\u00f5es Municipais, Governo do Estado e Governo Federal. \u201cA deflagra\u00e7\u00e3o da greve ocorre por conta da pr\u00f3pria gest\u00e3o p\u00fablica que n\u00e3o faz reposi\u00e7\u00e3o salarial e que n\u00e3o promove medidas de dignidade do servi\u00e7o. Ent\u00e3o, para o trabalhador a forma que ele tem de protestar e de chamar o poder p\u00fablico para negocia\u00e7\u00e3o \u00e9 atrav\u00e9s das greves e das opera\u00e7\u00f5es- padr\u00e3o e, quando isso acontece, o trabalhador \u00e9 retaliado\u201d, ressaltou o Policial Penal Ramon Carvalhal.<\/p>\n<p>O sindicalista salientou que os servidores s\u00e3o utilizados pela administra\u00e7\u00e3o como \u201cpropagandas\u201d, \u201cmarketing \u201d da administra\u00e7\u00e3o p\u00fablica mas, na contram\u00e3o, as esferas governamentais negam aos servidores o direito a um sal\u00e1rio digno e uma melhor qualidade de vida\u201d, protestou o coordenador jur\u00eddico do Sinspeb, Ramon Carvalhal,que, na ocasi\u00e3o, representou o presidente do Sindicato dos Servidores Penitenci\u00e1rios, Reivon Pimentel,o qual encontrava-se em Bras\u00edlia para acompanhar a Sess\u00e3o Solene que promulgou a PEC 104\/2019 que cria Pol\u00edcia Penal brasileira.<\/p>\n<p>Ascom Sinspeb<\/p>\n","protected":false},"excerpt":{"rendered":"<p>Para o representante do Sindicato dos Servidores Penitenci\u00e1rios, os trabalhadores sofrem retalia\u00e7\u00f5es dos \u00f3rg\u00e3os p\u00fablicos ao exercerem o direito \u00e0<\/p>\n","protected":false},"author":1,"featured_media":602,"comment_status":"open","ping_status":"open","sticky":false,"template":"","format":"standard","meta":{"colormag_page_container_layout":"default_layout","colormag_page_sidebar_layout":"default_layout","footnotes":""},"categories":[1],"tags":[12,10],"class_list":["post-601","post","type-post","status-publish","format-standard","has-post-thumbnail","hentry","category-noticias","tag-perseguicao","tag-seguranca-publica"],"_links":{"self":[{"href":"https:\/\/sinspeb.org.br\/index.php?rest_route=\/wp\/v2\/posts\/601","targetHints":{"allow":["GET"]}}],"collection":[{"href":"https:\/\/sinspeb.org.br\/index.php?rest_route=\/wp\/v2\/posts"}],"about":[{"href":"https:\/\/sinspeb.org.br\/index.php?rest_route=\/wp\/v2\/types\/post"}],"author":[{"embeddable":true,"href":"https:\/\/sinspeb.org.br\/index.php?rest_route=\/wp\/v2\/users\/1"}],"replies":[{"embeddable":true,"href":"https:\/\/sinspeb.org.br\/index.php?rest_route=%2Fwp%2Fv2%2Fcomments&post=601"}],"version-history":[{"count":2,"href":"https:\/\/sinspeb.org.br\/index.php?rest_route=\/wp\/v2\/posts\/601\/revisions"}],"predecessor-version":[{"id":604,"href":"https:\/\/sinspeb.org.br\/index.php?rest_route=\/wp\/v2\/posts\/601\/revisions\/604"}],"wp:featuredmedia":[{"embeddable":true,"href":"https:\/\/sinspeb.org.br\/index.php?rest_route=\/wp\/v2\/media\/602"}],"wp:attachment":[{"href":"https:\/\/sinspeb.org.br\/index.php?rest_route=%2Fwp%2Fv2%2Fmedia&parent=601"}],"wp:term":[{"taxonomy":"category","embeddable":true,"href":"https:\/\/sinspeb.org.br\/index.php?rest_route=%2Fwp%2Fv2%2Fcategories&post=601"},{"taxonomy":"post_tag","embeddable":true,"href":"https:\/\/sinspeb.org.br\/index.php?rest_route=%2Fwp%2Fv2%2Ftags&post=601"}],"curies":[{"name":"wp","href":"https:\/\/api.w.org\/{rel}","templated":true}]}}