{"id":605,"date":"2019-12-06T14:38:38","date_gmt":"2019-12-06T17:38:38","guid":{"rendered":"http:\/\/sinspeb.org.br\/?p=605"},"modified":"2019-12-06T14:45:02","modified_gmt":"2019-12-06T17:45:02","slug":"sindicatos-filiados-a-fenaspen-discutem-regulamentacao-da-policia-penal-federal","status":"publish","type":"post","link":"https:\/\/sinspeb.org.br\/?p=605","title":{"rendered":"Sindicatos filiados \u00e0 Fenaspen discutem regulamenta\u00e7\u00e3o da Pol\u00edcia Penal Federal"},"content":{"rendered":"<p>O Grupo de Trabalho se reuniu no Depen e contou com a participa\u00e7\u00e3o de lideran\u00e7as sindicais de diversos Estados do pa\u00eds<\/p>\n<p><img fetchpriority=\"high\" decoding=\"async\" src=\"http:\/\/sinspeb.org.br\/wp-content\/uploads\/2019\/12\/IMG-20191205-WA0030-1024x768.jpg\" alt=\"\" width=\"750\" height=\"563\" class=\"aligncenter size-large wp-image-606\" srcset=\"https:\/\/sinspeb.org.br\/wp-content\/uploads\/2019\/12\/IMG-20191205-WA0030-1024x768.jpg 1024w, https:\/\/sinspeb.org.br\/wp-content\/uploads\/2019\/12\/IMG-20191205-WA0030-300x225.jpg 300w, https:\/\/sinspeb.org.br\/wp-content\/uploads\/2019\/12\/IMG-20191205-WA0030-768x576.jpg 768w, https:\/\/sinspeb.org.br\/wp-content\/uploads\/2019\/12\/IMG-20191205-WA0030.jpg 1280w\" sizes=\"(max-width: 750px) 100vw, 750px\" \/><\/p>\n<p>Representantes da Fenaspen de diversos Estados brasileiros se reuniram, nesta quinta-feira( 5), no Departamento Penitenci\u00e1rio Nacional (Depen), com o Grupo de Trabalho destinado a elaborar uma Minuta do Projeto de Lei que visa regulamentar a Pol\u00edcia Penal Federal.<\/p>\n<p>Na ocasi\u00e3o, lideran\u00e7as sindicais pautaram necessidades  regionais dos Servidores Penitenci\u00e1rios como, por exemplo, a necessidade de padroniza\u00e7\u00e3o dos s\u00edmbolos e das credenciais. Os representantes da Fenaspen criticaram projeto da Pol\u00edcia Militar da Bahia que traz como compet\u00eancias do<br \/>\nBatalh\u00e3o de Guarda as atribui\u00e7\u00f5es de coordenar,  planejar e executar a atividade de seguran\u00e7a no \u00e2mbito do Sistema Prisional, al\u00e9m da escolta e  cust\u00f3dia dos presos, conforme Art. 42 da Lei 13.201\/2014. &#8220;Essa Lei, no nosso entendimento, \u00e9 inconstitucional porque extrapola as compet\u00eancias da Pol\u00edcia Militar&#8221;, protesta o presidente do Sinspeb, Reivon Pimentel.<\/p>\n<p><img decoding=\"async\" src=\"http:\/\/sinspeb.org.br\/wp-content\/uploads\/2019\/12\/IMG-20191205-WA0011-1024x768.jpg\" alt=\"\" width=\"750\" height=\"563\" class=\"aligncenter size-large wp-image-609\" srcset=\"https:\/\/sinspeb.org.br\/wp-content\/uploads\/2019\/12\/IMG-20191205-WA0011-1024x768.jpg 1024w, https:\/\/sinspeb.org.br\/wp-content\/uploads\/2019\/12\/IMG-20191205-WA0011-300x225.jpg 300w, https:\/\/sinspeb.org.br\/wp-content\/uploads\/2019\/12\/IMG-20191205-WA0011-768x576.jpg 768w, https:\/\/sinspeb.org.br\/wp-content\/uploads\/2019\/12\/IMG-20191205-WA0011.jpg 1280w\" sizes=\"(max-width: 750px) 100vw, 750px\" \/><\/p>\n<p><img decoding=\"async\" src=\"http:\/\/sinspeb.org.br\/wp-content\/uploads\/2019\/12\/IMG-20191205-WA0033-1024x768.jpg\" alt=\"\" width=\"750\" height=\"563\" class=\"aligncenter size-large wp-image-607\" srcset=\"https:\/\/sinspeb.org.br\/wp-content\/uploads\/2019\/12\/IMG-20191205-WA0033-1024x768.jpg 1024w, https:\/\/sinspeb.org.br\/wp-content\/uploads\/2019\/12\/IMG-20191205-WA0033-300x225.jpg 300w, https:\/\/sinspeb.org.br\/wp-content\/uploads\/2019\/12\/IMG-20191205-WA0033-768x576.jpg 768w, https:\/\/sinspeb.org.br\/wp-content\/uploads\/2019\/12\/IMG-20191205-WA0033.jpg 1280w\" sizes=\"(max-width: 750px) 100vw, 750px\" \/><\/p>\n<p>Pimentel salienta a import\u00e2ncia da presen\u00e7a dos sindicatos filiados \u00e0 Fenaspen nas reuni\u00f5es e atividades do Grupo de Trabalho que \u00e9 coordenado pelo Policial Penal federal Diego Mantovaneli.<\/p>\n<p>&#8220;Quando  tomamos conhecimento da publica\u00e7\u00e3o da Portaria, n\u00f3s entramos em contato com Fernando Anuncia\u00e7\u00e3o que, de imediato, solicitou a presen\u00e7a de representantes da Fenaspen de todas as regi\u00f5es do pa\u00eds no Grupo de Trabalho, pois a Lei Federal vai servir de espelho para os Estados. A reuni\u00e3o foi bastante produtiva e precisamos sempre msrcag presen\u00e7a&#8221;, pontua o presidente do Sinspeb, Reivon Pimentel. O presidente do Sindicato dos Policiais Federais no Distrito Federal,Bruno Rocha,participou da reuni\u00e3o.  <\/p>\n<p>Ascom Sinspeb<\/p>\n","protected":false},"excerpt":{"rendered":"<p>O Grupo de Trabalho se reuniu no Depen e contou com a participa\u00e7\u00e3o de lideran\u00e7as sindicais de diversos Estados do<\/p>\n","protected":false},"author":1,"featured_media":607,"comment_status":"open","ping_status":"open","sticky":false,"template":"","format":"standard","meta":{"colormag_page_container_layout":"default_layout","colormag_page_sidebar_layout":"default_layout","footnotes":""},"categories":[1],"tags":[14,10],"class_list":["post-605","post","type-post","status-publish","format-standard","has-post-thumbnail","hentry","category-noticias","tag-policiais-penais","tag-seguranca-publica"],"_links":{"self":[{"href":"https:\/\/sinspeb.org.br\/index.php?rest_route=\/wp\/v2\/posts\/605","targetHints":{"allow":["GET"]}}],"collection":[{"href":"https:\/\/sinspeb.org.br\/index.php?rest_route=\/wp\/v2\/posts"}],"about":[{"href":"https:\/\/sinspeb.org.br\/index.php?rest_route=\/wp\/v2\/types\/post"}],"author":[{"embeddable":true,"href":"https:\/\/sinspeb.org.br\/index.php?rest_route=\/wp\/v2\/users\/1"}],"replies":[{"embeddable":true,"href":"https:\/\/sinspeb.org.br\/index.php?rest_route=%2Fwp%2Fv2%2Fcomments&post=605"}],"version-history":[{"count":5,"href":"https:\/\/sinspeb.org.br\/index.php?rest_route=\/wp\/v2\/posts\/605\/revisions"}],"predecessor-version":[{"id":611,"href":"https:\/\/sinspeb.org.br\/index.php?rest_route=\/wp\/v2\/posts\/605\/revisions\/611"}],"wp:featuredmedia":[{"embeddable":true,"href":"https:\/\/sinspeb.org.br\/index.php?rest_route=\/wp\/v2\/media\/607"}],"wp:attachment":[{"href":"https:\/\/sinspeb.org.br\/index.php?rest_route=%2Fwp%2Fv2%2Fmedia&parent=605"}],"wp:term":[{"taxonomy":"category","embeddable":true,"href":"https:\/\/sinspeb.org.br\/index.php?rest_route=%2Fwp%2Fv2%2Fcategories&post=605"},{"taxonomy":"post_tag","embeddable":true,"href":"https:\/\/sinspeb.org.br\/index.php?rest_route=%2Fwp%2Fv2%2Ftags&post=605"}],"curies":[{"name":"wp","href":"https:\/\/api.w.org\/{rel}","templated":true}]}}