{"id":616,"date":"2019-12-07T14:05:06","date_gmt":"2019-12-07T17:05:06","guid":{"rendered":"http:\/\/sinspeb.org.br\/?p=616"},"modified":"2019-12-07T14:05:06","modified_gmt":"2019-12-07T17:05:06","slug":"sede-administrativa-a-mais-importante-aquisicao-patrimonial-da-historia-da-nossa-entidade","status":"publish","type":"post","link":"https:\/\/sinspeb.org.br\/?p=616","title":{"rendered":"Sede Administrativa: A mais importante aquisi\u00e7\u00e3o patrimonial da hist\u00f3ria da nossa Entidade"},"content":{"rendered":"<p>Sede Administrativa: A mais importante aquisi\u00e7\u00e3o patrimonial da hist\u00f3ria da nossa Entidade<\/p>\n<p>O Presidente do Sindicato dos Servidores Penitenci\u00e1rio do Estado da Bahia (SINSPEB), Reivon Pimentel, vem comunicar aos seus associados que acaba de fazer um importante investimento para a entidade, um anseio de muitos anos, a aquisi\u00e7\u00e3o da nossa t\u00e3o sonhada Sede Administrativa.<\/p>\n<p>A mais importante aquisi\u00e7\u00e3o patrimonial da hist\u00f3ria da nossa Entidade \u00e9 uma sala no 5\u00ba (quinto) andar do Edif\u00edcio Luc\u00edlio Cobas, situado a Rua Fernando Menezes de G\u00f3es, n\u00ba 397, Pituba, desta capital, com 63,49m\u00b2 de \u00e1rea total, sendo 41m\u00b2 de \u00e1rea privativa e uma vaga de garagem.<\/p>\n<p>A compra da sede administrativa foi feita em excelentes condi\u00e7\u00f5es de pre\u00e7o, face ao atual cen\u00e1rio do mercado imobili\u00e1rio, e impacta favoravelmente o Balan\u00e7o Patrimonial do SINSPEB ao substituir o capital em esp\u00e9cie por patrim\u00f4nio imobili\u00e1rio. O pre\u00e7o de aquisi\u00e7\u00e3o do im\u00f3vel ser\u00e1 pago em 02 (duas) parcelas no valor de R$ 8.250,00, 07 (sete) parcelas no valor de R$ 6.000,00 (seis mil reais), mais 03 (tr\u00eas) parcelas no valor de R$ 10.500,00 (dez mil e quinhentos reais), perfazendo o montante de R$ 90.00,00 (noventa mil reais).<\/p>\n<p>A Gest\u00e3o Uni\u00e3o, For\u00e7a e Conquistas (UFC) entende que a corajosa decis\u00e3o de aquisi\u00e7\u00e3o da sede pr\u00f3pria, neste momento, representa uma justa e consciente aplica\u00e7\u00e3o de parte dos recursos da Entidade. &#8220;A compra da nossa sede representa a realiza\u00e7\u00e3o de um grande sonho e um passo importante para a entidade. Uma demanda que o sindicato h\u00e1 muitos anos vinha lutando, torna-se realidade. O momento \u00e9 de celebra\u00e7\u00e3o para os Servidores Penitenci\u00e1rios\u201d, pontua Reivon Pimentel.<\/p>\n<p>&#8220;Em um momento de franco ataque \u00e0s entidades sindicais, a gest\u00e3o UFC tem demonstrado que quando a categoria escolhe bem os seus representantes, o trabalho se desenvolve e as conquistas v\u00eam naturalmente. Em tempos que os sindicatos tem fechado as portas, o SINSPEB avan\u00e7a ampliando seu patrim\u00f4nio, sem descuidar do que \u00e9 mais importante: os direitos e o bem estar dos Servidores Penitenci\u00e1rios do Estado da Bahia. Muita j\u00e1 conquistamos e muitos mais conquistaremos!&#8221;, pontua Fernando Fernandes.<\/p>\n<div style=\"width: 640px;\" class=\"wp-video\"><!--[if lt IE 9]><script>document.createElement('video');<\/script><![endif]-->\n<video class=\"wp-video-shortcode\" id=\"video-616-1\" width=\"640\" height=\"352\" preload=\"metadata\" controls=\"controls\"><source type=\"video\/mp4\" src=\"http:\/\/sinspeb.org.br\/wp-content\/uploads\/2019\/12\/VID-20191119-WA0026.mp4?_=1\" \/><a href=\"http:\/\/sinspeb.org.br\/wp-content\/uploads\/2019\/12\/VID-20191119-WA0026.mp4\">http:\/\/sinspeb.org.br\/wp-content\/uploads\/2019\/12\/VID-20191119-WA0026.mp4<\/a><\/video><\/div>\n<p><a href=\"http:\/\/sinspeb.org.br\/wp-content\/uploads\/2019\/12\/Contrato-de-Compra-e-Venda.pdf\">Contrato de Compra e Venda<\/a><\/p>\n<p><a href=\"http:\/\/sinspeb.org.br\/wp-content\/uploads\/2019\/12\/Registro-de-Im\u00f3veis.pdf\">Registro de Im\u00f3veis<\/a><\/p>\n<p>Ascom &#8211; SINSPEB<\/p>\n","protected":false},"excerpt":{"rendered":"<p>Sede Administrativa: A mais importante aquisi\u00e7\u00e3o patrimonial da hist\u00f3ria da nossa Entidade O Presidente do Sindicato dos Servidores Penitenci\u00e1rio do<\/p>\n","protected":false},"author":1,"featured_media":617,"comment_status":"open","ping_status":"open","sticky":false,"template":"","format":"standard","meta":{"colormag_page_container_layout":"default_layout","colormag_page_sidebar_layout":"default_layout","footnotes":""},"categories":[1],"tags":[],"class_list":["post-616","post","type-post","status-publish","format-standard","has-post-thumbnail","hentry","category-noticias"],"_links":{"self":[{"href":"https:\/\/sinspeb.org.br\/index.php?rest_route=\/wp\/v2\/posts\/616","targetHints":{"allow":["GET"]}}],"collection":[{"href":"https:\/\/sinspeb.org.br\/index.php?rest_route=\/wp\/v2\/posts"}],"about":[{"href":"https:\/\/sinspeb.org.br\/index.php?rest_route=\/wp\/v2\/types\/post"}],"author":[{"embeddable":true,"href":"https:\/\/sinspeb.org.br\/index.php?rest_route=\/wp\/v2\/users\/1"}],"replies":[{"embeddable":true,"href":"https:\/\/sinspeb.org.br\/index.php?rest_route=%2Fwp%2Fv2%2Fcomments&post=616"}],"version-history":[{"count":3,"href":"https:\/\/sinspeb.org.br\/index.php?rest_route=\/wp\/v2\/posts\/616\/revisions"}],"predecessor-version":[{"id":625,"href":"https:\/\/sinspeb.org.br\/index.php?rest_route=\/wp\/v2\/posts\/616\/revisions\/625"}],"wp:featuredmedia":[{"embeddable":true,"href":"https:\/\/sinspeb.org.br\/index.php?rest_route=\/wp\/v2\/media\/617"}],"wp:attachment":[{"href":"https:\/\/sinspeb.org.br\/index.php?rest_route=%2Fwp%2Fv2%2Fmedia&parent=616"}],"wp:term":[{"taxonomy":"category","embeddable":true,"href":"https:\/\/sinspeb.org.br\/index.php?rest_route=%2Fwp%2Fv2%2Fcategories&post=616"},{"taxonomy":"post_tag","embeddable":true,"href":"https:\/\/sinspeb.org.br\/index.php?rest_route=%2Fwp%2Fv2%2Ftags&post=616"}],"curies":[{"name":"wp","href":"https:\/\/api.w.org\/{rel}","templated":true}]}}