{"id":626,"date":"2019-12-09T17:37:05","date_gmt":"2019-12-09T20:37:05","guid":{"rendered":"http:\/\/sinspeb.org.br\/?p=626"},"modified":"2019-12-09T17:37:05","modified_gmt":"2019-12-09T20:37:05","slug":"convocacao-para-assembleia-geral-ordinaria-prestacao-e-aprovacao-de-contas","status":"publish","type":"post","link":"https:\/\/sinspeb.org.br\/?p=626","title":{"rendered":"Convoca\u00e7\u00e3o para Assembleia Geral Ordin\u00e1ria: Presta\u00e7\u00e3o e Aprova\u00e7\u00e3o de Contas"},"content":{"rendered":"<p>Convoca\u00e7\u00e3o para Assembleia Geral Ordin\u00e1ria<\/p>\n<p>O Presidente do Sindicato dos Servidores Penitenci\u00e1rios do Estado da Bahia (SINSPEB), Reivon Pimentel, no uso de suas atribui\u00e7\u00f5es estatut\u00e1rias, convoca todos os Associados para a Assembleia Geral Ordin\u00e1ria, a ser realizada no pr\u00f3ximo s\u00e1bado (14\/12), no audit\u00f3rio da Associa\u00e7\u00e3o dos Funcion\u00e1rios P\u00fablicos do Estado da Bahia (AFPEB), \u00e0s 08:30hs.<\/p>\n<p>A participa\u00e7\u00e3o de todos os Servidores \u00e9 de suma import\u00e2ncia, porque nessa ocasi\u00e3o ser\u00e1 apresentado as presta\u00e7\u00f5es de contas dos exerc\u00edcios de 2014 a 2018, visando sua aprova\u00e7\u00e3o.<\/p>\n<p>Esse ser\u00e1 um grande momento de tirarmos as d\u00favidas referente a comprova\u00e7\u00e3o fiscal e contribuirmos com sugest\u00f5es para aperfei\u00e7oarmos cada vez mais o exerc\u00edcio da transpar\u00eancia.<\/p>\n<p>Contaremos com a presen\u00e7a da Coordena\u00e7\u00e3o da Gest\u00e3o UFC, dos Conselheiros Fiscais e dos Contadores da Crescere.<\/p>\n<p>Participem! Fa\u00e7am valer seu direito de decidir o melhor caminho da nossa luta.<\/p>\n<p>Juntos somos mais fortes!<\/p>\n<p><img fetchpriority=\"high\" decoding=\"async\" src=\"http:\/\/sinspeb.org.br\/wp-content\/uploads\/2019\/12\/Screenshot_20191209-1726332-666x1024.png\" alt=\"\" width=\"666\" height=\"1024\" class=\"aligncenter size-large wp-image-627\" srcset=\"https:\/\/sinspeb.org.br\/wp-content\/uploads\/2019\/12\/Screenshot_20191209-1726332-666x1024.png 666w, https:\/\/sinspeb.org.br\/wp-content\/uploads\/2019\/12\/Screenshot_20191209-1726332-195x300.png 195w, https:\/\/sinspeb.org.br\/wp-content\/uploads\/2019\/12\/Screenshot_20191209-1726332-768x1180.png 768w, https:\/\/sinspeb.org.br\/wp-content\/uploads\/2019\/12\/Screenshot_20191209-1726332.png 963w\" sizes=\"(max-width: 666px) 100vw, 666px\" \/><\/p>\n<p><img decoding=\"async\" src=\"http:\/\/sinspeb.org.br\/wp-content\/uploads\/2019\/12\/Screenshot_20191209-1725422-1024x611.png\" alt=\"\" width=\"750\" height=\"448\" class=\"aligncenter size-large wp-image-628\" srcset=\"https:\/\/sinspeb.org.br\/wp-content\/uploads\/2019\/12\/Screenshot_20191209-1725422-1024x611.png 1024w, https:\/\/sinspeb.org.br\/wp-content\/uploads\/2019\/12\/Screenshot_20191209-1725422-300x179.png 300w, https:\/\/sinspeb.org.br\/wp-content\/uploads\/2019\/12\/Screenshot_20191209-1725422-768x458.png 768w, https:\/\/sinspeb.org.br\/wp-content\/uploads\/2019\/12\/Screenshot_20191209-1725422.png 1744w\" sizes=\"(max-width: 750px) 100vw, 750px\" \/><\/p>\n<p>Ascom &#8211; SINSPEB<\/p>\n","protected":false},"excerpt":{"rendered":"<p>Convoca\u00e7\u00e3o para Assembleia Geral Ordin\u00e1ria O Presidente do Sindicato dos Servidores Penitenci\u00e1rios do Estado da Bahia (SINSPEB), Reivon Pimentel, no<\/p>\n","protected":false},"author":1,"featured_media":629,"comment_status":"open","ping_status":"open","sticky":false,"template":"","format":"standard","meta":{"colormag_page_container_layout":"default_layout","colormag_page_sidebar_layout":"default_layout","footnotes":""},"categories":[1],"tags":[],"class_list":["post-626","post","type-post","status-publish","format-standard","has-post-thumbnail","hentry","category-noticias"],"_links":{"self":[{"href":"https:\/\/sinspeb.org.br\/index.php?rest_route=\/wp\/v2\/posts\/626","targetHints":{"allow":["GET"]}}],"collection":[{"href":"https:\/\/sinspeb.org.br\/index.php?rest_route=\/wp\/v2\/posts"}],"about":[{"href":"https:\/\/sinspeb.org.br\/index.php?rest_route=\/wp\/v2\/types\/post"}],"author":[{"embeddable":true,"href":"https:\/\/sinspeb.org.br\/index.php?rest_route=\/wp\/v2\/users\/1"}],"replies":[{"embeddable":true,"href":"https:\/\/sinspeb.org.br\/index.php?rest_route=%2Fwp%2Fv2%2Fcomments&post=626"}],"version-history":[{"count":1,"href":"https:\/\/sinspeb.org.br\/index.php?rest_route=\/wp\/v2\/posts\/626\/revisions"}],"predecessor-version":[{"id":630,"href":"https:\/\/sinspeb.org.br\/index.php?rest_route=\/wp\/v2\/posts\/626\/revisions\/630"}],"wp:featuredmedia":[{"embeddable":true,"href":"https:\/\/sinspeb.org.br\/index.php?rest_route=\/wp\/v2\/media\/629"}],"wp:attachment":[{"href":"https:\/\/sinspeb.org.br\/index.php?rest_route=%2Fwp%2Fv2%2Fmedia&parent=626"}],"wp:term":[{"taxonomy":"category","embeddable":true,"href":"https:\/\/sinspeb.org.br\/index.php?rest_route=%2Fwp%2Fv2%2Fcategories&post=626"},{"taxonomy":"post_tag","embeddable":true,"href":"https:\/\/sinspeb.org.br\/index.php?rest_route=%2Fwp%2Fv2%2Ftags&post=626"}],"curies":[{"name":"wp","href":"https:\/\/api.w.org\/{rel}","templated":true}]}}