{"id":632,"date":"2019-12-11T08:41:11","date_gmt":"2019-12-11T11:41:11","guid":{"rendered":"http:\/\/sinspeb.org.br\/?p=632"},"modified":"2019-12-11T08:41:11","modified_gmt":"2019-12-11T11:41:11","slug":"sinspeb-participa-de-seminario-que-debatera-as-consequencias-do-assedio-moral-e-sexual-aos-servidores-publicos-que-atuam-na-seguranca-publica-baiana","status":"publish","type":"post","link":"https:\/\/sinspeb.org.br\/?p=632","title":{"rendered":"Sinspeb participa de Semin\u00e1rio que debater\u00e1 as consequ\u00eancias do ass\u00e9dio moral e sexual aos servidores p\u00fablicos que atuam  na Seguran\u00e7a P\u00fablica baiana"},"content":{"rendered":"<p>A atividade ir\u00e1 acontecer em 16 de dezembro, das 8h \u00e0s 17:30h, no Plenarinho da Assembleia Legislativa da Bahia(AlBA) <\/p>\n<p>            <img fetchpriority=\"high\" decoding=\"async\" src=\"http:\/\/sinspeb.org.br\/wp-content\/uploads\/2019\/12\/IMG-20191210-WA0000-1024x1024.jpg\" alt=\"\" width=\"750\" height=\"750\" class=\"aligncenter size-large wp-image-633\" srcset=\"https:\/\/sinspeb.org.br\/wp-content\/uploads\/2019\/12\/IMG-20191210-WA0000-1024x1024.jpg 1024w, https:\/\/sinspeb.org.br\/wp-content\/uploads\/2019\/12\/IMG-20191210-WA0000-150x150.jpg 150w, https:\/\/sinspeb.org.br\/wp-content\/uploads\/2019\/12\/IMG-20191210-WA0000-300x300.jpg 300w, https:\/\/sinspeb.org.br\/wp-content\/uploads\/2019\/12\/IMG-20191210-WA0000-768x768.jpg 768w, https:\/\/sinspeb.org.br\/wp-content\/uploads\/2019\/12\/IMG-20191210-WA0000.jpg 1080w\" sizes=\"(max-width: 750px) 100vw, 750px\" \/><\/p>\n<p>Com o objetivo de denunciar os casos recorrentes de ass\u00e9dio moral e sexual que acontecem na Pol\u00edcia Civil baiana, o &#8220;Movimento Juntos Somos + Fortes&#8221; composto pelo  Sindpoc, Unipol,Assipoc, Aepeb-Sindicato e Sindpep realiza  Semin\u00e1rio para denunciar as consequ\u00eancias das pr\u00e1ticas assediosas aos servidores que atuam na Seguran\u00e7a P\u00fablica do Estado. A mesa vai contar com as participa\u00e7\u00f5es de representantes de entidades dos policiais civis, servidores que foram v\u00edtimas de ass\u00e9dio  e especialistas.<\/p>\n<p>O presidente do Sindicato dos Servidores Penitenci\u00e1rios do Estado (Sinspeb),Reivon Pimentel, vai marcar presen\u00e7a no evento e destaca que o \u00edndice de ass\u00e9dio na Seguran\u00e7a P\u00fablica da Bahia \u00e9 elevado. O sindicalista ressalta que o ass\u00e9dio moral e sexual podem deixar sequelas eternas e, por isso, precisam ser combatidos e denunciados.<\/p>\n<p> Pimentel parabeniza a gest\u00e3o do Sindpoc por ter abra\u00e7ado o projeto e pontua que, muitas vezes, as pessoas s\u00e3o assediadas, mas, infelizmente, n\u00e3o se d\u00e3o conta de que est\u00e3o sendo v\u00edtimas de ass\u00e9dio por falta de informa\u00e7\u00e3o.&#8221;Geralmente, o ass\u00e9dio ocorre de forma mais subliminar. As servidoras precisam saber como devem fazer para  se proteger e como denunciar. Esse tipo de iniciativa \u00e9 extremamente importante, pois os servidores p\u00fablicos s\u00e3o muito  atingidos, de uma forma geral, com a recorr\u00eancia dos casos&#8221;, frisa Reivon Pimentel.<\/p>\n<p>Ascom Sinspeb<\/p>\n","protected":false},"excerpt":{"rendered":"<p>A atividade ir\u00e1 acontecer em 16 de dezembro, das 8h \u00e0s 17:30h, no Plenarinho da Assembleia Legislativa da Bahia(AlBA) Com<\/p>\n","protected":false},"author":1,"featured_media":0,"comment_status":"open","ping_status":"open","sticky":false,"template":"","format":"standard","meta":{"colormag_page_container_layout":"default_layout","colormag_page_sidebar_layout":"default_layout","footnotes":""},"categories":[1],"tags":[15,16,9],"class_list":["post-632","post","type-post","status-publish","format-standard","hentry","category-noticias","tag-assedio-moral-e-sexual","tag-policia-civil","tag-policia-penal"],"_links":{"self":[{"href":"https:\/\/sinspeb.org.br\/index.php?rest_route=\/wp\/v2\/posts\/632","targetHints":{"allow":["GET"]}}],"collection":[{"href":"https:\/\/sinspeb.org.br\/index.php?rest_route=\/wp\/v2\/posts"}],"about":[{"href":"https:\/\/sinspeb.org.br\/index.php?rest_route=\/wp\/v2\/types\/post"}],"author":[{"embeddable":true,"href":"https:\/\/sinspeb.org.br\/index.php?rest_route=\/wp\/v2\/users\/1"}],"replies":[{"embeddable":true,"href":"https:\/\/sinspeb.org.br\/index.php?rest_route=%2Fwp%2Fv2%2Fcomments&post=632"}],"version-history":[{"count":2,"href":"https:\/\/sinspeb.org.br\/index.php?rest_route=\/wp\/v2\/posts\/632\/revisions"}],"predecessor-version":[{"id":635,"href":"https:\/\/sinspeb.org.br\/index.php?rest_route=\/wp\/v2\/posts\/632\/revisions\/635"}],"wp:attachment":[{"href":"https:\/\/sinspeb.org.br\/index.php?rest_route=%2Fwp%2Fv2%2Fmedia&parent=632"}],"wp:term":[{"taxonomy":"category","embeddable":true,"href":"https:\/\/sinspeb.org.br\/index.php?rest_route=%2Fwp%2Fv2%2Fcategories&post=632"},{"taxonomy":"post_tag","embeddable":true,"href":"https:\/\/sinspeb.org.br\/index.php?rest_route=%2Fwp%2Fv2%2Ftags&post=632"}],"curies":[{"name":"wp","href":"https:\/\/api.w.org\/{rel}","templated":true}]}}