{"id":636,"date":"2019-12-12T10:23:54","date_gmt":"2019-12-12T13:23:54","guid":{"rendered":"http:\/\/sinspeb.org.br\/?p=636"},"modified":"2019-12-12T10:23:54","modified_gmt":"2019-12-12T13:23:54","slug":"policial-penal-leandro-de-novaes-alcanca-7-colocacao-em-corrida-de-rua-de-salvador","status":"publish","type":"post","link":"https:\/\/sinspeb.org.br\/?p=636","title":{"rendered":"Policial Penal Leandro de Novaes alcan\u00e7a 7\u00b0 coloca\u00e7\u00e3o em Corrida de  Rua de Salvador"},"content":{"rendered":"<p>Policial Penal Leandro de Novaes alcan\u00e7a 7\u00b0 coloca\u00e7\u00e3o em Corrida de  Rua de Salvador<\/p>\n<p><img fetchpriority=\"high\" decoding=\"async\" src=\"http:\/\/sinspeb.org.br\/wp-content\/uploads\/2019\/12\/IMG-20191212-WA0000.jpg\" alt=\"\" width=\"667\" height=\"1000\" class=\"aligncenter size-full wp-image-637\" srcset=\"https:\/\/sinspeb.org.br\/wp-content\/uploads\/2019\/12\/IMG-20191212-WA0000.jpg 667w, https:\/\/sinspeb.org.br\/wp-content\/uploads\/2019\/12\/IMG-20191212-WA0000-200x300.jpg 200w\" sizes=\"(max-width: 667px) 100vw, 667px\" \/><\/p>\n<p>O servidor come\u00e7ou a praticar o esporte para melhorar a qualidade de vida e j\u00e1 surge como um talento do atletismo baiano<\/p>\n<p>O Policial Penal Leandro de Novaes Santos, lotado no Conjunto Penal de Teixeira de Freitas, 27 anos, alcan\u00e7ou a 7\u00aa coloca\u00e7\u00e3o na Corrida de Rua &#8221; Ultramaratona Ultraone 12 horas Salvador&#8221;, realizada em 30 de novembro. Mais de 200 inscritos participaram da atividade e o servidor Leandro de Novaes percorreu a dist\u00e2ncia de 91,5 km durante as 12 horas de competi\u00e7\u00e3o.<\/p>\n<p><img decoding=\"async\" src=\"http:\/\/sinspeb.org.br\/wp-content\/uploads\/2019\/12\/IMG-20191212-WA0001.jpg\" alt=\"\" width=\"667\" height=\"1000\" class=\"aligncenter size-full wp-image-638\" srcset=\"https:\/\/sinspeb.org.br\/wp-content\/uploads\/2019\/12\/IMG-20191212-WA0001.jpg 667w, https:\/\/sinspeb.org.br\/wp-content\/uploads\/2019\/12\/IMG-20191212-WA0001-200x300.jpg 200w\" sizes=\"(max-width: 667px) 100vw, 667px\" \/><\/p>\n<p>O Policial Penal conta que come\u00e7ou a correr, em maio deste ano, com o objetivo de cuidar da sa\u00fade, obter uma melhor qualidade de vida e emagrecer. O servidor pesava 88,5 kg e, atualmente, encontra-se com 74 kg. A pr\u00e1tica esportiva,principalmente, as corridas  ajudaram  Leandro de Novaes a perder cerca de 15kg em, aproximadamente, sete meses.<\/p>\n<p><img decoding=\"async\" src=\"http:\/\/sinspeb.org.br\/wp-content\/uploads\/2019\/12\/IMG-20191212-WA0004-489x1024.jpg\" alt=\"\" width=\"489\" height=\"1024\" class=\"aligncenter size-large wp-image-641\" srcset=\"https:\/\/sinspeb.org.br\/wp-content\/uploads\/2019\/12\/IMG-20191212-WA0004-489x1024.jpg 489w, https:\/\/sinspeb.org.br\/wp-content\/uploads\/2019\/12\/IMG-20191212-WA0004-143x300.jpg 143w, https:\/\/sinspeb.org.br\/wp-content\/uploads\/2019\/12\/IMG-20191212-WA0004.jpg 764w\" sizes=\"(max-width: 489px) 100vw, 489px\" \/><\/p>\n<p>O Policial Penal j\u00e1 participou de 12 Corridas de Rua, alcan\u00e7ou o 1\u00b0 lugar   em duas competi\u00e7\u00f5es,  nas &#8220;Corridas Rosa e Azul&#8221;, o 2\u00ba lugar foi conquistado na &#8220;Corrida de Linhares&#8221;, realizada na cidade do Esp\u00edrito Santo, promovida pela OAB, e na Corrida do Boj\u00e3o, que ocorreu no munic\u00edpio de Teixeira de Freitas. O 3\u00ba lugar foi alcan\u00e7ado em uma competi\u00e7\u00e3o na cidade de S\u00e3o Mateus, tamb\u00e9m no Estado do Esp\u00edrito Santo.<\/p>\n<p><img loading=\"lazy\" decoding=\"async\" src=\"http:\/\/sinspeb.org.br\/wp-content\/uploads\/2019\/12\/IMG-20191212-WA0003-1024x1024.jpg\" alt=\"\" width=\"750\" height=\"750\" class=\"aligncenter size-large wp-image-639\" srcset=\"https:\/\/sinspeb.org.br\/wp-content\/uploads\/2019\/12\/IMG-20191212-WA0003-1024x1024.jpg 1024w, https:\/\/sinspeb.org.br\/wp-content\/uploads\/2019\/12\/IMG-20191212-WA0003-150x150.jpg 150w, https:\/\/sinspeb.org.br\/wp-content\/uploads\/2019\/12\/IMG-20191212-WA0003-300x300.jpg 300w, https:\/\/sinspeb.org.br\/wp-content\/uploads\/2019\/12\/IMG-20191212-WA0003-768x768.jpg 768w, https:\/\/sinspeb.org.br\/wp-content\/uploads\/2019\/12\/IMG-20191212-WA0003.jpg 1080w\" sizes=\"(max-width: 750px) 100vw, 750px\" \/><\/p>\n<p>O servidor possui o apoio do Sindicato dos Servidores Penitenci\u00e1rios do Estado da Bahia (SINSPEB) e afirma estar motivado para enfrentar novas competi\u00e7\u00f5es. &#8220;\u00c9 uma motiva\u00e7\u00e3o para continuar treinando e tentar ganhar mais corridas, para conseguir coloca\u00e7\u00f5es melhores nas pr\u00f3ximas competi\u00e7\u00f5es de longa dist\u00e2ncia&#8221;, destaca Leandro de Novaes.<\/p>\n<p>Ascom &#8211; SINSPEB<\/p>\n","protected":false},"excerpt":{"rendered":"<p>Policial Penal Leandro de Novaes alcan\u00e7a 7\u00b0 coloca\u00e7\u00e3o em Corrida de Rua de Salvador O servidor come\u00e7ou a praticar o<\/p>\n","protected":false},"author":1,"featured_media":637,"comment_status":"open","ping_status":"open","sticky":false,"template":"","format":"standard","meta":{"colormag_page_container_layout":"default_layout","colormag_page_sidebar_layout":"default_layout","footnotes":""},"categories":[1],"tags":[],"class_list":["post-636","post","type-post","status-publish","format-standard","has-post-thumbnail","hentry","category-noticias"],"_links":{"self":[{"href":"https:\/\/sinspeb.org.br\/index.php?rest_route=\/wp\/v2\/posts\/636","targetHints":{"allow":["GET"]}}],"collection":[{"href":"https:\/\/sinspeb.org.br\/index.php?rest_route=\/wp\/v2\/posts"}],"about":[{"href":"https:\/\/sinspeb.org.br\/index.php?rest_route=\/wp\/v2\/types\/post"}],"author":[{"embeddable":true,"href":"https:\/\/sinspeb.org.br\/index.php?rest_route=\/wp\/v2\/users\/1"}],"replies":[{"embeddable":true,"href":"https:\/\/sinspeb.org.br\/index.php?rest_route=%2Fwp%2Fv2%2Fcomments&post=636"}],"version-history":[{"count":1,"href":"https:\/\/sinspeb.org.br\/index.php?rest_route=\/wp\/v2\/posts\/636\/revisions"}],"predecessor-version":[{"id":642,"href":"https:\/\/sinspeb.org.br\/index.php?rest_route=\/wp\/v2\/posts\/636\/revisions\/642"}],"wp:featuredmedia":[{"embeddable":true,"href":"https:\/\/sinspeb.org.br\/index.php?rest_route=\/wp\/v2\/media\/637"}],"wp:attachment":[{"href":"https:\/\/sinspeb.org.br\/index.php?rest_route=%2Fwp%2Fv2%2Fmedia&parent=636"}],"wp:term":[{"taxonomy":"category","embeddable":true,"href":"https:\/\/sinspeb.org.br\/index.php?rest_route=%2Fwp%2Fv2%2Fcategories&post=636"},{"taxonomy":"post_tag","embeddable":true,"href":"https:\/\/sinspeb.org.br\/index.php?rest_route=%2Fwp%2Fv2%2Ftags&post=636"}],"curies":[{"name":"wp","href":"https:\/\/api.w.org\/{rel}","templated":true}]}}