{"id":648,"date":"2019-12-13T18:21:26","date_gmt":"2019-12-13T21:21:26","guid":{"rendered":"http:\/\/sinspeb.org.br\/?p=648"},"modified":"2019-12-13T18:26:16","modified_gmt":"2019-12-13T21:26:16","slug":"sinspeb-comemora-a-promocao-de-113-servidores-penitenciarios","status":"publish","type":"post","link":"https:\/\/sinspeb.org.br\/?p=648","title":{"rendered":"Sinspeb comemora a Promo\u00e7\u00e3o de 113  Servidores Penitenci\u00e1rios"},"content":{"rendered":"<p>A Promo\u00e7\u00e3o dos  Policiais Penais foi publicada no Di\u00e1rio Ofical, nesta semana,pela Secretaria de Admistra\u00e7\u00e3o Penitenci\u00e1ria e Ressocializa\u00e7\u00e3o do Estado (Seap)<\/p>\n<p>O presidente do Sindicato dos Servidores Penitenci\u00e1rios (Sinspeb), Reivon Pimentel,comemora a Promo\u00e7\u00e3o dos 113 Policiais Penais que passar\u00e3o da Classe 1 para Classe 2 e, respectivamente, para  Classe 3. <\/p>\n<p>Pimentel salienta que a entidade protocolou, neste ano, dois of\u00edcios junto \u00e0 Seap para pressionar a gest\u00e3o estadual a realizar as Promo\u00e7\u00f5es e  Progress\u00f5es. <\/p>\n<p>&#8220;Ficamos felizes  pela publica\u00e7\u00e3o no Di\u00e1rio Oficial dos servidores que foram promovidos porque a Promo\u00e7\u00e3o representa o reconhecimento estatal da qualifica\u00e7\u00e3o dos servidores que, agora, ir\u00e3o poder contribuir de uma forma mais eficaz com o Sistema Prisional e com  a sociedade&#8221;, pontua o presidente do Sinspeb.<\/p>\n<p><img fetchpriority=\"high\" decoding=\"async\" src=\"http:\/\/sinspeb.org.br\/wp-content\/uploads\/2019\/12\/b0cba2d0-a043-4e07-838a-ee7636f10112-1-1024x922.jpg\" alt=\"\" width=\"750\" height=\"675\" class=\"aligncenter size-large wp-image-649\" srcset=\"https:\/\/sinspeb.org.br\/wp-content\/uploads\/2019\/12\/b0cba2d0-a043-4e07-838a-ee7636f10112-1-1024x922.jpg 1024w, https:\/\/sinspeb.org.br\/wp-content\/uploads\/2019\/12\/b0cba2d0-a043-4e07-838a-ee7636f10112-1-300x270.jpg 300w, https:\/\/sinspeb.org.br\/wp-content\/uploads\/2019\/12\/b0cba2d0-a043-4e07-838a-ee7636f10112-1-768x691.jpg 768w, https:\/\/sinspeb.org.br\/wp-content\/uploads\/2019\/12\/b0cba2d0-a043-4e07-838a-ee7636f10112-1.jpg 1181w\" sizes=\"(max-width: 750px) 100vw, 750px\" \/><\/p>\n<p>O sindicalista esclarece que as Promo\u00e7\u00f5es ocorrem de forma vertical e as Progress\u00f5es s\u00e3o avan\u00e7os na carreira em sentido horizontal. Reivon Pimentel destaca que o sindicato trava, todos os anos, uma luta \u00e0rdua em defesa das Promo\u00e7\u00f5es e Progress\u00f5es. <\/p>\n<p>&#8220;Desde quando assumimos a gest\u00e3o, estamos,a todo  momento, cobrando e pressionando a SEAP a realizar as Promo\u00e7\u00f5es e respectivas Progress\u00f5es dos Servidores Penitenci\u00e1rios baianos.  Assim, o Estado valoriza o empenho dos servidores que passaram por um processo de capacita\u00e7\u00e3o e esse aprimoramento profissional interfere diretamente na qualidade do servi\u00e7o prestado aos cidad\u00e3os&#8221;, frisa o presidente do Sinspeb, Reivon Pimentel.<\/p>\n<p>Ascom Sinspeb<\/p>\n<p>Confira abaixo Portaria e a rela\u00e7\u00e3o dos servidores contemplados com a Promo\u00e7\u00e3o: <\/p>\n<p>PORTARIA N\u00ba. 355 de 11 de dezembro de 2019.<\/p>\n<p>O Secret\u00e1rio de Administra\u00e7\u00e3o Penitenci\u00e1ria e Ressocializa\u00e7\u00e3o do Estado da Bahia, no uso das suas atribui\u00e7\u00f5es, e fazendo cumprir a Lei Estadual n\u00ba 7.209 de 20 de novembro de 1997, o Decreto n\u00ba 13.192\/2011 de 18 de agosto de 2011, e a Portaria n\u00ba 1.299 de 14 de dezembro de 2018;<\/p>\n<p>RESOLVE:<\/p>\n<p>Art. 1\u00ba &#8211; Divulgar a rela\u00e7\u00e3o definitiva dos Agentes Penitenci\u00e1rio a serem promovidos por merecimento da Classe I para II e da Classe II para III, de acordo com os anexos I e II dessa Portaria, conforme trabalhos realizados pela Comiss\u00e3o de Avalia\u00e7\u00e3o, institu\u00edda atrav\u00e9s da Portaria n\u00ba 1.299, publicada no DOE em 14 de dezembro de 2018.<\/p>\n<p>Art. 2\u00aa &#8211; A luz do disposto no art. 21, \u00a71, do Decreto n\u00ba 13.192\/2011 que contempla a previs\u00e3o recursal daqueles que est\u00e3o irresignados com a listagem de aptid\u00e3o divulgada na Portaria n\u00ba 303, publicada no DOE de 03.10.2019, passa-se a publicar a rela\u00e7\u00e3o conclusiva\/definitiva dos agentes a serem promovidos.<\/p>\n<p>\u00a0<\/p>\n<p>ANEXO I &#8211; AVALIA\u00c7\u00c3O POR MERECIMENTO &#8211; MUDAN\u00c7A DA CLASSE I PARA A CLASSE II<\/p>\n<p>\u00a0<\/p>\n<p>Ordem de Classifica\u00e7\u00e3o<\/p>\n<p>Matr\u00edcula<\/p>\n<p>Nome Servidor<\/p>\n<p>Total<\/p>\n<p>1.\u00a0\u00a0<\/p>\n<p>23592618<\/p>\n<p>GUSTAVO JERONIMO A SANTOS<\/p>\n<p>130<\/p>\n<p>2.\u00a0\u00a0<\/p>\n<p>23531128<\/p>\n<p>IVONEIDE SANTOS SANCHES<\/p>\n<p>130<\/p>\n<p>3.\u00a0\u00a0<\/p>\n<p>23593243<\/p>\n<p>KIM NUNES ALVES<\/p>\n<p>130<\/p>\n<p>4.\u00a0\u00a0<\/p>\n<p>23530443<\/p>\n<p>MAURICIO DIAS DANTAS MIRANDA<\/p>\n<p>130<\/p>\n<p>5.\u00a0\u00a0<\/p>\n<p>16281087<\/p>\n<p>LUCINALVA MOTA XAVIER<\/p>\n<p>129<\/p>\n<p>6.\u00a0\u00a0<\/p>\n<p>23592495<\/p>\n<p>SERGIO VINICIUS TANURE SANTOS<\/p>\n<p>129<\/p>\n<p>7.\u00a0\u00a0<\/p>\n<p>23592874<\/p>\n<p>FABRINE LEAL FERREIRA DA SILVA<\/p>\n<p>127<\/p>\n<p>8.\u00a0\u00a0<\/p>\n<p>16365417<\/p>\n<p>LUCIENE REIS DE SANTANA<\/p>\n<p>126<\/p>\n<p>9.\u00a0\u00a0<\/p>\n<p>23593108<\/p>\n<p>IVANA SANTANA OLIVEIRA<\/p>\n<p>125<\/p>\n<p>10.<\/p>\n<p>23592924<\/p>\n<p>ESTEVAO BALBINO DE ALMEIDA FO<\/p>\n<p>124<\/p>\n<p>11.<\/p>\n<p>23592663<\/p>\n<p>FABIO SANTOS DE JESUS<\/p>\n<p>124<\/p>\n<p>12.<\/p>\n<p>23546939<\/p>\n<p>GEORGE PEDRO PINHEIRO DA SILVA<\/p>\n<p>124<\/p>\n<p>13.<\/p>\n<p>23592856<\/p>\n<p>LUIZ CLAUDIO SANTOS DA SILVA<\/p>\n<p>124<\/p>\n<p>14.<\/p>\n<p>23593106<\/p>\n<p>MARCUS OLIVEIRA DE ASSIS<\/p>\n<p>124<\/p>\n<p>15.<\/p>\n<p>16302615<\/p>\n<p>CARLOS ALBERTO PAZ DE JESUS<\/p>\n<p>121<\/p>\n<p>16.<\/p>\n<p>23592559<\/p>\n<p>ELADIO MENDES NETO JUNIOR<\/p>\n<p>121<\/p>\n<p>17.<\/p>\n<p>23524002<\/p>\n<p>HILDELSON FIUZA GUIMARAES SENA<\/p>\n<p>120<\/p>\n<p>18.<\/p>\n<p>23592857<\/p>\n<p>PEDRO HENRIQUE COSTA MIGUEZ<\/p>\n<p>120<\/p>\n<p>19.<\/p>\n<p>23530454<\/p>\n<p>REGIANE PEREIRA DOS SANTOS<\/p>\n<p>119,5<\/p>\n<p>20.<\/p>\n<p>23592697<\/p>\n<p>ANTONIO BARBOSA RAMOS<\/p>\n<p>119<\/p>\n<p>21.<\/p>\n<p>23593072<\/p>\n<p>JAMILE LINS ARAUJO<\/p>\n<p>119<\/p>\n<p>22.<\/p>\n<p>23593105<\/p>\n<p>TIAGO GUERRA SOBRAL<\/p>\n<p>119<\/p>\n<p>23.<\/p>\n<p>16366399<\/p>\n<p>CUSTODIO FERRAZ LOPES<\/p>\n<p>118<\/p>\n<p>24.<\/p>\n<p>23585070<\/p>\n<p>DAVI DAMOVAR DE SOUZA QUEIROZ<\/p>\n<p>118<\/p>\n<p>25.<\/p>\n<p>23592843<\/p>\n<p>FABIO COSTA SANTOS<\/p>\n<p>118<\/p>\n<p>26.<\/p>\n<p>23593386<\/p>\n<p>JONATAS SOUSA DE JESUS<\/p>\n<p>118<\/p>\n<p>27.<\/p>\n<p>23551630<\/p>\n<p>RENILSON BATISTA DA SILVA<\/p>\n<p>118<\/p>\n<p>28.<\/p>\n<p>23592839<\/p>\n<p>RODRIGO PORTELA REIS<\/p>\n<p>118<\/p>\n<p>29.<\/p>\n<p>16365333<\/p>\n<p>VALDOMIRO GRADIL CARDOSO FILHO<\/p>\n<p>117,9<\/p>\n<p>30.<\/p>\n<p>23593583<\/p>\n<p>YURI FONSECA LOPES<\/p>\n<p>117<\/p>\n<p>31.<\/p>\n<p>16343000<\/p>\n<p>JOS\u00c9 RAMALHO RODRIGUES DOS SANTOS<\/p>\n<p>116<\/p>\n<p>32.<\/p>\n<p>23592837<\/p>\n<p>MARCILIO LUCAS BOERI LACERDA<\/p>\n<p>116<\/p>\n<p>33.<\/p>\n<p>16301906<\/p>\n<p>MARIA CATARINA SILVA PARENTE<\/p>\n<p>115,5<\/p>\n<p>34.<\/p>\n<p>23592620<\/p>\n<p>EDIVAN BRANDAO SILVA<\/p>\n<p>115<\/p>\n<p>35.<\/p>\n<p>23592560<\/p>\n<p>LUIS GONZAGA DA SILVA JUNIOR<\/p>\n<p>115<\/p>\n<p>36.<\/p>\n<p>16373395<\/p>\n<p>MIRIAM DE SOUZA COSTA<\/p>\n<p>115<\/p>\n<p>37.<\/p>\n<p>23565083<\/p>\n<p>RAMON BELARMINO CARVALHAL<\/p>\n<p>115<\/p>\n<p>38.<\/p>\n<p>23592613<\/p>\n<p>SHEILA LIMA ARRUTI<\/p>\n<p>114,5<\/p>\n<p>39.<\/p>\n<p>23560023<\/p>\n<p>EDILTON OLIVEIRA DE JESUS<\/p>\n<p>114<\/p>\n<p>40.<\/p>\n<p>23593104<\/p>\n<p>JADIEL SANTOS ALVES<\/p>\n<p>114<\/p>\n<p>41.<\/p>\n<p>16289561<\/p>\n<p>JORGE ROCHA DE CERQUEIRA<\/p>\n<p>114<\/p>\n<p>42.<\/p>\n<p>16365687<\/p>\n<p>JULIANO SANTIAGO ALMEIDA<\/p>\n<p>114<\/p>\n<p>43.<\/p>\n<p>23593580<\/p>\n<p>LUCIANO AQUINO NERI<\/p>\n<p>114<\/p>\n<p>44.<\/p>\n<p>16366619<\/p>\n<p>LUIS CARLOS DO NASCIMENTO<\/p>\n<p>114<\/p>\n<p>45.<\/p>\n<p>16344245<\/p>\n<p>NOEL RIBEIRO DOS SANTOS<\/p>\n<p>114<\/p>\n<p>46.<\/p>\n<p>23550131<\/p>\n<p>PEDRO PAULO GOMES RIBEIRO<\/p>\n<p>114<\/p>\n<p>47.<\/p>\n<p>23553322<\/p>\n<p>VALDEMIRO GOMES SOUSA<\/p>\n<p>114<\/p>\n<p>48.<\/p>\n<p>23535448<\/p>\n<p>RODRIGO SANTOS MIRANDA<\/p>\n<p>113,5<\/p>\n<p>49.<\/p>\n<p>23592858<\/p>\n<p>VALNEI SOUZA ROCHA<\/p>\n<p>113,5<\/p>\n<p>50.<\/p>\n<p>23594208<\/p>\n<p>ADELMO DE SOUZA SILVA<\/p>\n<p>113<\/p>\n<p>51.<\/p>\n<p>23546938<\/p>\n<p>ANTONIO BOMFIM DE SOUZA<\/p>\n<p>113<\/p>\n<p>52.<\/p>\n<p>23546950<\/p>\n<p>CONRADO ARTUR DANTAS BASTOS<\/p>\n<p>113<\/p>\n<p>53.<\/p>\n<p>16278798<\/p>\n<p>HASTALIO PEREIRA DE BRITO<\/p>\n<p>113<\/p>\n<p>54.<\/p>\n<p>23592671<\/p>\n<p>LEANDRO AQUINO MEIRELES SANTOS<\/p>\n<p>113<\/p>\n<p>55.<\/p>\n<p>23547152<\/p>\n<p>VALERIANO BORBA COSTA REIS<\/p>\n<p>113<\/p>\n<p>56.<\/p>\n<p>23592842<\/p>\n<p>DAIANE CARVALHAL SANTOS<\/p>\n<p>112,5<\/p>\n<p>57.<\/p>\n<p>23581111<\/p>\n<p>ICARO DANTAS N MARTINS<\/p>\n<p>112,5<\/p>\n<p>58.<\/p>\n<p>23592623<\/p>\n<p>CLAUDIO FERNANDO BRITO SOUZA<\/p>\n<p>112<\/p>\n<p>59.<\/p>\n<p>23592666<\/p>\n<p>MARCELO PONTES PEREIRA<\/p>\n<p>112<\/p>\n<p>60.<\/p>\n<p>23533161<\/p>\n<p>NELSON ARAUJO SOUZA<\/p>\n<p>112<\/p>\n<p>61.<\/p>\n<p>23550979<\/p>\n<p>ADRIANA SALOMAO SILVA<\/p>\n<p>111<\/p>\n<p>62.<\/p>\n<p>23592660<\/p>\n<p>ALAN CARVALHO CERQUEIRA<\/p>\n<p>111<\/p>\n<p>63.<\/p>\n<p>16340248<\/p>\n<p>ALEX SANDRO NUNESh ROCHA<\/p>\n<p>111<\/p>\n<p>64.64.<br \/>\n23566200<br \/>\nAMARILDO MONTEIRO DOS SANTOS<br \/>\n111<br \/>\n65.<br \/>\n23592615<br \/>\nANDERSON LUIS MOTA DE ANDRADE<br \/>\n111<br \/>\n66.<br \/>\n23532386<br \/>\nCRISTIANO DE CERQUEIRA MACIEL<br \/>\n111<br \/>\n67.<br \/>\n23594033<br \/>\nFLAVIA SILVA RIBEIRO<br \/>\n111<br \/>\n68.<br \/>\n16332581<br \/>\nNELSON MOISES SANTOS<br \/>\n111<br \/>\n69.<br \/>\n23592562<br \/>\nTAYLOR OLIVEIRA DE SOUZA<br \/>\n111<br \/>\n70.<br \/>\n23593384<br \/>\nVINICIUS SOUZA ALVES<br \/>\n111<br \/>\n71.<br \/>\n16365270<br \/>\nCRISTIANE BARRETO NUNES<br \/>\n110<br \/>\n72.<br \/>\n23592886<br \/>\nDANIELA LEITE CORTES<br \/>\n110<br \/>\n73.<br \/>\n23592887<br \/>\nJADYSON SILVA QUEIROZ DE JESUS<br \/>\n110<br \/>\n74.<br \/>\n23592881<br \/>\nJEFFREY DIEGO SILVA ARAUJO<br \/>\n110<br \/>\n75.<br \/>\n16297787<br \/>\nJONAS LIMA SANTOS<br \/>\n110<br \/>\n76.<br \/>\n23593107<br \/>\nMICHELE GONCALVES SILVA<br \/>\n110<br \/>\n77.<br \/>\n23552991<br \/>\nPABLO CRISTIANO JONAS REIS<br \/>\n110<br \/>\n78.<br \/>\n23531283<br \/>\nREIVON SOUZA PIMENTEL<br \/>\n110<br \/>\n79.<br \/>\n16365345<br \/>\nWALDINEI GONCALVES DOS SANTOS<br \/>\n110<br \/>\n80.<br \/>\n23593461<br \/>\nFABIO DOS REIS FERREIRA<br \/>\n109,5<br \/>\n81.<br \/>\n23547153<br \/>\nWELLITON SANTANA DA SILVA<br \/>\n109,5<br \/>\n82.<br \/>\n23592672<br \/>\nMARCOS ANTONIO C MASCARENHAS<br \/>\n109,1<br \/>\n83.<br \/>\n23530882<br \/>\nANTONIO LIMA CHAVES<br \/>\n109<br \/>\n84.<br \/>\n16300178<br \/>\nANTONIO VALVERDE CARVALHO FILHO<br \/>\n109<br \/>\n85.<br \/>\n23592667<br \/>\nCLAUDIO VENANCIO BARBOSA<br \/>\n109<br \/>\n86.<br \/>\n23593237<br \/>\nDIOGO BARRETO MOREIRA COUTO<br \/>\n109<br \/>\n87.<br \/>\n23537821<br \/>\nJOAO MASCARENHAS SANTOS JUNIOR<br \/>\n109<br \/>\n88.<br \/>\n23592670<br \/>\nLUIS CARLOS VIEIRA DIAS<br \/>\n109<br \/>\n89.<br \/>\n16373430<br \/>\nPATRICIA DOS SANTOS BIDU<br \/>\n109<br \/>\n90.<br \/>\n23594334<br \/>\nPEDRO HENRIQUE SANTOS SOUSA<br \/>\n109<br \/>\n91.<br \/>\n23593581<br \/>\nCHARLIE ADAN DANTAS RAMOS<br \/>\n109<br \/>\n92.<br \/>\n23592840<br \/>\nADRIANO SOUZA DE FARIAS<br \/>\n108,5<br \/>\n93.<br \/>\n23593383<br \/>\nULYSSES SANTOS FERREIRA<br \/>\n108,5<br \/>\n94.<br \/>\n16294387<br \/>\nSILVIO CEZAR BATISTA VIEIRA<br \/>\n107,6<br \/>\n95.<br \/>\n23524058<br \/>\nFABRICIO SAMUEL AMORIM MACHADO<br \/>\n107<br \/>\n96.<br \/>\n16365879<br \/>\nJOILTON AMORIM ALMEIDA<br \/>\n106,5<br \/>\n97.<br \/>\n23537772<br \/>\nVALMIR PEREIRA DE JESUS<br \/>\n106,5<br \/>\n98.<br \/>\n23559917<br \/>\nEVANDRO AMORIM FERREIRA<br \/>\n106,4<br \/>\n99.<br \/>\n16295274<br \/>\nWELLINGTON SILVA MIRANDA<br \/>\n106<br \/>\n100.\u00a0\u00a0\u00a0\u00a0\u00a0\u00a0\u00a0\u00a0<br \/>\n23592616<br \/>\nMARCIO GUSTAVO AZEVEDO S SILVA<br \/>\n105<br \/>\n101.\u00a0\u00a0\u00a0\u00a0\u00a0\u00a0\u00a0\u00a0<br \/>\n16307263<br \/>\nNIVIA MA SILVA N CHAGAS<br \/>\n103,5<br \/>\n102.\u00a0\u00a0\u00a0\u00a0\u00a0\u00a0\u00a0\u00a0<br \/>\n23559915<br \/>\nSANDRO DA SILVA GRAMOSA<br \/>\n103<br \/>\n103.\u00a0\u00a0\u00a0\u00a0\u00a0\u00a0\u00a0\u00a0<br \/>\n16300551<br \/>\nKLEBER MORENO NEVES E CRUZ<br \/>\n102,5<br \/>\n104.\u00a0\u00a0\u00a0\u00a0\u00a0\u00a0\u00a0\u00a0<br \/>\n23592875<br \/>\nPEDRO BORBA COSTA REIS<br \/>\n101<br \/>\n105.\u00a0\u00a0\u00a0\u00a0\u00a0\u00a0\u00a0\u00a0<br \/>\n16332576<br \/>\nSEBASTIAO OLIVEIRA CHAGAS<br \/>\n100,5<br \/>\n106.\u00a0\u00a0\u00a0\u00a0\u00a0\u00a0\u00a0\u00a0<br \/>\n23592668<br \/>\nCRISTOVAO DE SOUZA SANTANA<br \/>\n100<br \/>\n107.\u00a0\u00a0\u00a0\u00a0\u00a0\u00a0\u00a0\u00a0<br \/>\n23592841<br \/>\nJORGE LIMA DA SILVA<br \/>\n100<br \/>\n108.\u00a0\u00a0\u00a0\u00a0\u00a0\u00a0\u00a0\u00a0<br \/>\n23593409<br \/>\nVALMIRO SACRAMENTO DA CUNHA<br \/>\n100<br \/>\n109.\u00a0\u00a0\u00a0\u00a0\u00a0\u00a0\u00a0\u00a0<br \/>\n23530457<br \/>\nELIVALDO MACHADO DOS SANTOS<br \/>\n99<br \/>\n110.\u00a0\u00a0\u00a0\u00a0\u00a0\u00a0\u00a0\u00a0<br \/>\n23592621<br \/>\nMARCONE DE OLIVEIRA SANTOS<br \/>\n99<br \/>\n111.\u00a0\u00a0\u00a0\u00a0\u00a0\u00a0\u00a0\u00a0<br \/>\n16303412<br \/>\nPAULO SERGIO SOUSA DA SILVA<br \/>\n95,3<br \/>\n112.\u00a0\u00a0\u00a0\u00a0\u00a0\u00a0\u00a0\u00a0<br \/>\n23593236<br \/>\nJAIME AMOEDO DIAZ<br \/>\n93<br \/>\n113.\u00a0\u00a0\u00a0\u00a0\u00a0\u00a0\u00a0\u00a0<br \/>\n23530504<br \/>\nDANIELE BORGES LIMA<br \/>\n91<br \/>\n114.\u00a0\u00a0\u00a0\u00a0\u00a0\u00a0\u00a0\u00a0<br \/>\n23547205<br \/>\nJOANA ANGELICA SANTOS PEREIRA<br \/>\n88<br \/>\n115.\u00a0\u00a0\u00a0\u00a0\u00a0\u00a0\u00a0\u00a0<br \/>\n23559914<br \/>\nMARCIO DE OLIVEIRA CORDEIRO<br \/>\n84<br \/>\n\u00a0<br \/>\n\u00a0<br \/>\nANEXO II- AVALIA\u00c7\u00c3O POR MERECIMENTO &#8211; MUDAN\u00c7A DA CLASSE II PARA A CLASSE III<br \/>\n\u00a0<br \/>\nOrdem de Classifica\u00e7\u00e3o<br \/>\nMatr\u00edcula<br \/>\nNome Servidor<br \/>\n\u00a0Total<br \/>\n1.\u00a0\u00a0<br \/>\n23539612<br \/>\nCLAUDIA MATTEDI DIAS<br \/>\n130<br \/>\n2.\u00a0\u00a0<br \/>\n16334840<br \/>\nDANILIO SILVA SANTOS<br \/>\n130<br \/>\n3.\u00a0\u00a0<br \/>\n23530461<br \/>\nERIVA CASTRO DE CERQUEIRA<br \/>\n130<br \/>\n4.\u00a0\u00a0<br \/>\n16307266<br \/>\nGICLEIDE LEMOS ALENCAR NOVAIS<br \/>\n130<br \/>\n5.\u00a0\u00a0<br \/>\n23530403<br \/>\nISRAEL PEREIRA GOMES<br \/>\n130<br \/>\n6.\u00a0\u00a0<br \/>\n16307248<br \/>\nLUCIANO ALMEIDA NOVAIS<br \/>\n130<br \/>\n7.\u00a0\u00a0<br \/>\n16340283<br \/>\nROSIANE SAMPAIO CARVALHO SILVA<br \/>\n130<br \/>\n8.\u00a0\u00a0<br \/>\n16366577<br \/>\nORLANDO BERBEL GARCIA FILHO<br \/>\n125<br \/>\n9.\u00a0\u00a0<br \/>\n23524004<br \/>\nALEXSANDRO SOUZA DA SILVA<br \/>\n124<br \/>\n10.<br \/>\n16365344<br \/>\nANTONIO CARLOS SILVA SANTOS<br \/>\n124<br \/>\n11.<br \/>\n23530469<br \/>\nJOSE FABIANO BARBOSA CARVALHO<br \/>\n124<br \/>\n12..<br \/>\n23530441<br \/>\nLUCIANO TEIXEIRA VIANA<br \/>\n124<br \/>\n13.<br \/>\n23537817<br \/>\nLUIS ARTUR PEREIRA FRAGUAS<br \/>\n124<br \/>\n14.<br \/>\n23524060<br \/>\nMANOEL FELICIANO CARDOSO FILHO<br \/>\n124<br \/>\n15.<br \/>\n16344244<br \/>\nMARCIA SUELI HUMILDES REGIS<br \/>\n124<br \/>\n16.<br \/>\n23531956<br \/>\nREGINALDO DIAS DOS SANTOS FO<br \/>\n124<br \/>\n17.<br \/>\n16365337<br \/>\nRILDON XAVIER DE ALMEIDA<br \/>\n124<br \/>\n18.<br \/>\n16281092<br \/>\nRUTE VIEIRA DOS SANTOS<br \/>\n124<br \/>\n19.<br \/>\n23531125<br \/>\nWANDERSON MAGALHAES MENDONCA<br \/>\n124<br \/>\n20.<br \/>\n16365684<br \/>\nGILDESIO DOS REIS LEAL<br \/>\n123<br \/>\n21.<br \/>\n16365743<br \/>\nABRAHAO DOS SANTOS FONSECA<br \/>\n123<br \/>\n22.<br \/>\n23524071<br \/>\nENEIDA ELOIZA PORTELA BLOIZI<br \/>\n122<br \/>\n23.<br \/>\n23524001<br \/>\nFRANKLIM DA SILVA PEIXINHO<br \/>\n122<br \/>\n24.<br \/>\n23531620<br \/>\nJULIANA PEDREIRA BARRETO<br \/>\n122<br \/>\n25.<br \/>\n23531282<br \/>\nMARCOS ELY B R NASCIMENTO<br \/>\n122<br \/>\n26.<br \/>\n23530448<br \/>\nIRALDO LUIZ OLIVEIRA PEDREIRA<br \/>\n121,3<br \/>\n27.<br \/>\n16227012<br \/>\nJACIARA SOUSA SANTANA<br \/>\n121<br \/>\n28.<br \/>\n16340846<br \/>\nJOMAR SANTOS SILVA<br \/>\n121<br \/>\n29.<br \/>\n23530501<br \/>\nJUAREZ BISPO DOS SANTOS FILHO<br \/>\n121<br \/>\n30.<br \/>\n16276947<br \/>\nSOSTENES ALMEIDA DA SILVA<br \/>\n120,6<br \/>\n31.<br \/>\n23533223<br \/>\nLICIVALDA M\u00d4NICA S SILVA<br \/>\n120,5<br \/>\n32.<br \/>\n23530527<br \/>\nANTONIO JORGE COSTA SOUZA<br \/>\n120<br \/>\n33.<br \/>\n23530401<br \/>\nCARLA AMELIA MOTA P FREITAS<br \/>\n120<br \/>\n34.<br \/>\n23530952<br \/>\nCELINDO ELMO DA SILVA LUZ<br \/>\n120<br \/>\n35.<br \/>\n16257515<br \/>\nEVANILDO DA SILVA OLIVEIRA<br \/>\n120<br \/>\n36.<br \/>\n23530472<br \/>\nROBERTO BRITO DOS ANJOS<br \/>\n120<br \/>\n37.<br \/>\n16172883<br \/>\nVIVALDO RODRIGUES DA SILVA<br \/>\n120<br \/>\n38.<br \/>\n23524080<br \/>\nEDSON SANTOS DE LIMA<br \/>\n119<br \/>\n39.<br \/>\n23537984<br \/>\nISMAEL BOAVENTURA CONCEICAO<br \/>\n119<br \/>\n40.<br \/>\n23524075<br \/>\nTITO JOSE VINHAS ASSIS JUNIOR<br \/>\n119<br \/>\n41.<br \/>\n16367799<br \/>\nALTAVI COQUEIRO BERBEL<br \/>\n118<br \/>\n42.<br \/>\n23531625<br \/>\nANA PAULA PEREIRA<br \/>\n118<br \/>\n43.<br \/>\n23531130<br \/>\nCAMILA CALMON COSTA<br \/>\n118<br \/>\n44.<br \/>\n16292197<br \/>\nCLERISTON SANTOS LEITE<br \/>\n118<br \/>\n45.<br \/>\n23524022<br \/>\nCRISTINA ARREDONDO B LOPES<br \/>\n118<br \/>\n46.<br \/>\n23524067<br \/>\nEDVANIA VIEIRA DE SOUZA<br \/>\n118<br \/>\n47.<br \/>\n16282118<br \/>\nERIKA LOPES VASCONCELOS<br \/>\n118<br \/>\n48.<br \/>\n23530462<br \/>\nERINALDO OLIVEIRA DA SILVA<br \/>\n118<br \/>\n49.<br \/>\n16297868<br \/>\nEVILASIO PIEDADE<br \/>\n118<br \/>\n50.<br \/>\n16348845<br \/>\nFRANCINEIDE SANTOS S CERQUEIRA<br \/>\n118<br \/>\n51.<br \/>\n23524078<br \/>\nGILSON FERREIRA RODRIGUES JR<br \/>\n118<br \/>\n52.<br \/>\n23524809<br \/>\nLUSSANDRA AMORIM AZEVEDO<br \/>\n118<br \/>\n53.<br \/>\n23524008<br \/>\nMAGNUM FREITAS SILVA KIRSCH<br \/>\n118<br \/>\n54.<br \/>\n23530959<br \/>\nODILAR B L OLIVEIRA NETO<br \/>\n118<br \/>\n55.<br \/>\n23541089<br \/>\nOTAIR DE CARVALHO LIRA JUNIOR<br \/>\n118<br \/>\n56.<br \/>\n23530972<br \/>\nERIC ALESSANDRE BENTES BELEZA<br \/>\n117,5<br \/>\n57.<br \/>\n23532234<br \/>\nGUTEMBERG ALECRIM DA ROCHA<br \/>\n117<br \/>\n58.<br \/>\n16229907<br \/>\nNUBIA APARECIDA A A SILVA<br \/>\n117<br \/>\n59.<br \/>\n23524012<br \/>\nRAONI DAMASCENO DE LIMA<br \/>\n117<br \/>\n60.<br \/>\n16307677<br \/>\nSIRLEIDE DE JESUS LIMA SANTOS<br \/>\n117<br \/>\n61.<br \/>\n16366618<br \/>\nROSA MARIA MENDES SANTOS<br \/>\n116<br \/>\n62.<br \/>\n23530964<br \/>\nTALITA PITANGA GUIMARAES<br \/>\n116<br \/>\n63.<br \/>\n23530967<br \/>\nRAUL MUNIZ DOS SANTOS JUNIOR<br \/>\n115,4<br \/>\n64.<br \/>\n16227049<br \/>\nANA CARLA GONCALVES QUARESMA<br \/>\n115<br \/>\n65.<br \/>\n23530739<br \/>\nGENILDO SOUSA DA SILVA<br \/>\n115<br \/>\n66.<br \/>\n16307676<br \/>\nJARISON SILVA PINHO<br \/>\n115<br \/>\n67.<br \/>\n23524013<br \/>\nROGERIO ROQUE SANTOS DE SOUZA<br \/>\n115<br \/>\n68.<br \/>\n16365331<br \/>\nRUCAYTON REIS DE OLIVEIRA<br \/>\n115<br \/>\n69.<br \/>\n23530738<br \/>\nADELSON CARVALHO<br \/>\n114,5<br \/>\n70.<br \/>\n16205186<br \/>\nADAILTON CONCEICAO SILVA PINHO<br \/>\n114<br \/>\n71.<br \/>\n23530953<br \/>\nCLEIDIVAN MELO BATISTA A LEITE<br \/>\n114<br \/>\n72.<br \/>\n16342629<br \/>\nEVANDRO BRITO CAFEZEIRO<br \/>\n114<br \/>\n73.<br \/>\n16278452<br \/>\nJOHNNI ROBERT GRESIK SANTOS<br \/>\n114<br \/>\n74.<br \/>\n23530723<br \/>\nMAGNOVALDO SOUZA ARAGAO<br \/>\n114<br \/>\n75.<br \/>\n23530470<br \/>\nPAULO ALBERTO BEZERRIL SOARES<br \/>\n114<br \/>\n76.<br \/>\n16300256<br \/>\nROBSON JOSE ASSIS COSTA<br \/>\n114<br \/>\n77.<br \/>\n16310753<br \/>\nSIVANILDA SILVA SANTOS<br \/>\n114<br \/>\n78..<br \/>\n16227041<br \/>\nVERUSCKA OLIVEIRA TRINDADE<br \/>\n114<br \/>\n79.<br \/>\n16300072<br \/>\nRITA DE CASSIA MORAES MACEDO<br \/>\n113,5<br \/>\n80.<br \/>\n16343524<br \/>\nMARCOS VINICIUS SANTOS BARBOSA<br \/>\n113<br \/>\n81.<br \/>\n16282730<br \/>\nJANETE NUNES DE FREITAS<br \/>\n113<br \/>\n82.<br \/>\n23530474<br \/>\nMARCELO SOUZA FRANCA<br \/>\n113<br \/>\n\u00a0<\/p>\n","protected":false},"excerpt":{"rendered":"<p>A Promo\u00e7\u00e3o dos Policiais Penais foi publicada no Di\u00e1rio Ofical, nesta semana,pela Secretaria de Admistra\u00e7\u00e3o Penitenci\u00e1ria e Ressocializa\u00e7\u00e3o do Estado<\/p>\n","protected":false},"author":1,"featured_media":649,"comment_status":"open","ping_status":"open","sticky":false,"template":"","format":"standard","meta":{"colormag_page_container_layout":"default_layout","colormag_page_sidebar_layout":"default_layout","footnotes":""},"categories":[1],"tags":[9,17,13],"class_list":["post-648","post","type-post","status-publish","format-standard","has-post-thumbnail","hentry","category-noticias","tag-policia-penal","tag-promocoes","tag-sinspeb"],"_links":{"self":[{"href":"https:\/\/sinspeb.org.br\/index.php?rest_route=\/wp\/v2\/posts\/648","targetHints":{"allow":["GET"]}}],"collection":[{"href":"https:\/\/sinspeb.org.br\/index.php?rest_route=\/wp\/v2\/posts"}],"about":[{"href":"https:\/\/sinspeb.org.br\/index.php?rest_route=\/wp\/v2\/types\/post"}],"author":[{"embeddable":true,"href":"https:\/\/sinspeb.org.br\/index.php?rest_route=\/wp\/v2\/users\/1"}],"replies":[{"embeddable":true,"href":"https:\/\/sinspeb.org.br\/index.php?rest_route=%2Fwp%2Fv2%2Fcomments&post=648"}],"version-history":[{"count":4,"href":"https:\/\/sinspeb.org.br\/index.php?rest_route=\/wp\/v2\/posts\/648\/revisions"}],"predecessor-version":[{"id":652,"href":"https:\/\/sinspeb.org.br\/index.php?rest_route=\/wp\/v2\/posts\/648\/revisions\/652"}],"wp:featuredmedia":[{"embeddable":true,"href":"https:\/\/sinspeb.org.br\/index.php?rest_route=\/wp\/v2\/media\/649"}],"wp:attachment":[{"href":"https:\/\/sinspeb.org.br\/index.php?rest_route=%2Fwp%2Fv2%2Fmedia&parent=648"}],"wp:term":[{"taxonomy":"category","embeddable":true,"href":"https:\/\/sinspeb.org.br\/index.php?rest_route=%2Fwp%2Fv2%2Fcategories&post=648"},{"taxonomy":"post_tag","embeddable":true,"href":"https:\/\/sinspeb.org.br\/index.php?rest_route=%2Fwp%2Fv2%2Ftags&post=648"}],"curies":[{"name":"wp","href":"https:\/\/api.w.org\/{rel}","templated":true}]}}