{"id":654,"date":"2019-12-13T19:07:35","date_gmt":"2019-12-13T22:07:35","guid":{"rendered":"http:\/\/sinspeb.org.br\/?p=654"},"modified":"2019-12-13T19:31:51","modified_gmt":"2019-12-13T22:31:51","slug":"presidente-do-sinspeb-parabeniza-o-sindipol-ba-pelos-30-anos-de-atuacao-e-posse-da-nova-diretoria","status":"publish","type":"post","link":"https:\/\/sinspeb.org.br\/?p=654","title":{"rendered":"Presidente do Sinspeb parabeniza o Sindipol-BA pelos 30 anos de atua\u00e7\u00e3o e posse da nova diretoria"},"content":{"rendered":"<p>Reivon Pimentel elogia o trabalho desenvolvido pelo Sindipol em defesa dos Policiais Federais baianos<\/p>\n<p>Nesta sexta-feira(13), policiais federais baianos comemoram 30 anos de funda\u00e7\u00e3o do Sindipol e da  luta encabe\u00e7ada pela institui\u00e7\u00e3o durante tr\u00eas d\u00e9cadas  em defesa dos pleitos da categoria<\/p>\n<p> O presidente do Sindicato dos Servidores Penitenci\u00e1rios ( Sinspeb), Reivon Pimentel, destaca o trabalho desenvolvido pelo Sindipol e parabeniza a entidade pelos 30  anos de resist\u00eancia. &#8221; O Sindipol  \u00e9 um sindicato extremamente importante porque representa todos os policiais federais baianos, tem uma diretoria aguerrida, comprometida, que n\u00e3o mede esfor\u00e7os para defender as causas que s\u00e3o de interesse da categoria&#8221;, pontua o presidente do Sinspeb.<\/p>\n<p><img fetchpriority=\"high\" decoding=\"async\" src=\"http:\/\/sinspeb.org.br\/wp-content\/uploads\/2019\/12\/IMG-20191213-WA0039-1024x674.jpg\" alt=\"\" width=\"750\" height=\"494\" class=\"aligncenter size-large wp-image-655\" srcset=\"https:\/\/sinspeb.org.br\/wp-content\/uploads\/2019\/12\/IMG-20191213-WA0039-1024x674.jpg 1024w, https:\/\/sinspeb.org.br\/wp-content\/uploads\/2019\/12\/IMG-20191213-WA0039-300x198.jpg 300w, https:\/\/sinspeb.org.br\/wp-content\/uploads\/2019\/12\/IMG-20191213-WA0039-768x506.jpg 768w, https:\/\/sinspeb.org.br\/wp-content\/uploads\/2019\/12\/IMG-20191213-WA0039.jpg 1280w\" sizes=\"(max-width: 750px) 100vw, 750px\" \/><\/p>\n<p>Pimentel salienta a import\u00e2ncia dos trabalhadores terem entidades classistas fortes e combativas. Para o presidente do Sinspeb, os sindicatos sempre est\u00e3o ao lado dos trabalhadores. &#8221; \u00c9 preciso que a categoria reconhe\u00e7a o trabalho dos sindicatos, fortale\u00e7a sua entidade. No caso do Sindipol e do Sinspeb que representam os servidores p\u00fablicos, se n\u00e3o tivermos sindicatos fortes, o Governo vai nos atropelar, vai arrancar o m\u00e1ximo de direitos que eles puderem.  Sempre quando tem que cortar despesas, cortam do bolso do trabalhador&#8221;,frisa o presidente do Sinspeb.<\/p>\n<p>O sindicalista lamentou n\u00e3o ter comparecido ao evento de comemora\u00e7\u00e3o dos 30 anos do Sindpol, posse da nova diretoria tri\u00eanio 2020\/2022, e confraterniza\u00e7\u00e3o natalina, no Clube Espanhol,localizado no bairro da Barra,capital baiana,na noite desta sexta-feira(13), porque estava em uma atividade sindical no munic\u00edpio de Riach\u00e3o do Jacu\u00edpe. <\/p>\n<p>Ascom Sinspeb <\/p>\n","protected":false},"excerpt":{"rendered":"<p>Reivon Pimentel elogia o trabalho desenvolvido pelo Sindipol em defesa dos Policiais Federais baianos Nesta sexta-feira(13), policiais federais baianos comemoram<\/p>\n","protected":false},"author":1,"featured_media":0,"comment_status":"open","ping_status":"open","sticky":false,"template":"","format":"standard","meta":{"colormag_page_container_layout":"default_layout","colormag_page_sidebar_layout":"default_layout","footnotes":""},"categories":[1],"tags":[18,19,13],"class_list":["post-654","post","type-post","status-publish","format-standard","hentry","category-noticias","tag-policiais-federais","tag-sindpol","tag-sinspeb"],"_links":{"self":[{"href":"https:\/\/sinspeb.org.br\/index.php?rest_route=\/wp\/v2\/posts\/654","targetHints":{"allow":["GET"]}}],"collection":[{"href":"https:\/\/sinspeb.org.br\/index.php?rest_route=\/wp\/v2\/posts"}],"about":[{"href":"https:\/\/sinspeb.org.br\/index.php?rest_route=\/wp\/v2\/types\/post"}],"author":[{"embeddable":true,"href":"https:\/\/sinspeb.org.br\/index.php?rest_route=\/wp\/v2\/users\/1"}],"replies":[{"embeddable":true,"href":"https:\/\/sinspeb.org.br\/index.php?rest_route=%2Fwp%2Fv2%2Fcomments&post=654"}],"version-history":[{"count":5,"href":"https:\/\/sinspeb.org.br\/index.php?rest_route=\/wp\/v2\/posts\/654\/revisions"}],"predecessor-version":[{"id":660,"href":"https:\/\/sinspeb.org.br\/index.php?rest_route=\/wp\/v2\/posts\/654\/revisions\/660"}],"wp:attachment":[{"href":"https:\/\/sinspeb.org.br\/index.php?rest_route=%2Fwp%2Fv2%2Fmedia&parent=654"}],"wp:term":[{"taxonomy":"category","embeddable":true,"href":"https:\/\/sinspeb.org.br\/index.php?rest_route=%2Fwp%2Fv2%2Fcategories&post=654"},{"taxonomy":"post_tag","embeddable":true,"href":"https:\/\/sinspeb.org.br\/index.php?rest_route=%2Fwp%2Fv2%2Ftags&post=654"}],"curies":[{"name":"wp","href":"https:\/\/api.w.org\/{rel}","templated":true}]}}