{"id":661,"date":"2019-12-16T17:15:50","date_gmt":"2019-12-16T20:15:50","guid":{"rendered":"http:\/\/sinspeb.org.br\/?p=661"},"modified":"2019-12-16T17:15:50","modified_gmt":"2019-12-16T20:15:50","slug":"assembleia-aprova-prestacao-de-contas-do-sinspeb-do-periodo-de-2014-a-2018","status":"publish","type":"post","link":"https:\/\/sinspeb.org.br\/?p=661","title":{"rendered":"Assembleia aprova presta\u00e7\u00e3o de contas do Sinspeb do per\u00edodo de 2014 a 2018"},"content":{"rendered":"<p><img fetchpriority=\"high\" decoding=\"async\" src=\"http:\/\/sinspeb.org.br\/wp-content\/uploads\/2019\/12\/20191214_115029-1024x768.jpg\" alt=\"\" width=\"750\" height=\"563\" class=\"aligncenter size-large wp-image-662\" srcset=\"https:\/\/sinspeb.org.br\/wp-content\/uploads\/2019\/12\/20191214_115029-1024x768.jpg 1024w, https:\/\/sinspeb.org.br\/wp-content\/uploads\/2019\/12\/20191214_115029-300x225.jpg 300w, https:\/\/sinspeb.org.br\/wp-content\/uploads\/2019\/12\/20191214_115029-768x576.jpg 768w\" sizes=\"(max-width: 750px) 100vw, 750px\" \/>O presidente do Sinspeb informa que, entre fevereiro e mar\u00e7o de 2020, ser\u00e1 realizada a presta\u00e7\u00e3o de contas relativa a 2019<\/p>\n<p>Servidores Penitenci\u00e1rios da capital baiana, regi\u00e3o metropolitana e do interior participaram da Assembleia promovida pelo Sinspeb, na manh\u00e3 deste s\u00e1bado(14), no audit\u00f3rio da Associa\u00e7\u00e3o dos Funcion\u00e1rios P\u00fablicos(AFPEB), localizada na Carlos Gomes, centro de Salvador, onde aprovaram a presta\u00e7\u00e3o de contas do sindicato equivalente ao per\u00edodo de 2014 a 2018.<\/p>\n<p>O Coordenador de Finan\u00e7as do Sinspeb, Anderson Albuquerque, dirigente que realizou uma apresenta\u00e7\u00e3o p\u00fablica da planilha or\u00e7ament\u00e1ria da institui\u00e7\u00e3o, destaca que a Assembleia al\u00e9m de  seguir o que determina o Estatuto da entidade, teve como objetivo ampliar a transpar\u00eancia financeira do sindicato atrav\u00e9s de uma intera\u00e7\u00e3o direta com os servidores que tiveram, na ocasi\u00e3o, a oportunidade de fazerem questionamentos e   sugest\u00f5es \u00e0 gest\u00e3o do sindicato.<\/p>\n<p>&#8220;A ideia de realizarmos a Assembleia extrapola o simples fato do acatamento integral de nossa lei. Para n\u00f3s \u00e9 extramemente importante gerirmos os recursos do sindicato de forma transparente para que o servidor saiba como a sua mensalidade est\u00e1 sendo aplicada e tamb\u00e9m para tornar o  filiado o grande provedor de todas as nossas a\u00e7\u00f5es em prol da categoria&#8221;, frisa Anderson Albuquerque,  ao salientar que  as Assembleias podem  propor direcionamentos \u00e0 gest\u00e3o do Sinspeb relativas \u00e0s demandas consideradas &#8220;mais importantes&#8221; ou &#8220;mais emergenciais&#8221; pelos servidores. <\/p>\n<p>&#8220;Colegas que insistem em se fazer presentes em  todas  assembleias, bravos guerreiros&#8221;, elogia o sindicalista.<\/p>\n<p><img decoding=\"async\" src=\"http:\/\/sinspeb.org.br\/wp-content\/uploads\/2019\/12\/IMG-20191216-WA0031-1024x682.jpg\" alt=\"\" width=\"750\" height=\"500\" class=\"aligncenter size-large wp-image-667\" srcset=\"https:\/\/sinspeb.org.br\/wp-content\/uploads\/2019\/12\/IMG-20191216-WA0031-1024x682.jpg 1024w, https:\/\/sinspeb.org.br\/wp-content\/uploads\/2019\/12\/IMG-20191216-WA0031-300x200.jpg 300w, https:\/\/sinspeb.org.br\/wp-content\/uploads\/2019\/12\/IMG-20191216-WA0031-768x512.jpg 768w, https:\/\/sinspeb.org.br\/wp-content\/uploads\/2019\/12\/IMG-20191216-WA0031-360x240.jpg 360w, https:\/\/sinspeb.org.br\/wp-content\/uploads\/2019\/12\/IMG-20191216-WA0031.jpg 1280w\" sizes=\"(max-width: 750px) 100vw, 750px\" \/><\/p>\n<p>O Coordenador de Finan\u00e7as do Sinspeb ressalta que a Assembleia, deste s\u00e1bado(14), foi a primeira promovida pelo sindicato destinada \u00e0  presta\u00e7\u00e3o de contas. &#8220;Precis\u00e1vamos desse exerc\u00edcio. As pr\u00f3ximas ser\u00e3o cada vez melhores. Assim como acontece com  as nossas confraterniza\u00e7\u00f5es&#8221;, comemora Anderson Albuquerque.<\/p>\n<p><img decoding=\"async\" src=\"http:\/\/sinspeb.org.br\/wp-content\/uploads\/2019\/12\/IMG-20191216-WA0044-1024x682.jpg\" alt=\"\" width=\"750\" height=\"500\" class=\"aligncenter size-large wp-image-665\" srcset=\"https:\/\/sinspeb.org.br\/wp-content\/uploads\/2019\/12\/IMG-20191216-WA0044-1024x682.jpg 1024w, https:\/\/sinspeb.org.br\/wp-content\/uploads\/2019\/12\/IMG-20191216-WA0044-300x200.jpg 300w, https:\/\/sinspeb.org.br\/wp-content\/uploads\/2019\/12\/IMG-20191216-WA0044-768x512.jpg 768w, https:\/\/sinspeb.org.br\/wp-content\/uploads\/2019\/12\/IMG-20191216-WA0044-360x240.jpg 360w, https:\/\/sinspeb.org.br\/wp-content\/uploads\/2019\/12\/IMG-20191216-WA0044.jpg 1280w\" sizes=\"(max-width: 750px) 100vw, 750px\" \/>O presidente do Sindicato dos Servidores Penitenci\u00e1rios (Sinspeb), Reivon Pimentel, pontua que a  Coordena\u00e7\u00e3o realizou a Assembleia de Presta\u00e7\u00e3o de Contas para mostrar a transpar\u00eancia da gest\u00e3o UFC e proporcionar um momento de tirar d\u00favidas e fazer esclarecimentos relativos ao financeiro do sindicato.<\/p>\n<p> O sindicalista ressalta que, em todos os anos, as presta\u00e7\u00f5es de contas do Sinspeb foram aprovadas,por unanimidade,e frisa a import\u00e2ncia do associado entender &#8220;como e onde&#8221; est\u00e1 sendo investido a contribui\u00e7\u00e3o sindical dos filiados \u00e0 institui\u00e7\u00e3o.<\/p>\n<p> &#8220;Para mostrarmos, de fato, quanto arrecadamos, quanto gastamos e como gastamos. Um momento tamb\u00e9m para que os colegas da base pudessem fazer sugest\u00f5es para aprimorarmos o controle fiscal da gest\u00e3o financeira do sindicato&#8221;, frisa  Pimentel.<\/p>\n<p><img loading=\"lazy\" decoding=\"async\" src=\"http:\/\/sinspeb.org.br\/wp-content\/uploads\/2019\/12\/IMG-20191216-WA0059-1024x682.jpg\" alt=\"\" width=\"750\" height=\"500\" class=\"aligncenter size-large wp-image-664\" srcset=\"https:\/\/sinspeb.org.br\/wp-content\/uploads\/2019\/12\/IMG-20191216-WA0059-1024x682.jpg 1024w, https:\/\/sinspeb.org.br\/wp-content\/uploads\/2019\/12\/IMG-20191216-WA0059-300x200.jpg 300w, https:\/\/sinspeb.org.br\/wp-content\/uploads\/2019\/12\/IMG-20191216-WA0059-768x512.jpg 768w, https:\/\/sinspeb.org.br\/wp-content\/uploads\/2019\/12\/IMG-20191216-WA0059-360x240.jpg 360w, https:\/\/sinspeb.org.br\/wp-content\/uploads\/2019\/12\/IMG-20191216-WA0059.jpg 1280w\" sizes=\"(max-width: 750px) 100vw, 750px\" \/><\/p>\n<p>O presidente do Sinspeb lembra que o sindicato realiza a presta\u00e7\u00e3o de contas, de forma bimestral, e os balancetes financeiros s\u00e3o publicados no site da institui\u00e7\u00e3o e nas redes sociais. &#8221; Mas, mesmo assim, sentimos a necessidade de fazermos algo maior, de deixarmos ainda mais transparente  as contas do Sinspeb. A partir de ent\u00e3o, sempre nos primeiros meses do ano,vamos fazer a presta\u00e7\u00e3o de contas respectiva ao ano anterior, ou seja, entre fevereiro e mar\u00e7o de 2020 vamos fazer a presta\u00e7\u00e3o de contas relativa ao ano de 2019&#8243;, avisa Reivon Pimentel.<\/p>\n<p><img loading=\"lazy\" decoding=\"async\" src=\"http:\/\/sinspeb.org.br\/wp-content\/uploads\/2019\/12\/IMG-20191216-WA0039-1024x682.jpg\" alt=\"\" width=\"750\" height=\"500\" class=\"aligncenter size-large wp-image-675\" srcset=\"https:\/\/sinspeb.org.br\/wp-content\/uploads\/2019\/12\/IMG-20191216-WA0039-1024x682.jpg 1024w, https:\/\/sinspeb.org.br\/wp-content\/uploads\/2019\/12\/IMG-20191216-WA0039-300x200.jpg 300w, https:\/\/sinspeb.org.br\/wp-content\/uploads\/2019\/12\/IMG-20191216-WA0039-768x512.jpg 768w, https:\/\/sinspeb.org.br\/wp-content\/uploads\/2019\/12\/IMG-20191216-WA0039-360x240.jpg 360w, https:\/\/sinspeb.org.br\/wp-content\/uploads\/2019\/12\/IMG-20191216-WA0039.jpg 1280w\" sizes=\"(max-width: 750px) 100vw, 750px\" \/><\/p>\n<p>O presidente do Sindicato dos Servidores Penitenci\u00e1rios( Sinspeb)agradece a presen\u00e7a dos servidores na Assembleia. Para o sindicalista, a participa\u00e7\u00e3o na Assembleia representa o compromisso dos servidores  em ajudar  a &#8220;sa\u00fade fiscal&#8221; e financeira do sindicato.  <\/p>\n<p>&#8221; Em especial, ao servidor Sin\u00e9zio  Am\u00e2ncio e Teobaldo, ambos aposentados que, apesar de estarem convalescendo de cirurgias, fizeram quest\u00e3o de participar da Assembleia. Um agradecimento especial tamb\u00e9m a Fagner que \u00e9 contador da nossa entidade e \u00e0 doutora Mara\u00edsa que tamb\u00e9m esteve nos dando apoio em pleno s\u00e1bado&#8221;,  destaca.<\/p>\n<p>Ascom Sinspeb<\/p>\n<p><img loading=\"lazy\" decoding=\"async\" src=\"http:\/\/sinspeb.org.br\/wp-content\/uploads\/2019\/12\/IMG-20191216-WA0058-1024x682.jpg\" alt=\"\" width=\"750\" height=\"500\" class=\"aligncenter size-large wp-image-669\" srcset=\"https:\/\/sinspeb.org.br\/wp-content\/uploads\/2019\/12\/IMG-20191216-WA0058-1024x682.jpg 1024w, https:\/\/sinspeb.org.br\/wp-content\/uploads\/2019\/12\/IMG-20191216-WA0058-300x200.jpg 300w, https:\/\/sinspeb.org.br\/wp-content\/uploads\/2019\/12\/IMG-20191216-WA0058-768x512.jpg 768w, https:\/\/sinspeb.org.br\/wp-content\/uploads\/2019\/12\/IMG-20191216-WA0058-360x240.jpg 360w, https:\/\/sinspeb.org.br\/wp-content\/uploads\/2019\/12\/IMG-20191216-WA0058.jpg 1280w\" sizes=\"(max-width: 750px) 100vw, 750px\" \/><\/p>\n<p><img loading=\"lazy\" decoding=\"async\" src=\"http:\/\/sinspeb.org.br\/wp-content\/uploads\/2019\/12\/IMG-20191216-WA0055-1024x682.jpg\" alt=\"\" width=\"750\" height=\"500\" class=\"aligncenter size-large wp-image-670\" srcset=\"https:\/\/sinspeb.org.br\/wp-content\/uploads\/2019\/12\/IMG-20191216-WA0055-1024x682.jpg 1024w, https:\/\/sinspeb.org.br\/wp-content\/uploads\/2019\/12\/IMG-20191216-WA0055-300x200.jpg 300w, https:\/\/sinspeb.org.br\/wp-content\/uploads\/2019\/12\/IMG-20191216-WA0055-768x512.jpg 768w, https:\/\/sinspeb.org.br\/wp-content\/uploads\/2019\/12\/IMG-20191216-WA0055-360x240.jpg 360w, https:\/\/sinspeb.org.br\/wp-content\/uploads\/2019\/12\/IMG-20191216-WA0055.jpg 1280w\" sizes=\"(max-width: 750px) 100vw, 750px\" \/><\/p>\n<p><img loading=\"lazy\" decoding=\"async\" src=\"http:\/\/sinspeb.org.br\/wp-content\/uploads\/2019\/12\/IMG-20191216-WA0057-1024x682.jpg\" alt=\"\" width=\"750\" height=\"500\" class=\"aligncenter size-large wp-image-671\" srcset=\"https:\/\/sinspeb.org.br\/wp-content\/uploads\/2019\/12\/IMG-20191216-WA0057-1024x682.jpg 1024w, https:\/\/sinspeb.org.br\/wp-content\/uploads\/2019\/12\/IMG-20191216-WA0057-300x200.jpg 300w, https:\/\/sinspeb.org.br\/wp-content\/uploads\/2019\/12\/IMG-20191216-WA0057-768x512.jpg 768w, https:\/\/sinspeb.org.br\/wp-content\/uploads\/2019\/12\/IMG-20191216-WA0057-360x240.jpg 360w, https:\/\/sinspeb.org.br\/wp-content\/uploads\/2019\/12\/IMG-20191216-WA0057.jpg 1280w\" sizes=\"(max-width: 750px) 100vw, 750px\" \/><\/p>\n<p><img loading=\"lazy\" decoding=\"async\" src=\"http:\/\/sinspeb.org.br\/wp-content\/uploads\/2019\/12\/IMG-20191216-WA0053-1024x682.jpg\" alt=\"\" width=\"750\" height=\"500\" class=\"aligncenter size-large wp-image-673\" srcset=\"https:\/\/sinspeb.org.br\/wp-content\/uploads\/2019\/12\/IMG-20191216-WA0053-1024x682.jpg 1024w, https:\/\/sinspeb.org.br\/wp-content\/uploads\/2019\/12\/IMG-20191216-WA0053-300x200.jpg 300w, https:\/\/sinspeb.org.br\/wp-content\/uploads\/2019\/12\/IMG-20191216-WA0053-768x512.jpg 768w, https:\/\/sinspeb.org.br\/wp-content\/uploads\/2019\/12\/IMG-20191216-WA0053-360x240.jpg 360w, https:\/\/sinspeb.org.br\/wp-content\/uploads\/2019\/12\/IMG-20191216-WA0053.jpg 1280w\" sizes=\"(max-width: 750px) 100vw, 750px\" \/><\/p>\n<p><img loading=\"lazy\" decoding=\"async\" src=\"http:\/\/sinspeb.org.br\/wp-content\/uploads\/2019\/12\/IMG-20191216-WA0050-1024x682.jpg\" alt=\"\" width=\"750\" height=\"500\" class=\"aligncenter size-large wp-image-674\" srcset=\"https:\/\/sinspeb.org.br\/wp-content\/uploads\/2019\/12\/IMG-20191216-WA0050-1024x682.jpg 1024w, https:\/\/sinspeb.org.br\/wp-content\/uploads\/2019\/12\/IMG-20191216-WA0050-300x200.jpg 300w, https:\/\/sinspeb.org.br\/wp-content\/uploads\/2019\/12\/IMG-20191216-WA0050-768x512.jpg 768w, https:\/\/sinspeb.org.br\/wp-content\/uploads\/2019\/12\/IMG-20191216-WA0050-360x240.jpg 360w, https:\/\/sinspeb.org.br\/wp-content\/uploads\/2019\/12\/IMG-20191216-WA0050.jpg 1280w\" sizes=\"(max-width: 750px) 100vw, 750px\" \/><\/p>\n<p><img loading=\"lazy\" decoding=\"async\" src=\"http:\/\/sinspeb.org.br\/wp-content\/uploads\/2019\/12\/IMG-20191216-WA0045-1024x682.jpg\" alt=\"\" width=\"750\" height=\"500\" class=\"aligncenter size-large wp-image-676\" srcset=\"https:\/\/sinspeb.org.br\/wp-content\/uploads\/2019\/12\/IMG-20191216-WA0045-1024x682.jpg 1024w, https:\/\/sinspeb.org.br\/wp-content\/uploads\/2019\/12\/IMG-20191216-WA0045-300x200.jpg 300w, https:\/\/sinspeb.org.br\/wp-content\/uploads\/2019\/12\/IMG-20191216-WA0045-768x512.jpg 768w, https:\/\/sinspeb.org.br\/wp-content\/uploads\/2019\/12\/IMG-20191216-WA0045-360x240.jpg 360w, https:\/\/sinspeb.org.br\/wp-content\/uploads\/2019\/12\/IMG-20191216-WA0045.jpg 1280w\" sizes=\"(max-width: 750px) 100vw, 750px\" \/><\/p>\n<p><img loading=\"lazy\" decoding=\"async\" src=\"http:\/\/sinspeb.org.br\/wp-content\/uploads\/2019\/12\/IMG-20191216-WA0035-1024x682.jpg\" alt=\"\" width=\"750\" height=\"500\" class=\"aligncenter size-large wp-image-677\" srcset=\"https:\/\/sinspeb.org.br\/wp-content\/uploads\/2019\/12\/IMG-20191216-WA0035-1024x682.jpg 1024w, https:\/\/sinspeb.org.br\/wp-content\/uploads\/2019\/12\/IMG-20191216-WA0035-300x200.jpg 300w, https:\/\/sinspeb.org.br\/wp-content\/uploads\/2019\/12\/IMG-20191216-WA0035-768x512.jpg 768w, https:\/\/sinspeb.org.br\/wp-content\/uploads\/2019\/12\/IMG-20191216-WA0035-360x240.jpg 360w, https:\/\/sinspeb.org.br\/wp-content\/uploads\/2019\/12\/IMG-20191216-WA0035.jpg 1280w\" sizes=\"(max-width: 750px) 100vw, 750px\" \/><\/p>\n","protected":false},"excerpt":{"rendered":"<p>O presidente do Sinspeb informa que, entre fevereiro e mar\u00e7o de 2020, ser\u00e1 realizada a presta\u00e7\u00e3o de contas relativa a<\/p>\n","protected":false},"author":1,"featured_media":0,"comment_status":"open","ping_status":"open","sticky":false,"template":"","format":"standard","meta":{"colormag_page_container_layout":"default_layout","colormag_page_sidebar_layout":"default_layout","footnotes":""},"categories":[1],"tags":[],"class_list":["post-661","post","type-post","status-publish","format-standard","hentry","category-noticias"],"_links":{"self":[{"href":"https:\/\/sinspeb.org.br\/index.php?rest_route=\/wp\/v2\/posts\/661","targetHints":{"allow":["GET"]}}],"collection":[{"href":"https:\/\/sinspeb.org.br\/index.php?rest_route=\/wp\/v2\/posts"}],"about":[{"href":"https:\/\/sinspeb.org.br\/index.php?rest_route=\/wp\/v2\/types\/post"}],"author":[{"embeddable":true,"href":"https:\/\/sinspeb.org.br\/index.php?rest_route=\/wp\/v2\/users\/1"}],"replies":[{"embeddable":true,"href":"https:\/\/sinspeb.org.br\/index.php?rest_route=%2Fwp%2Fv2%2Fcomments&post=661"}],"version-history":[{"count":6,"href":"https:\/\/sinspeb.org.br\/index.php?rest_route=\/wp\/v2\/posts\/661\/revisions"}],"predecessor-version":[{"id":680,"href":"https:\/\/sinspeb.org.br\/index.php?rest_route=\/wp\/v2\/posts\/661\/revisions\/680"}],"wp:attachment":[{"href":"https:\/\/sinspeb.org.br\/index.php?rest_route=%2Fwp%2Fv2%2Fmedia&parent=661"}],"wp:term":[{"taxonomy":"category","embeddable":true,"href":"https:\/\/sinspeb.org.br\/index.php?rest_route=%2Fwp%2Fv2%2Fcategories&post=661"},{"taxonomy":"post_tag","embeddable":true,"href":"https:\/\/sinspeb.org.br\/index.php?rest_route=%2Fwp%2Fv2%2Ftags&post=661"}],"curies":[{"name":"wp","href":"https:\/\/api.w.org\/{rel}","templated":true}]}}