{"id":681,"date":"2019-12-17T08:33:28","date_gmt":"2019-12-17T11:33:28","guid":{"rendered":"http:\/\/sinspeb.org.br\/?p=681"},"modified":"2019-12-17T08:33:28","modified_gmt":"2019-12-17T11:33:28","slug":"em-busca-da-inclusao-da-policia-penal-da-bahia-na-constituicao-estadual","status":"publish","type":"post","link":"https:\/\/sinspeb.org.br\/?p=681","title":{"rendered":"Em busca da inclus\u00e3o da Pol\u00edcia Penal da Bahia na Constitui\u00e7\u00e3o Estadual"},"content":{"rendered":"<p>Em busca da inclus\u00e3o da Pol\u00edcia Penal da Bahia na Constitui\u00e7\u00e3o Estadual<\/p>\n<p>O Vice Presidente do Sindicato dos Servidores Penitenci\u00e1rios do Estado da Bahia (SINSPEB), Fernando Fernandes, reuniu-se, ontem (16\/12), com a Presidente da Comiss\u00e3o de Seguran\u00e7a P\u00fablica e Direitos Humanos da Assembleia Legislativa (ALBA), Deputada Estadual Neuza Cadore (PT). <\/p>\n<p><img fetchpriority=\"high\" decoding=\"async\" src=\"http:\/\/sinspeb.org.br\/wp-content\/uploads\/2019\/12\/IMG-20191217-WA0001-1024x768.jpg\" alt=\"\" width=\"750\" height=\"563\" class=\"aligncenter size-large wp-image-682\" srcset=\"https:\/\/sinspeb.org.br\/wp-content\/uploads\/2019\/12\/IMG-20191217-WA0001-1024x768.jpg 1024w, https:\/\/sinspeb.org.br\/wp-content\/uploads\/2019\/12\/IMG-20191217-WA0001-300x225.jpg 300w, https:\/\/sinspeb.org.br\/wp-content\/uploads\/2019\/12\/IMG-20191217-WA0001-768x576.jpg 768w, https:\/\/sinspeb.org.br\/wp-content\/uploads\/2019\/12\/IMG-20191217-WA0001.jpg 1280w\" sizes=\"(max-width: 750px) 100vw, 750px\" \/><\/p>\n<p>O objetivo do encontro foi a inclus\u00e3o da Pol\u00edcia Penal da Bahia na Constitui\u00e7\u00e3o Estadual, tendo em vista a promulga\u00e7\u00e3o da Emenda Constitucional 104, promulgada no \u00faltimo dia 05 de dezembro. <\/p>\n<p><img decoding=\"async\" src=\"http:\/\/sinspeb.org.br\/wp-content\/uploads\/2019\/12\/IMG-20191217-WA0002-1024x768.jpg\" alt=\"\" width=\"750\" height=\"563\" class=\"aligncenter size-large wp-image-683\" srcset=\"https:\/\/sinspeb.org.br\/wp-content\/uploads\/2019\/12\/IMG-20191217-WA0002-1024x768.jpg 1024w, https:\/\/sinspeb.org.br\/wp-content\/uploads\/2019\/12\/IMG-20191217-WA0002-300x225.jpg 300w, https:\/\/sinspeb.org.br\/wp-content\/uploads\/2019\/12\/IMG-20191217-WA0002-768x576.jpg 768w, https:\/\/sinspeb.org.br\/wp-content\/uploads\/2019\/12\/IMG-20191217-WA0002.jpg 1152w\" sizes=\"(max-width: 750px) 100vw, 750px\" \/><\/p>\n<p>O Vice Presidente do SINSPEB, juntamente com os Coordenadores Anderson Albuquerque, Manoel Marcelo, Jorge Bastos, Eliel Almeida, Raimundo Moreira, Irisvaldo Carlomagno e o Policial Penal Paulo Silva (CPFS), entregaram a Parlamentar, minuta proposta pelo SINSPEB, que se comprometeu a realizar os encaminhamentos necess\u00e1rios t\u00e3o logo os trabalhos na ALBA sejam reiniciados ap\u00f3s o recesso de final de ano.<\/p>\n<p>Ascom &#8211; SINSPEB<\/p>\n","protected":false},"excerpt":{"rendered":"<p>Em busca da inclus\u00e3o da Pol\u00edcia Penal da Bahia na Constitui\u00e7\u00e3o Estadual O Vice Presidente do Sindicato dos Servidores Penitenci\u00e1rios<\/p>\n","protected":false},"author":1,"featured_media":682,"comment_status":"open","ping_status":"open","sticky":false,"template":"","format":"standard","meta":{"colormag_page_container_layout":"default_layout","colormag_page_sidebar_layout":"default_layout","footnotes":""},"categories":[1],"tags":[],"class_list":["post-681","post","type-post","status-publish","format-standard","has-post-thumbnail","hentry","category-noticias"],"_links":{"self":[{"href":"https:\/\/sinspeb.org.br\/index.php?rest_route=\/wp\/v2\/posts\/681","targetHints":{"allow":["GET"]}}],"collection":[{"href":"https:\/\/sinspeb.org.br\/index.php?rest_route=\/wp\/v2\/posts"}],"about":[{"href":"https:\/\/sinspeb.org.br\/index.php?rest_route=\/wp\/v2\/types\/post"}],"author":[{"embeddable":true,"href":"https:\/\/sinspeb.org.br\/index.php?rest_route=\/wp\/v2\/users\/1"}],"replies":[{"embeddable":true,"href":"https:\/\/sinspeb.org.br\/index.php?rest_route=%2Fwp%2Fv2%2Fcomments&post=681"}],"version-history":[{"count":1,"href":"https:\/\/sinspeb.org.br\/index.php?rest_route=\/wp\/v2\/posts\/681\/revisions"}],"predecessor-version":[{"id":684,"href":"https:\/\/sinspeb.org.br\/index.php?rest_route=\/wp\/v2\/posts\/681\/revisions\/684"}],"wp:featuredmedia":[{"embeddable":true,"href":"https:\/\/sinspeb.org.br\/index.php?rest_route=\/wp\/v2\/media\/682"}],"wp:attachment":[{"href":"https:\/\/sinspeb.org.br\/index.php?rest_route=%2Fwp%2Fv2%2Fmedia&parent=681"}],"wp:term":[{"taxonomy":"category","embeddable":true,"href":"https:\/\/sinspeb.org.br\/index.php?rest_route=%2Fwp%2Fv2%2Fcategories&post=681"},{"taxonomy":"post_tag","embeddable":true,"href":"https:\/\/sinspeb.org.br\/index.php?rest_route=%2Fwp%2Fv2%2Ftags&post=681"}],"curies":[{"name":"wp","href":"https:\/\/api.w.org\/{rel}","templated":true}]}}