{"id":685,"date":"2019-12-17T11:58:51","date_gmt":"2019-12-17T14:58:51","guid":{"rendered":"http:\/\/sinspeb.org.br\/?p=685"},"modified":"2019-12-17T12:01:28","modified_gmt":"2019-12-17T15:01:28","slug":"policial-penal-conquista-1-lugar-na-corrida-de-rua-circuito-das-estacoes-neste-domingo15","status":"publish","type":"post","link":"https:\/\/sinspeb.org.br\/?p=685","title":{"rendered":"Policial Penal  conquista 1\u00b0 lugar na Corrida de Rua &#8220;Circuito das Esta\u00e7\u00f5es&#8221; neste domingo(15)"},"content":{"rendered":"<p>O servidor foi campe\u00e3o do percurso de 10 Km<\/p>\n<p>O Policial Penal Cleidvan Melo, neste domingo(15), conquistou o 1\u00b0 lugar na corrida &#8221; Circuito das Esta\u00e7\u00f5es&#8221;, realizada no bairro de Piat\u00e3, capital baiana, no percurso dos 10 km. <\/p>\n<p>O Servidor Penitenci\u00e1rio lembra que  h\u00e1 4 anos descobriu a Corrida de Rua e destaca a import\u00e2ncia do esporte \u00e0 qualidade de vida e mudan\u00e7as de h\u00e1bitos. &#8220;Se n\u00e3o fosse a corrida, certamente muita coisa na minha vida seria diferente. Desse tempo pra c\u00e1, aconteceram v\u00e1rias mudan\u00e7as: treinos, mentalidade e objetivos.Esses anos foram marcados por muitas medalhas, trof\u00e9us, for\u00e7a de vontade e supera\u00e7\u00e3o. Mas tamb\u00e9m fiz amigos que se n\u00e3o fosse a corrida, dificilmente eu teria a oportunidade de conhecer&#8221;, revela Cleidvan Melo.<br \/>\n\u2800<br \/>\n<img fetchpriority=\"high\" decoding=\"async\" src=\"http:\/\/sinspeb.org.br\/wp-content\/uploads\/2019\/12\/IMG-20191216-WA0018-768x1024.jpg\" alt=\"\" width=\"750\" height=\"1000\" class=\"aligncenter size-large wp-image-686\" srcset=\"https:\/\/sinspeb.org.br\/wp-content\/uploads\/2019\/12\/IMG-20191216-WA0018-768x1024.jpg 768w, https:\/\/sinspeb.org.br\/wp-content\/uploads\/2019\/12\/IMG-20191216-WA0018-225x300.jpg 225w, https:\/\/sinspeb.org.br\/wp-content\/uploads\/2019\/12\/IMG-20191216-WA0018.jpg 960w\" sizes=\"(max-width: 750px) 100vw, 750px\" \/><\/p>\n<p>O servidor afirma encerrar o calend\u00e1rio de provas de 2019 com a sensa\u00e7\u00e3o de dever cumprido, pois al\u00e9m de ter  conseguido obter &#8220;uma melhor sa\u00fade&#8221;, garantiu diversos pr\u00eamios como atleta das Corridas de Rua realizadas no Estado. <\/p>\n<p>&#8220;Grato pela minha sa\u00fade e por todos que me apoiam e torcem pelo meu sucesso. Que venha 2020 com novos desafios e a determina\u00e7\u00e3o de sempre!&#8221;, comemora o Servidor Penitenci\u00e1rio Cleidvan Melo. <\/p>\n<p><div style=\"width: 800px;\" class=\"wp-video\"><!--[if lt IE 9]><script>document.createElement('video');<\/script><![endif]-->\n<video class=\"wp-video-shortcode\" id=\"video-685-1\" width=\"800\" height=\"453\" preload=\"metadata\" controls=\"controls\"><source type=\"video\/mp4\" src=\"http:\/\/sinspeb.org.br\/wp-content\/uploads\/2019\/12\/VID-20191216-WA0020.mp4?_=1\" \/><a href=\"http:\/\/sinspeb.org.br\/wp-content\/uploads\/2019\/12\/VID-20191216-WA0020.mp4\">http:\/\/sinspeb.org.br\/wp-content\/uploads\/2019\/12\/VID-20191216-WA0020.mp4<\/a><\/video><\/div><br \/>\n\u2800<br \/>\nAscom Sinspeb<\/p>\n","protected":false},"excerpt":{"rendered":"<p>O servidor foi campe\u00e3o do percurso de 10 Km O Policial Penal Cleidvan Melo, neste domingo(15), conquistou o 1\u00b0 lugar<\/p>\n","protected":false},"author":1,"featured_media":686,"comment_status":"open","ping_status":"open","sticky":false,"template":"","format":"standard","meta":{"colormag_page_container_layout":"default_layout","colormag_page_sidebar_layout":"default_layout","footnotes":""},"categories":[1],"tags":[20,9],"class_list":["post-685","post","type-post","status-publish","format-standard","has-post-thumbnail","hentry","category-noticias","tag-corrida-de-rua","tag-policia-penal"],"_links":{"self":[{"href":"https:\/\/sinspeb.org.br\/index.php?rest_route=\/wp\/v2\/posts\/685","targetHints":{"allow":["GET"]}}],"collection":[{"href":"https:\/\/sinspeb.org.br\/index.php?rest_route=\/wp\/v2\/posts"}],"about":[{"href":"https:\/\/sinspeb.org.br\/index.php?rest_route=\/wp\/v2\/types\/post"}],"author":[{"embeddable":true,"href":"https:\/\/sinspeb.org.br\/index.php?rest_route=\/wp\/v2\/users\/1"}],"replies":[{"embeddable":true,"href":"https:\/\/sinspeb.org.br\/index.php?rest_route=%2Fwp%2Fv2%2Fcomments&post=685"}],"version-history":[{"count":4,"href":"https:\/\/sinspeb.org.br\/index.php?rest_route=\/wp\/v2\/posts\/685\/revisions"}],"predecessor-version":[{"id":690,"href":"https:\/\/sinspeb.org.br\/index.php?rest_route=\/wp\/v2\/posts\/685\/revisions\/690"}],"wp:featuredmedia":[{"embeddable":true,"href":"https:\/\/sinspeb.org.br\/index.php?rest_route=\/wp\/v2\/media\/686"}],"wp:attachment":[{"href":"https:\/\/sinspeb.org.br\/index.php?rest_route=%2Fwp%2Fv2%2Fmedia&parent=685"}],"wp:term":[{"taxonomy":"category","embeddable":true,"href":"https:\/\/sinspeb.org.br\/index.php?rest_route=%2Fwp%2Fv2%2Fcategories&post=685"},{"taxonomy":"post_tag","embeddable":true,"href":"https:\/\/sinspeb.org.br\/index.php?rest_route=%2Fwp%2Fv2%2Ftags&post=685"}],"curies":[{"name":"wp","href":"https:\/\/api.w.org\/{rel}","templated":true}]}}