{"id":692,"date":"2019-12-17T17:46:06","date_gmt":"2019-12-17T20:46:06","guid":{"rendered":"http:\/\/sinspeb.org.br\/?p=692"},"modified":"2019-12-17T18:54:56","modified_gmt":"2019-12-17T21:54:56","slug":"discutir-assedio-e-de-interesse-de-todos-os-policiais-inclusive-dos-policiais-penais-que-sao-vitimas-recorrentes-das-praticas-assediosas-afirma-reivon-pimentel","status":"publish","type":"post","link":"https:\/\/sinspeb.org.br\/?p=692","title":{"rendered":"&#8220;Discutir ass\u00e9dio \u00e9 de interesse de todos os policiais, inclusive, dos Policiais Penais que s\u00e3o v\u00edtimas recorrentes das pr\u00e1ticas assediosas&#8221;, afirma Reivon Pimentel"},"content":{"rendered":"<p>Durante Semin\u00e1rio na Alba, o sindicalista afirmou que a Seap ao ser comandada por oficiais militares, encontra-se mais suscet\u00edvel aos casos de ass\u00e9dio<\/p>\n<p>Com apoio do deputado estadual Hilton Coelho (Psol-BA) e da deputada estadual e  presidente da Comiss\u00e3o de Seguran\u00e7a P\u00fablica e Direitos Humanos da Assembleia Legislativa(Alba), Neusa Cadore(PT-BA), representantes de entidades que comp\u00f5em o &#8220;Movimento Juntos Somos +Fortes&#8221; composto pelo Sindpoc, Unipol, Assipoc, Aepeb-Sindicato e Sindpep),  parlamentares, especialistas de \u00f3rg\u00e3os p\u00fablicos e representantes do Sindicato dos Servidores Penitenci\u00e1rios(Sinspeb)   realizaram Semin\u00e1rio que discutiu &#8220;Ass\u00e9dio Moral e Sexual: adoece, mutila e mata&#8221;, nesta segunda-feira(16), no Plenarinho da Assembleia Legislativa da Bahia.<\/p>\n<p><img fetchpriority=\"high\" decoding=\"async\" src=\"http:\/\/sinspeb.org.br\/wp-content\/uploads\/2019\/12\/IMG-20191216-WA0071-576x1024.jpg\" alt=\"\" width=\"576\" height=\"1024\" class=\"aligncenter size-large wp-image-694\" srcset=\"https:\/\/sinspeb.org.br\/wp-content\/uploads\/2019\/12\/IMG-20191216-WA0071-576x1024.jpg 576w, https:\/\/sinspeb.org.br\/wp-content\/uploads\/2019\/12\/IMG-20191216-WA0071-169x300.jpg 169w, https:\/\/sinspeb.org.br\/wp-content\/uploads\/2019\/12\/IMG-20191216-WA0071.jpg 720w\" sizes=\"(max-width: 576px) 100vw, 576px\" \/><\/p>\n<p>Para o presidente do Sindicato dos Servidores Penitenci\u00e1rios(Sinspeb), Reivon Pimentel, o Semin\u00e1rio foi  relevante n\u00e3o apenas para os policiais civis, mas para todos os policiais da Bahia, inclusive, para os Policiais Penais. O sindicalista pontuou que a tem\u00e1tica  \u00e9 de interesse de todos os servidores p\u00fablicos e precisa ser debatida com recorr\u00eancia. Pimentel destacou que o  Sinspeb  j\u00e1  encabe\u00e7ou  uma campanha para denunciar o  ass\u00e9dio moral e sexual no servi\u00e7o p\u00fablico anteriormente e, na ocasi\u00e3o, o sindicato distribuiu mais de 300 cartilhas para esclarecer aos servidores  o conceito, o modus operandi do ass\u00e9dio no cotidiano da atividade laboral e as consequ\u00eancias psicol\u00f3gicas \u00e0s v\u00edtimas.  <\/p>\n<p>&#8220;O semin\u00e1rio foi um momento \u00edmpar onde tivemos a oportunidade de discutir um assunto t\u00e3o importante a n\u00f3s trabalhadores&#8221;, frisou Pimentel, ao agradecer o convite para participar do evento feito pelo presidente do Sindpoc, Eust\u00e1cio Lopes, e  parabenizar o Sindicato dos Policiais Civis pela iniciativa em organizar o Semin\u00e1rio. <\/p>\n<p><img decoding=\"async\" src=\"http:\/\/sinspeb.org.br\/wp-content\/uploads\/2019\/12\/IMG-20191216-WA0077-1024x576.jpg\" alt=\"\" width=\"750\" height=\"422\" class=\"aligncenter size-large wp-image-695\" srcset=\"https:\/\/sinspeb.org.br\/wp-content\/uploads\/2019\/12\/IMG-20191216-WA0077-1024x576.jpg 1024w, https:\/\/sinspeb.org.br\/wp-content\/uploads\/2019\/12\/IMG-20191216-WA0077-300x169.jpg 300w, https:\/\/sinspeb.org.br\/wp-content\/uploads\/2019\/12\/IMG-20191216-WA0077-768x432.jpg 768w, https:\/\/sinspeb.org.br\/wp-content\/uploads\/2019\/12\/IMG-20191216-WA0077.jpg 1152w\" sizes=\"(max-width: 750px) 100vw, 750px\" \/><\/p>\n<p>O Presidente do Sinspeb afirmou que a Seap \u00e9 uma Secretaria Civil mas o fato de  ser comandada por  oficiais graduados da Pol\u00edcia Militar a transformou em uma &#8220;Secretaria militarizada&#8221;. Segundo o sindicalista, esse &#8220;car\u00e1ter militar&#8221; da Seap  a tornou  mais suscet\u00edvel aos casos de ass\u00e9dio. &#8220;Isso contribui para a pr\u00e1tica do ass\u00e9dio moral e sexual em unidades geridas por militares, como na cidade de Teixeira de Freitas, onde o \u00edndice \u00e9 alarmante&#8221;, denuncia Reivon Pimentel, ao elogiar a explana\u00e7\u00e3o durante o Semin\u00e1rio da professora e psic\u00f3loga Danielle Ferreira, do Mato Grosso do Sul. <\/p>\n<p><img decoding=\"async\" src=\"http:\/\/sinspeb.org.br\/wp-content\/uploads\/2019\/12\/IMG-20191216-WA0068-1024x576.jpg\" alt=\"\" width=\"750\" height=\"422\" class=\"aligncenter size-large wp-image-696\" srcset=\"https:\/\/sinspeb.org.br\/wp-content\/uploads\/2019\/12\/IMG-20191216-WA0068-1024x576.jpg 1024w, https:\/\/sinspeb.org.br\/wp-content\/uploads\/2019\/12\/IMG-20191216-WA0068-300x169.jpg 300w, https:\/\/sinspeb.org.br\/wp-content\/uploads\/2019\/12\/IMG-20191216-WA0068-768x432.jpg 768w, https:\/\/sinspeb.org.br\/wp-content\/uploads\/2019\/12\/IMG-20191216-WA0068.jpg 1280w\" sizes=\"(max-width: 750px) 100vw, 750px\" \/><\/p>\n<p>O Vice-Presidente do Sinspeb,Fernando Fernandes, e os diretores Jorge Bastos e Irisvaldo Nogueira tamb\u00e9m participaram e marcaram presen\u00e7a na atividade. <\/p>\n<p>Ascom Sinspeb<\/p>\n<p><img loading=\"lazy\" decoding=\"async\" src=\"http:\/\/sinspeb.org.br\/wp-content\/uploads\/2019\/12\/IMG-20191216-WA0069-1024x576.jpg\" alt=\"\" width=\"750\" height=\"422\" class=\"aligncenter size-large wp-image-697\" srcset=\"https:\/\/sinspeb.org.br\/wp-content\/uploads\/2019\/12\/IMG-20191216-WA0069-1024x576.jpg 1024w, https:\/\/sinspeb.org.br\/wp-content\/uploads\/2019\/12\/IMG-20191216-WA0069-300x169.jpg 300w, https:\/\/sinspeb.org.br\/wp-content\/uploads\/2019\/12\/IMG-20191216-WA0069-768x432.jpg 768w, https:\/\/sinspeb.org.br\/wp-content\/uploads\/2019\/12\/IMG-20191216-WA0069.jpg 1152w\" sizes=\"(max-width: 750px) 100vw, 750px\" \/><\/p>\n<p><img loading=\"lazy\" decoding=\"async\" src=\"http:\/\/sinspeb.org.br\/wp-content\/uploads\/2019\/12\/IMG-20191216-WA0076-1024x576.jpg\" alt=\"\" width=\"750\" height=\"422\" class=\"aligncenter size-large wp-image-698\" srcset=\"https:\/\/sinspeb.org.br\/wp-content\/uploads\/2019\/12\/IMG-20191216-WA0076-1024x576.jpg 1024w, https:\/\/sinspeb.org.br\/wp-content\/uploads\/2019\/12\/IMG-20191216-WA0076-300x169.jpg 300w, https:\/\/sinspeb.org.br\/wp-content\/uploads\/2019\/12\/IMG-20191216-WA0076-768x432.jpg 768w, https:\/\/sinspeb.org.br\/wp-content\/uploads\/2019\/12\/IMG-20191216-WA0076.jpg 1280w\" sizes=\"(max-width: 750px) 100vw, 750px\" \/><\/p>\n<p><img loading=\"lazy\" decoding=\"async\" src=\"http:\/\/sinspeb.org.br\/wp-content\/uploads\/2019\/12\/IMG-20191216-WA0066-1024x576.jpg\" alt=\"\" width=\"750\" height=\"422\" class=\"aligncenter size-large wp-image-699\" srcset=\"https:\/\/sinspeb.org.br\/wp-content\/uploads\/2019\/12\/IMG-20191216-WA0066-1024x576.jpg 1024w, https:\/\/sinspeb.org.br\/wp-content\/uploads\/2019\/12\/IMG-20191216-WA0066-300x169.jpg 300w, https:\/\/sinspeb.org.br\/wp-content\/uploads\/2019\/12\/IMG-20191216-WA0066-768x432.jpg 768w, https:\/\/sinspeb.org.br\/wp-content\/uploads\/2019\/12\/IMG-20191216-WA0066.jpg 1280w\" sizes=\"(max-width: 750px) 100vw, 750px\" \/><\/p>\n","protected":false},"excerpt":{"rendered":"<p>Durante Semin\u00e1rio na Alba, o sindicalista afirmou que a Seap ao ser comandada por oficiais militares, encontra-se mais suscet\u00edvel aos<\/p>\n","protected":false},"author":1,"featured_media":0,"comment_status":"open","ping_status":"open","sticky":false,"template":"","format":"standard","meta":{"colormag_page_container_layout":"default_layout","colormag_page_sidebar_layout":"default_layout","footnotes":""},"categories":[1],"tags":[],"class_list":["post-692","post","type-post","status-publish","format-standard","hentry","category-noticias"],"_links":{"self":[{"href":"https:\/\/sinspeb.org.br\/index.php?rest_route=\/wp\/v2\/posts\/692","targetHints":{"allow":["GET"]}}],"collection":[{"href":"https:\/\/sinspeb.org.br\/index.php?rest_route=\/wp\/v2\/posts"}],"about":[{"href":"https:\/\/sinspeb.org.br\/index.php?rest_route=\/wp\/v2\/types\/post"}],"author":[{"embeddable":true,"href":"https:\/\/sinspeb.org.br\/index.php?rest_route=\/wp\/v2\/users\/1"}],"replies":[{"embeddable":true,"href":"https:\/\/sinspeb.org.br\/index.php?rest_route=%2Fwp%2Fv2%2Fcomments&post=692"}],"version-history":[{"count":3,"href":"https:\/\/sinspeb.org.br\/index.php?rest_route=\/wp\/v2\/posts\/692\/revisions"}],"predecessor-version":[{"id":702,"href":"https:\/\/sinspeb.org.br\/index.php?rest_route=\/wp\/v2\/posts\/692\/revisions\/702"}],"wp:attachment":[{"href":"https:\/\/sinspeb.org.br\/index.php?rest_route=%2Fwp%2Fv2%2Fmedia&parent=692"}],"wp:term":[{"taxonomy":"category","embeddable":true,"href":"https:\/\/sinspeb.org.br\/index.php?rest_route=%2Fwp%2Fv2%2Fcategories&post=692"},{"taxonomy":"post_tag","embeddable":true,"href":"https:\/\/sinspeb.org.br\/index.php?rest_route=%2Fwp%2Fv2%2Ftags&post=692"}],"curies":[{"name":"wp","href":"https:\/\/api.w.org\/{rel}","templated":true}]}}