{"id":703,"date":"2019-12-18T09:33:52","date_gmt":"2019-12-18T12:33:52","guid":{"rendered":"http:\/\/sinspeb.org.br\/?p=703"},"modified":"2019-12-18T09:33:52","modified_gmt":"2019-12-18T12:33:52","slug":"policial-penal-leandro-novaes-conquista-3-lugar-na-2a-corrida-vitoria-solidaria-em-eunapolis","status":"publish","type":"post","link":"https:\/\/sinspeb.org.br\/?p=703","title":{"rendered":"Policial Penal Leandro Novaes conquista 3\u00b0 lugar na 2\u00aa Corrida Vit\u00f3ria Solid\u00e1ria, em Eun\u00e1polis"},"content":{"rendered":"<p>Policial Penal Leandro Novaes conquista 3\u00b0 lugar na 2\u00aa Corrida Vit\u00f3ria Solid\u00e1ria, em Eun\u00e1polis<\/p>\n<p>O servidor vem ganhando destaque no cen\u00e1rio de Corrida de Rua<\/p>\n<p><img fetchpriority=\"high\" decoding=\"async\" src=\"http:\/\/sinspeb.org.br\/wp-content\/uploads\/2019\/12\/IMG-20191218-WA0003-760x1024.jpg\" alt=\"\" width=\"750\" height=\"1011\" class=\"aligncenter size-large wp-image-704\" srcset=\"https:\/\/sinspeb.org.br\/wp-content\/uploads\/2019\/12\/IMG-20191218-WA0003-760x1024.jpg 760w, https:\/\/sinspeb.org.br\/wp-content\/uploads\/2019\/12\/IMG-20191218-WA0003-223x300.jpg 223w, https:\/\/sinspeb.org.br\/wp-content\/uploads\/2019\/12\/IMG-20191218-WA0003-768x1035.jpg 768w, https:\/\/sinspeb.org.br\/wp-content\/uploads\/2019\/12\/IMG-20191218-WA0003.jpg 1187w\" sizes=\"(max-width: 750px) 100vw, 750px\" \/><\/p>\n<p>O Atleta Leandro Novaes, Policial Penal, lotado no Conjunto Penal de Teixeira de Freitas (CPTF), conquistou o 3\u00b0 lugar do p\u00f3dio na 2\u00aa Corrida Vit\u00f3ria Solid\u00e1ria, na manh\u00e3 deste domingo (15\/12), em Eun\u00e1polis (BA) .<\/p>\n<p><img decoding=\"async\" src=\"http:\/\/sinspeb.org.br\/wp-content\/uploads\/2019\/12\/IMG-20191218-WA0004-744x1024.jpg\" alt=\"\" width=\"744\" height=\"1024\" class=\"aligncenter size-large wp-image-706\" srcset=\"https:\/\/sinspeb.org.br\/wp-content\/uploads\/2019\/12\/IMG-20191218-WA0004-744x1024.jpg 744w, https:\/\/sinspeb.org.br\/wp-content\/uploads\/2019\/12\/IMG-20191218-WA0004-218x300.jpg 218w, https:\/\/sinspeb.org.br\/wp-content\/uploads\/2019\/12\/IMG-20191218-WA0004-768x1057.jpg 768w, https:\/\/sinspeb.org.br\/wp-content\/uploads\/2019\/12\/IMG-20191218-WA0004.jpg 912w\" sizes=\"(max-width: 744px) 100vw, 744px\" \/><\/p>\n<p>A 2\u00aa Corrida Vit\u00f3ria Solid\u00e1ria chega a sua 2\u00aa edi\u00e7\u00e3o mais encorpado e com status de oficial no calend\u00e1rio esportivo da cidade. Al\u00e9m de promover um interc\u00e2mbio entre os atletas desta modalidade, desenvolve um trabalho social, atrav\u00e9s da arrecada\u00e7\u00e3o de alimentos doados no momento das inscri\u00e7\u00f5es, promovendo a solidariedade.<\/p>\n<p><img decoding=\"async\" src=\"http:\/\/sinspeb.org.br\/wp-content\/uploads\/2019\/12\/IMG-20191218-WA0002-633x1024.jpg\" alt=\"\" width=\"633\" height=\"1024\" class=\"aligncenter size-large wp-image-705\" srcset=\"https:\/\/sinspeb.org.br\/wp-content\/uploads\/2019\/12\/IMG-20191218-WA0002-633x1024.jpg 633w, https:\/\/sinspeb.org.br\/wp-content\/uploads\/2019\/12\/IMG-20191218-WA0002-185x300.jpg 185w, https:\/\/sinspeb.org.br\/wp-content\/uploads\/2019\/12\/IMG-20191218-WA0002-768x1243.jpg 768w, https:\/\/sinspeb.org.br\/wp-content\/uploads\/2019\/12\/IMG-20191218-WA0002.jpg 791w\" sizes=\"(max-width: 633px) 100vw, 633px\" \/><\/p>\n<p>O evento contou com cerca de 350 atletas, com provas de 05 e 10 Km no masculino e feminino, distribu\u00eddos em categorias por faixa et\u00e1ria, e caminhada de 03 Km. Al\u00e9m do staff para a realiza\u00e7\u00e3o das provas, foram ofertadas diversas atividades e shows musicais na Pra\u00e7a da Bandeira, local de concentra\u00e7\u00e3o dos participantes.<\/p>\n<p><img loading=\"lazy\" decoding=\"async\" src=\"http:\/\/sinspeb.org.br\/wp-content\/uploads\/2019\/12\/IMG_55122.jpg\" alt=\"\" width=\"425\" height=\"459\" class=\"aligncenter size-full wp-image-707\" srcset=\"https:\/\/sinspeb.org.br\/wp-content\/uploads\/2019\/12\/IMG_55122.jpg 425w, https:\/\/sinspeb.org.br\/wp-content\/uploads\/2019\/12\/IMG_55122-278x300.jpg 278w\" sizes=\"(max-width: 425px) 100vw, 425px\" \/><\/p>\n<p>O atleta Leandro Novaes garantiu o terceiro lugar no p\u00f3dio, realizando o percurso de 10km, faixa et\u00e1ria entre 16-29 anos, com largada e chegada na Pra\u00e7a da Bandeira.<\/p>\n<p>A Gest\u00e3o Uni\u00e3o Forca &amp; Conquistas (UFC) parabeniza o nosso atleta pelo esfor\u00e7o, empenho e pelas conquistas!<\/p>\n<p>Ascom &#8211; SINSPEB<\/p>\n","protected":false},"excerpt":{"rendered":"<p>Policial Penal Leandro Novaes conquista 3\u00b0 lugar na 2\u00aa Corrida Vit\u00f3ria Solid\u00e1ria, em Eun\u00e1polis O servidor vem ganhando destaque no<\/p>\n","protected":false},"author":1,"featured_media":707,"comment_status":"open","ping_status":"open","sticky":false,"template":"","format":"standard","meta":{"colormag_page_container_layout":"default_layout","colormag_page_sidebar_layout":"default_layout","footnotes":""},"categories":[1],"tags":[],"class_list":["post-703","post","type-post","status-publish","format-standard","has-post-thumbnail","hentry","category-noticias"],"_links":{"self":[{"href":"https:\/\/sinspeb.org.br\/index.php?rest_route=\/wp\/v2\/posts\/703","targetHints":{"allow":["GET"]}}],"collection":[{"href":"https:\/\/sinspeb.org.br\/index.php?rest_route=\/wp\/v2\/posts"}],"about":[{"href":"https:\/\/sinspeb.org.br\/index.php?rest_route=\/wp\/v2\/types\/post"}],"author":[{"embeddable":true,"href":"https:\/\/sinspeb.org.br\/index.php?rest_route=\/wp\/v2\/users\/1"}],"replies":[{"embeddable":true,"href":"https:\/\/sinspeb.org.br\/index.php?rest_route=%2Fwp%2Fv2%2Fcomments&post=703"}],"version-history":[{"count":2,"href":"https:\/\/sinspeb.org.br\/index.php?rest_route=\/wp\/v2\/posts\/703\/revisions"}],"predecessor-version":[{"id":709,"href":"https:\/\/sinspeb.org.br\/index.php?rest_route=\/wp\/v2\/posts\/703\/revisions\/709"}],"wp:featuredmedia":[{"embeddable":true,"href":"https:\/\/sinspeb.org.br\/index.php?rest_route=\/wp\/v2\/media\/707"}],"wp:attachment":[{"href":"https:\/\/sinspeb.org.br\/index.php?rest_route=%2Fwp%2Fv2%2Fmedia&parent=703"}],"wp:term":[{"taxonomy":"category","embeddable":true,"href":"https:\/\/sinspeb.org.br\/index.php?rest_route=%2Fwp%2Fv2%2Fcategories&post=703"},{"taxonomy":"post_tag","embeddable":true,"href":"https:\/\/sinspeb.org.br\/index.php?rest_route=%2Fwp%2Fv2%2Ftags&post=703"}],"curies":[{"name":"wp","href":"https:\/\/api.w.org\/{rel}","templated":true}]}}