{"id":717,"date":"2019-12-20T14:42:44","date_gmt":"2019-12-20T17:42:44","guid":{"rendered":"http:\/\/sinspeb.org.br\/?p=717"},"modified":"2019-12-20T14:48:18","modified_gmt":"2019-12-20T17:48:18","slug":"sinspeb-pressiona-seap-a-realizar-cursos-de-qualificacao-de-manuseio-dos-aparelhos-body-scanner","status":"publish","type":"post","link":"https:\/\/sinspeb.org.br\/?p=717","title":{"rendered":"Sinspeb pressiona  Seap a realizar cursos de qualifica\u00e7\u00e3o de manuseio dos aparelhos Body Scanner"},"content":{"rendered":"<p>O sindicato j\u00e1 protocolou dois of\u00edcios junto \u00e0 Secretaria para cobrar a capacita\u00e7\u00e3o dos Policiais Penais<\/p>\n<p>O presidente do Sinspeb,Reivon Pimentel,  destaca que a aquisi\u00e7\u00e3o dos equipamentos de Body Scanner vai aperfei\u00e7oar o processo de revista do Sistema Prisional baiano e  pontua que a moderniza\u00e7\u00e3o das  unidades prisionais  sempre foi uma bandeira defendida pela atual gest\u00e3o do Sinspeb. Entretanto, o sindicalista defende que os servidores que v\u00e3o operar o Body Scanner precisam passar por uma qualifica\u00e7\u00e3o.  <\/p>\n<p>O presidente do Sinspeb  alerta que a capacita\u00e7\u00e3o vai ajudar os servidores a compreender se a utiliza\u00e7\u00e3o do aparelho pode trazer algum tipo de risco radioativo  aos Policiais Penais e \u00e0s pessoas que s\u00e3o submetidas \u00e0s revistas.<\/p>\n<p> &#8221; A moderniza\u00e7\u00e3o chegou com a aquisi\u00e7\u00e3o dos equipamentos de Raio X e Body Scanner. A grande quest\u00e3o \u00e9 que n\u00e3o adianta voc\u00ea ter tecnologia de ponta se voc\u00ea n\u00e3o qualificar o operador para lidar com as ferramentas tecnol\u00f3gicas. A capacita\u00e7\u00e3o \u00e9 indispens\u00e1vel! O operador do equipamento precisa ter pleno conhecimento da tecnologia que est\u00e1 utilizando. Fato este que n\u00e3o est\u00e1  acontecendo atualmente !&#8221;, alfineta Reivon Pimentel, ao ressaltar que  constatou em diversas visitas  \u00e0s unidades do Estado onde  instalaram o equipamento que os servidores est\u00e3o com dificuldades  no manuseio do Body Scanner. <\/p>\n<p>O presidente do Sinspeb pontua que os Policiais Penais precisam  aprender a interpretar as imagens apresentadas pelo aparelho e n\u00e3o podem durante a opera\u00e7\u00e3o ficar na d\u00favida se h\u00e1 &#8220;il\u00edcito&#8221; no corpo da pessoa que est\u00e1 sendo revistada. Pimentel salienta que, segundo o normativo do Conselho Nacional de Pol\u00edtica Criminal e Penitenci\u00e1ria(CNPCP),nenhum tipo de revista vexat\u00f3ria pode ser aplicada aos visitantes e, caso ocorra, o Policial Penal pode ser responsabilizado. &#8221; Por isso,  precisa ter certeza da opera\u00e7\u00e3o. Para que sejam tomadas as medidas cab\u00edveis em caso de algu\u00e9m que tente entrar nas unidades prisionais portando il\u00edcito&#8221;, frisa, ao salientar que  o desnudamento, mesmo em car\u00e1ter  parcial, \u00e9 considerado como &#8220;revista vexat\u00f3ria&#8221;.<\/p>\n<p><img fetchpriority=\"high\" decoding=\"async\" src=\"http:\/\/sinspeb.org.br\/wp-content\/uploads\/2019\/12\/IMG-20191220-WA0021-1-768x1024.jpg\" alt=\"\" width=\"750\" height=\"1000\" class=\"aligncenter size-large wp-image-725\" srcset=\"https:\/\/sinspeb.org.br\/wp-content\/uploads\/2019\/12\/IMG-20191220-WA0021-1-768x1024.jpg 768w, https:\/\/sinspeb.org.br\/wp-content\/uploads\/2019\/12\/IMG-20191220-WA0021-1-225x300.jpg 225w, https:\/\/sinspeb.org.br\/wp-content\/uploads\/2019\/12\/IMG-20191220-WA0021-1.jpg 960w\" sizes=\"(max-width: 750px) 100vw, 750px\" \/> <\/p>\n<p>O presidente do Sinspeb avisa que o sindicato ir\u00e1 agendar uma reuni\u00e3o  com o diretor da unidade de Feira de Santana para discutir a instala\u00e7\u00e3o do Body Scanner no local.  &#8220;Segundo informa\u00e7\u00f5es que colhemos, a pessoa que fez a instala\u00e7\u00e3o do equipamento \u00e9 a mesma que est\u00e1 promovendo a capacita\u00e7\u00e3o dos servidores e, na verdade, a qualifica\u00e7\u00e3o deve ser realizada pelo Supervisor de Prote\u00e7\u00e3o Radiol\u00f3gica da VMI, de acordo com a Comiss\u00e3o Nacional  de Energia Nuclear&#8221;,argumenta Pimentel.<\/p>\n<p>O sindicalista informa que j\u00e1 realizou duas liga\u00e7\u00f5es \u00e0 empresa VMI, respons\u00e1vel pela comercializa\u00e7\u00e3o dos aparelhos \u00e0 Seap  para denunciar a aus\u00eancia de qualifica\u00e7\u00e3o dos pr\u00f3prios instaladores do Body Scanner. Um dos instaladores afirmou ao presidente do Sinspeb que os aparelhos comprados pela Seap s\u00e3o de &#8220;baixa resolu\u00e7\u00e3o&#8221;. &#8220;Pedi provid\u00eancias ao Coordenador da VMI para que ele envie um supervisor para vistoriar a instala\u00e7\u00e3o dos equipamentos   e ministrar a capacita\u00e7\u00e3o dos operadores. E ele me respondeu que  qualquer informa\u00e7\u00e3o deve ser solicitada atrav\u00e9s da SEAP. E eu disse que n\u00f3s j\u00e1 protocolamos  dois of\u00edcios junto \u00e0 SEAP solicitando os cursos de capacita\u00e7\u00e3o e ainda n\u00e3o obtivemos  resposta. Estamos tentando, de todas as formas,tentar resolver essa quest\u00e3o do Body Scanner, j\u00e1 buscamos a SEAP, o Depen e a AVMI  para darmos mais seguran\u00e7a aos operadores do equipamento. E, at\u00e9 agora, n\u00e3o tivemos nenhum retorno&#8221;, frisa Reivon Pimentel.<\/p>\n<p>Ascom Sinspeb<\/p>\n<p><img decoding=\"async\" src=\"http:\/\/sinspeb.org.br\/wp-content\/uploads\/2019\/12\/IMG-20191214-WA0003-768x1024.jpg\" alt=\"\" width=\"750\" height=\"1000\" class=\"aligncenter size-large wp-image-719\" srcset=\"https:\/\/sinspeb.org.br\/wp-content\/uploads\/2019\/12\/IMG-20191214-WA0003-768x1024.jpg 768w, https:\/\/sinspeb.org.br\/wp-content\/uploads\/2019\/12\/IMG-20191214-WA0003-225x300.jpg 225w, https:\/\/sinspeb.org.br\/wp-content\/uploads\/2019\/12\/IMG-20191214-WA0003.jpg 960w\" sizes=\"(max-width: 750px) 100vw, 750px\" \/><\/p>\n<p><img decoding=\"async\" src=\"http:\/\/sinspeb.org.br\/wp-content\/uploads\/2019\/12\/IMG-20191214-WA0001-768x1024.jpg\" alt=\"\" width=\"750\" height=\"1000\" class=\"aligncenter size-large wp-image-721\" srcset=\"https:\/\/sinspeb.org.br\/wp-content\/uploads\/2019\/12\/IMG-20191214-WA0001-768x1024.jpg 768w, https:\/\/sinspeb.org.br\/wp-content\/uploads\/2019\/12\/IMG-20191214-WA0001-225x300.jpg 225w, https:\/\/sinspeb.org.br\/wp-content\/uploads\/2019\/12\/IMG-20191214-WA0001.jpg 960w\" sizes=\"(max-width: 750px) 100vw, 750px\" \/><\/p>\n<p><img loading=\"lazy\" decoding=\"async\" src=\"http:\/\/sinspeb.org.br\/wp-content\/uploads\/2019\/12\/IMG-20191214-WA0004-768x1024.jpg\" alt=\"\" width=\"750\" height=\"1000\" class=\"aligncenter size-large wp-image-718\" srcset=\"https:\/\/sinspeb.org.br\/wp-content\/uploads\/2019\/12\/IMG-20191214-WA0004-768x1024.jpg 768w, https:\/\/sinspeb.org.br\/wp-content\/uploads\/2019\/12\/IMG-20191214-WA0004-225x300.jpg 225w, https:\/\/sinspeb.org.br\/wp-content\/uploads\/2019\/12\/IMG-20191214-WA0004.jpg 960w\" sizes=\"(max-width: 750px) 100vw, 750px\" \/><\/p>\n<p><img loading=\"lazy\" decoding=\"async\" src=\"http:\/\/sinspeb.org.br\/wp-content\/uploads\/2019\/12\/IMG-20191214-WA0002-1024x768.jpg\" alt=\"\" width=\"750\" height=\"563\" class=\"aligncenter size-large wp-image-720\" srcset=\"https:\/\/sinspeb.org.br\/wp-content\/uploads\/2019\/12\/IMG-20191214-WA0002-1024x768.jpg 1024w, https:\/\/sinspeb.org.br\/wp-content\/uploads\/2019\/12\/IMG-20191214-WA0002-300x225.jpg 300w, https:\/\/sinspeb.org.br\/wp-content\/uploads\/2019\/12\/IMG-20191214-WA0002-768x576.jpg 768w, https:\/\/sinspeb.org.br\/wp-content\/uploads\/2019\/12\/IMG-20191214-WA0002.jpg 1280w\" sizes=\"(max-width: 750px) 100vw, 750px\" \/><\/p>\n","protected":false},"excerpt":{"rendered":"<p>O sindicato j\u00e1 protocolou dois of\u00edcios junto \u00e0 Secretaria para cobrar a capacita\u00e7\u00e3o dos Policiais Penais O presidente do Sinspeb,Reivon<\/p>\n","protected":false},"author":1,"featured_media":725,"comment_status":"open","ping_status":"open","sticky":false,"template":"","format":"standard","meta":{"colormag_page_container_layout":"default_layout","colormag_page_sidebar_layout":"default_layout","footnotes":""},"categories":[1],"tags":[],"class_list":["post-717","post","type-post","status-publish","format-standard","has-post-thumbnail","hentry","category-noticias"],"_links":{"self":[{"href":"https:\/\/sinspeb.org.br\/index.php?rest_route=\/wp\/v2\/posts\/717","targetHints":{"allow":["GET"]}}],"collection":[{"href":"https:\/\/sinspeb.org.br\/index.php?rest_route=\/wp\/v2\/posts"}],"about":[{"href":"https:\/\/sinspeb.org.br\/index.php?rest_route=\/wp\/v2\/types\/post"}],"author":[{"embeddable":true,"href":"https:\/\/sinspeb.org.br\/index.php?rest_route=\/wp\/v2\/users\/1"}],"replies":[{"embeddable":true,"href":"https:\/\/sinspeb.org.br\/index.php?rest_route=%2Fwp%2Fv2%2Fcomments&post=717"}],"version-history":[{"count":5,"href":"https:\/\/sinspeb.org.br\/index.php?rest_route=\/wp\/v2\/posts\/717\/revisions"}],"predecessor-version":[{"id":729,"href":"https:\/\/sinspeb.org.br\/index.php?rest_route=\/wp\/v2\/posts\/717\/revisions\/729"}],"wp:featuredmedia":[{"embeddable":true,"href":"https:\/\/sinspeb.org.br\/index.php?rest_route=\/wp\/v2\/media\/725"}],"wp:attachment":[{"href":"https:\/\/sinspeb.org.br\/index.php?rest_route=%2Fwp%2Fv2%2Fmedia&parent=717"}],"wp:term":[{"taxonomy":"category","embeddable":true,"href":"https:\/\/sinspeb.org.br\/index.php?rest_route=%2Fwp%2Fv2%2Fcategories&post=717"},{"taxonomy":"post_tag","embeddable":true,"href":"https:\/\/sinspeb.org.br\/index.php?rest_route=%2Fwp%2Fv2%2Ftags&post=717"}],"curies":[{"name":"wp","href":"https:\/\/api.w.org\/{rel}","templated":true}]}}