{"id":730,"date":"2019-12-23T15:21:51","date_gmt":"2019-12-23T18:21:51","guid":{"rendered":"http:\/\/sinspeb.org.br\/?p=730"},"modified":"2019-12-23T15:21:51","modified_gmt":"2019-12-23T18:21:51","slug":"presidente-do-sindpoc-comemora-a-criacao-da-policia-penal-brasileira","status":"publish","type":"post","link":"https:\/\/sinspeb.org.br\/?p=730","title":{"rendered":"Presidente do Sindpoc comemora a cria\u00e7\u00e3o da Pol\u00edcia Penal brasileira"},"content":{"rendered":"<div style=\"width: 640px;\" class=\"wp-video\"><!--[if lt IE 9]><script>document.createElement('video');<\/script><![endif]-->\n<video class=\"wp-video-shortcode\" id=\"video-730-1\" width=\"640\" height=\"352\" preload=\"metadata\" controls=\"controls\"><source type=\"video\/mp4\" src=\"http:\/\/sinspeb.org.br\/wp-content\/uploads\/2019\/12\/VID-20191216-WA0083.mp4?_=1\" \/><a href=\"http:\/\/sinspeb.org.br\/wp-content\/uploads\/2019\/12\/VID-20191216-WA0083.mp4\">http:\/\/sinspeb.org.br\/wp-content\/uploads\/2019\/12\/VID-20191216-WA0083.mp4<\/a><\/video><\/div>\n<p>Eust\u00e1cio Lopes afirma que Sindpoc e Sinspeb estar\u00e3o juntos em 2020 em defesa dos policiais civis e policiais penais baianos<\/p>\n<p>O presidente do Sindpoc, Eust\u00e1cio Lopes, gravou v\u00eddeo para comemorar a promulga\u00e7\u00e3o da PEC 104\/2019 que institui a Pol\u00edcia Penal brasileira, pelo Congresso Nacional, neste m\u00eas de dezembro. O sindicalista declara que os policiais civis ser\u00e3o parceiros dos policiais penais em 2020 para protagonizarem diversas lutas em prol das demandas apresentadas pelas duas categorias e com o objetivo de  fortalecer a Seguran\u00e7a P\u00fablica do Estado. <\/p>\n<p>&#8220;Quero parabeniz\u00e1-los pela conquista  da cria\u00e7\u00e3o da Pol\u00edcia Penal. Nada mais justo haja vista que voc\u00eas fazem a seguran\u00e7a e condu\u00e7\u00e3o dos apenados da Bahia. \u00c9 com muita alegria que n\u00f3s comemoramos a aprova\u00e7\u00e3o da Lei. N\u00f3s policiais civis somos parceiros dos policiais penais. Tamb\u00e9m trabalhamos com os presos nas unidades policiais que depois v\u00e3o para os estabelecimentos  prisionais&#8221;,  ressalta Eust\u00e1cio Lopes, ao garantir que o Sindpoc e o Sinspeb ir\u00e3o firmar parcerias e desenvolver projetos no pr\u00f3ximo ano que v\u00e3o beneficiar os policiais civis e penais da Bahia. <\/p>\n<p>O presidente do Sinspeb, Reivon Pimentel, agradece o apoio do Sindpoc, em particular, ao dirigente Eust\u00e1cio Lopes, pela parceria cotidiana com o Sindicato dos Servidores Penitenci\u00e1rios e afirma que o sindicalista  al\u00e9m de ser um defensor \u00e1rduo das demandas dos policiais civis, possui compromisso com os profissionais da Seguran\u00e7a P\u00fablica do Estado de uma forma mais ampla.  &#8220;Agora com a cria\u00e7\u00e3o da Pol\u00edcia Penal estaremos mais unidos do que nunca! O Sindpoc tem uma diretoria aguerrida que luta de forma incans\u00e1vel pelas demandas dos policiais civis e da Seguran\u00e7a P\u00fablica de uma forma geral&#8221;, destaca Pimentel.<\/p>\n<p>Ascom Sinspeb<\/p>\n","protected":false},"excerpt":{"rendered":"<p>Eust\u00e1cio Lopes afirma que Sindpoc e Sinspeb estar\u00e3o juntos em 2020 em defesa dos policiais civis e policiais penais baianos<\/p>\n","protected":false},"author":1,"featured_media":697,"comment_status":"open","ping_status":"open","sticky":false,"template":"","format":"standard","meta":{"colormag_page_container_layout":"default_layout","colormag_page_sidebar_layout":"default_layout","footnotes":""},"categories":[1],"tags":[9,21,13],"class_list":["post-730","post","type-post","status-publish","format-standard","has-post-thumbnail","hentry","category-noticias","tag-policia-penal","tag-sinpoc","tag-sinspeb"],"_links":{"self":[{"href":"https:\/\/sinspeb.org.br\/index.php?rest_route=\/wp\/v2\/posts\/730","targetHints":{"allow":["GET"]}}],"collection":[{"href":"https:\/\/sinspeb.org.br\/index.php?rest_route=\/wp\/v2\/posts"}],"about":[{"href":"https:\/\/sinspeb.org.br\/index.php?rest_route=\/wp\/v2\/types\/post"}],"author":[{"embeddable":true,"href":"https:\/\/sinspeb.org.br\/index.php?rest_route=\/wp\/v2\/users\/1"}],"replies":[{"embeddable":true,"href":"https:\/\/sinspeb.org.br\/index.php?rest_route=%2Fwp%2Fv2%2Fcomments&post=730"}],"version-history":[{"count":2,"href":"https:\/\/sinspeb.org.br\/index.php?rest_route=\/wp\/v2\/posts\/730\/revisions"}],"predecessor-version":[{"id":733,"href":"https:\/\/sinspeb.org.br\/index.php?rest_route=\/wp\/v2\/posts\/730\/revisions\/733"}],"wp:featuredmedia":[{"embeddable":true,"href":"https:\/\/sinspeb.org.br\/index.php?rest_route=\/wp\/v2\/media\/697"}],"wp:attachment":[{"href":"https:\/\/sinspeb.org.br\/index.php?rest_route=%2Fwp%2Fv2%2Fmedia&parent=730"}],"wp:term":[{"taxonomy":"category","embeddable":true,"href":"https:\/\/sinspeb.org.br\/index.php?rest_route=%2Fwp%2Fv2%2Fcategories&post=730"},{"taxonomy":"post_tag","embeddable":true,"href":"https:\/\/sinspeb.org.br\/index.php?rest_route=%2Fwp%2Fv2%2Ftags&post=730"}],"curies":[{"name":"wp","href":"https:\/\/api.w.org\/{rel}","templated":true}]}}