{"id":735,"date":"2019-12-23T20:38:56","date_gmt":"2019-12-23T23:38:56","guid":{"rendered":"http:\/\/sinspeb.org.br\/?p=735"},"modified":"2019-12-23T20:38:56","modified_gmt":"2019-12-23T23:38:56","slug":"sindicalistas-afirmam-que-o-fim-do-imposto-sindical-pode-inviabilizar-a-luta-das-categorias","status":"publish","type":"post","link":"https:\/\/sinspeb.org.br\/?p=735","title":{"rendered":"Sindicalistas afirmam que &#8220;o fim do Imposto Sindical pode inviabilizar a luta das categorias&#8221;"},"content":{"rendered":"<p>Representantes de sindicatos ressaltam &#8220;preocupa\u00e7\u00e3o&#8221; com o or\u00e7amento das entidades e continuidade das mobiliza\u00e7\u00f5es sociais<\/p>\n<p><img fetchpriority=\"high\" decoding=\"async\" src=\"http:\/\/sinspeb.org.br\/wp-content\/uploads\/2019\/12\/IMG-20191217-WA0006-1024x768.jpg\" alt=\"\" width=\"750\" height=\"563\" class=\"aligncenter size-large wp-image-736\" srcset=\"https:\/\/sinspeb.org.br\/wp-content\/uploads\/2019\/12\/IMG-20191217-WA0006-1024x768.jpg 1024w, https:\/\/sinspeb.org.br\/wp-content\/uploads\/2019\/12\/IMG-20191217-WA0006-300x225.jpg 300w, https:\/\/sinspeb.org.br\/wp-content\/uploads\/2019\/12\/IMG-20191217-WA0006-768x576.jpg 768w, https:\/\/sinspeb.org.br\/wp-content\/uploads\/2019\/12\/IMG-20191217-WA0006.jpg 1280w\" sizes=\"(max-width: 750px) 100vw, 750px\" \/><\/p>\n<p>Durante reuni\u00e3o com a Nova Central, dirigentes sindicais analisaram a atual conjuntura pol\u00edtica do pa\u00eds, fizeram  um balan\u00e7o  socioecon\u00f4mico de 2019, debateram perspectivas e projetos destinados a 2020.<\/p>\n<p> Na ocasi\u00e3o, os sindicalistas abordaram os &#8220;preju\u00edzos&#8221; originados pelo t\u00e9rmino da cobran\u00e7a do Imposto Sindical aos or\u00e7amentos das entidades  e as respectivas dificuldades  financeiras que as Federa\u00e7\u00f5es e Confedera\u00e7\u00f5es est\u00e3o enfrentando atualmente sendo obrigadas a promover demiss\u00f5es do quadro de funcion\u00e1rios.<\/p>\n<p>&#8221; Muitas entidades est\u00e3o tendo que se desfazer de todos os seus bens para poderem  pagar os direitos trabalhistas ocasionados pelas demiss\u00f5es&#8221;,  lamenta o presidente do Sinspeb, Reivon Pimentel.<\/p>\n<p><img decoding=\"async\" src=\"http:\/\/sinspeb.org.br\/wp-content\/uploads\/2019\/12\/IMG-20191217-WA0004-1024x768.jpg\" alt=\"\" width=\"750\" height=\"563\" class=\"aligncenter size-large wp-image-737\" srcset=\"https:\/\/sinspeb.org.br\/wp-content\/uploads\/2019\/12\/IMG-20191217-WA0004-1024x768.jpg 1024w, https:\/\/sinspeb.org.br\/wp-content\/uploads\/2019\/12\/IMG-20191217-WA0004-300x225.jpg 300w, https:\/\/sinspeb.org.br\/wp-content\/uploads\/2019\/12\/IMG-20191217-WA0004-768x576.jpg 768w, https:\/\/sinspeb.org.br\/wp-content\/uploads\/2019\/12\/IMG-20191217-WA0004.jpg 1280w\" sizes=\"(max-width: 750px) 100vw, 750px\" \/><\/p>\n<p>Para o  dirigente da Nova Central, Jos\u00e9 Ramos, o fim do Imposto Sindical inviabilizou a luta das categorias em 2019 e, segundo o sindicalista, o futuro da classe trabalhadora e do movimento sindical apresenta-se &#8220;sombrio&#8221; e incerto, mas acredita que o movimento  sindical ir\u00e1 se reinventar e, com o apoio e consci\u00eancia de classe,se manter\u00e1 vivo, atuante e lutando em defesa dos direitos dos trabalhadores. <\/p>\n<p>O presidente da Nova Central parabenizou o trabalho desenvolvido pela atual  diretoria do Sinspeb  em defesa da cria\u00e7\u00e3o da Pol\u00edcia Penal baiana e brasileira. &#8220;Ramos fez quest\u00e3o de registrar em Ata a grande conquista da nossa categoria que foi a cria\u00e7\u00e3o da Pol\u00edcia Penal&#8221;, destaca Reivon Pimentel. <\/p>\n<p> O encontro  deliberou que  a Nova Central ir\u00e1 realizar, em 2020, reuni\u00f5es trimestrais, que v\u00e3o  totalizar 4 reuni\u00f5es da Executiva no pr\u00f3ximo ano. <\/p>\n<p>Ascom Sinspeb<\/p>\n","protected":false},"excerpt":{"rendered":"<p>Representantes de sindicatos ressaltam &#8220;preocupa\u00e7\u00e3o&#8221; com o or\u00e7amento das entidades e continuidade das mobiliza\u00e7\u00f5es sociais Durante reuni\u00e3o com a Nova<\/p>\n","protected":false},"author":1,"featured_media":0,"comment_status":"open","ping_status":"open","sticky":false,"template":"","format":"standard","meta":{"colormag_page_container_layout":"default_layout","colormag_page_sidebar_layout":"default_layout","footnotes":""},"categories":[1],"tags":[22,13],"class_list":["post-735","post","type-post","status-publish","format-standard","hentry","category-noticias","tag-nova-central","tag-sinspeb"],"_links":{"self":[{"href":"https:\/\/sinspeb.org.br\/index.php?rest_route=\/wp\/v2\/posts\/735","targetHints":{"allow":["GET"]}}],"collection":[{"href":"https:\/\/sinspeb.org.br\/index.php?rest_route=\/wp\/v2\/posts"}],"about":[{"href":"https:\/\/sinspeb.org.br\/index.php?rest_route=\/wp\/v2\/types\/post"}],"author":[{"embeddable":true,"href":"https:\/\/sinspeb.org.br\/index.php?rest_route=\/wp\/v2\/users\/1"}],"replies":[{"embeddable":true,"href":"https:\/\/sinspeb.org.br\/index.php?rest_route=%2Fwp%2Fv2%2Fcomments&post=735"}],"version-history":[{"count":3,"href":"https:\/\/sinspeb.org.br\/index.php?rest_route=\/wp\/v2\/posts\/735\/revisions"}],"predecessor-version":[{"id":740,"href":"https:\/\/sinspeb.org.br\/index.php?rest_route=\/wp\/v2\/posts\/735\/revisions\/740"}],"wp:attachment":[{"href":"https:\/\/sinspeb.org.br\/index.php?rest_route=%2Fwp%2Fv2%2Fmedia&parent=735"}],"wp:term":[{"taxonomy":"category","embeddable":true,"href":"https:\/\/sinspeb.org.br\/index.php?rest_route=%2Fwp%2Fv2%2Fcategories&post=735"},{"taxonomy":"post_tag","embeddable":true,"href":"https:\/\/sinspeb.org.br\/index.php?rest_route=%2Fwp%2Fv2%2Ftags&post=735"}],"curies":[{"name":"wp","href":"https:\/\/api.w.org\/{rel}","templated":true}]}}