{"id":741,"date":"2019-12-24T08:37:01","date_gmt":"2019-12-24T11:37:01","guid":{"rendered":"http:\/\/sinspeb.org.br\/?p=741"},"modified":"2019-12-24T12:50:58","modified_gmt":"2019-12-24T15:50:58","slug":"sinspeb-deseja-feliz-natal-e-prospero-ano-novo-aos-servidores-penitenciarios-baianos","status":"publish","type":"post","link":"https:\/\/sinspeb.org.br\/?p=741","title":{"rendered":"Sinspeb deseja  Feliz Natal e pr\u00f3spero Ano Novo aos Servidores Penitenci\u00e1rios baianos"},"content":{"rendered":"<p>Que no dia do nascimento de Cristo todas as nossas fam\u00edlias sejam aben\u00e7oadas com muito amor, sa\u00fade e paz<\/p>\n<p><img fetchpriority=\"high\" decoding=\"async\" src=\"http:\/\/sinspeb.org.br\/wp-content\/uploads\/2019\/12\/IMG-20191224-WA0011-1024x727.jpg\" alt=\"\" width=\"750\" height=\"532\" class=\"aligncenter size-large wp-image-746\" srcset=\"https:\/\/sinspeb.org.br\/wp-content\/uploads\/2019\/12\/IMG-20191224-WA0011-1024x727.jpg 1024w, https:\/\/sinspeb.org.br\/wp-content\/uploads\/2019\/12\/IMG-20191224-WA0011-300x213.jpg 300w, https:\/\/sinspeb.org.br\/wp-content\/uploads\/2019\/12\/IMG-20191224-WA0011-768x545.jpg 768w, https:\/\/sinspeb.org.br\/wp-content\/uploads\/2019\/12\/IMG-20191224-WA0011.jpg 1280w\" sizes=\"(max-width: 750px) 100vw, 750px\" \/><\/p>\n<p>Neste Natal comemoramos a aprova\u00e7\u00e3o da Pol\u00edcia Penal  baiana e brasileira. Uma conquista hist\u00f3rica da nossa categoria, uma luta que v\u00ednhamos travando h\u00e1 quase duas d\u00e9cadas, uma vit\u00f3ria que jamais esqueceremos! <\/p>\n<p>Agradecemos \u00e0 Federe\u00e7\u00e3o Nacional dos Servidores Penitenci\u00e1rios(Fenaspen) pela brilhante e aguerrida atua\u00e7\u00e3o em prol da cria\u00e7\u00e3o da Pol\u00edcia Penal brasileira, em especial, ao presidente Fernando Anuncia\u00e7\u00e3o, que, atrav\u00e9s de sua capacidade de lideran\u00e7a, conseguiu mobilizar a categoria em todos os Estados brasileiros e com a colabora\u00e7\u00e3o dos sindicatos filiados \u00e0 Fenaspen, como o Sinspeb na Bahia, articulou o apoio dos parlamentares do nosso pa\u00eds em defesa da PEC 104\/2019 que institui a Pol\u00edcia Penal brasileira, promulgada pelo Congresso Nacional, neste m\u00eas de dezembro.  <\/p>\n<p>Al\u00e9m  da cria\u00e7\u00e3o da Pol\u00edcia Penal, n\u00f3s do Sinspeb comemoramos o fato do governador Rui Costa ter equiparado o vencimento remunerat\u00f3rio dos  Auxiliares Administrativos que trabalham em uma jornada de 40h, que passou a  ser equivalente ao Sal\u00e1rio M\u00ednimo, e concedeu aumento de 25% na CET dos Auxiliares  Administrativos que  cumprem 30h de carga hor\u00e1ria, os quais correspondem a maioria quantitativa dos Auxiliares Administrativos. Com exce\u00e7\u00e3o dos motoristas que constam no acordo firmado com a gest\u00e3o governamental, mas, infelizmente, ainda n\u00e3o foram contemplados.<\/p>\n<p>Comemoramos tamb\u00e9m a aquisi\u00e7\u00e3o da t\u00e3o sonhada sede administrativa, situada no bairro da Pituba, \u00e1rea nobre da capital baiana, mais um  patrim\u00f4nio do Sinspeb e dos Servidores Penitenci\u00e1rios baianos.<\/p>\n<p>2019 foi um ano de muitas conquistas, batalhas e, com certeza, de muitas lutas. Lutas que iremos dar continuidade em 2020 com a categoria unida e focada nos pleitos dos Servidores Penitenci\u00e1rios baianos e brasileiros. Afinal de contas, \u00e9 a luta que nos move! S\u00f3 a luta muda a vida! Sigamos juntos na nossa batalha em defesa da Pol\u00edcia Penal do nosso Estado e do nosso pa\u00eds! <\/p>\n<p>Em 2020 a nossa meta \u00e9 aprovar a PEC que criar\u00e1  a Pol\u00edcia Penal no Estado da Bahia. Regulamentar a Pol\u00edcia Penal e nos firmar como membros de fato e de direito da Seguran\u00e7a P\u00fablica.<\/p>\n<p>A diretoria do Sinspeb deseja um Feliz  Natal e um pr\u00f3spero Ano Novo a todos os servidores do Sistema Prisional baiano e a nossos parceiros! <\/p>\n<p>Ascom Sinspeb<\/p>\n","protected":false},"excerpt":{"rendered":"<p>Que no dia do nascimento de Cristo todas as nossas fam\u00edlias sejam aben\u00e7oadas com muito amor, sa\u00fade e paz Neste<\/p>\n","protected":false},"author":1,"featured_media":0,"comment_status":"open","ping_status":"open","sticky":false,"template":"","format":"standard","meta":{"colormag_page_container_layout":"default_layout","colormag_page_sidebar_layout":"default_layout","footnotes":""},"categories":[1],"tags":[23],"class_list":["post-741","post","type-post","status-publish","format-standard","hentry","category-noticias","tag-feliz-natal"],"_links":{"self":[{"href":"https:\/\/sinspeb.org.br\/index.php?rest_route=\/wp\/v2\/posts\/741","targetHints":{"allow":["GET"]}}],"collection":[{"href":"https:\/\/sinspeb.org.br\/index.php?rest_route=\/wp\/v2\/posts"}],"about":[{"href":"https:\/\/sinspeb.org.br\/index.php?rest_route=\/wp\/v2\/types\/post"}],"author":[{"embeddable":true,"href":"https:\/\/sinspeb.org.br\/index.php?rest_route=\/wp\/v2\/users\/1"}],"replies":[{"embeddable":true,"href":"https:\/\/sinspeb.org.br\/index.php?rest_route=%2Fwp%2Fv2%2Fcomments&post=741"}],"version-history":[{"count":4,"href":"https:\/\/sinspeb.org.br\/index.php?rest_route=\/wp\/v2\/posts\/741\/revisions"}],"predecessor-version":[{"id":745,"href":"https:\/\/sinspeb.org.br\/index.php?rest_route=\/wp\/v2\/posts\/741\/revisions\/745"}],"wp:attachment":[{"href":"https:\/\/sinspeb.org.br\/index.php?rest_route=%2Fwp%2Fv2%2Fmedia&parent=741"}],"wp:term":[{"taxonomy":"category","embeddable":true,"href":"https:\/\/sinspeb.org.br\/index.php?rest_route=%2Fwp%2Fv2%2Fcategories&post=741"},{"taxonomy":"post_tag","embeddable":true,"href":"https:\/\/sinspeb.org.br\/index.php?rest_route=%2Fwp%2Fv2%2Ftags&post=741"}],"curies":[{"name":"wp","href":"https:\/\/api.w.org\/{rel}","templated":true}]}}