{"id":749,"date":"2020-01-04T10:29:33","date_gmt":"2020-01-04T13:29:33","guid":{"rendered":"http:\/\/sinspeb.org.br\/?p=749"},"modified":"2020-01-04T10:29:33","modified_gmt":"2020-01-04T13:29:33","slug":"sinspeb-convoca-servidores-penitenciarios-para-ato-politico-contra-reforma-da-previdencia-do-governo-do-estado","status":"publish","type":"post","link":"https:\/\/sinspeb.org.br\/?p=749","title":{"rendered":"Sinspeb convoca Servidores Penitenci\u00e1rios para ato pol\u00edtico contra Reforma da Previd\u00eancia do Governo do Estado"},"content":{"rendered":"<p>A manifesta\u00e7\u00e3o ir\u00e1 ocorrer nesta ter\u00e7a-feira(7), na Assembleia Legislativa da Bahia, localizada no Centro Administrativo(CAB), da capital baiana<\/p>\n<p><img fetchpriority=\"high\" decoding=\"async\" src=\"http:\/\/sinspeb.org.br\/wp-content\/uploads\/2020\/01\/IMG-20200104-WA0006-1024x768.jpg\" alt=\"\" width=\"750\" height=\"563\" class=\"aligncenter size-large wp-image-750\" srcset=\"https:\/\/sinspeb.org.br\/wp-content\/uploads\/2020\/01\/IMG-20200104-WA0006-1024x768.jpg 1024w, https:\/\/sinspeb.org.br\/wp-content\/uploads\/2020\/01\/IMG-20200104-WA0006-300x225.jpg 300w, https:\/\/sinspeb.org.br\/wp-content\/uploads\/2020\/01\/IMG-20200104-WA0006-768x576.jpg 768w, https:\/\/sinspeb.org.br\/wp-content\/uploads\/2020\/01\/IMG-20200104-WA0006.jpg 1280w\" sizes=\"(max-width: 750px) 100vw, 750px\" \/><\/p>\n<p>Sinspeb, APLB, Sindpoc, Sindsa\u00fade, Sindsefaz, Adpeb, Adufs e diversos sindicatos que representam os servidores p\u00fablicos baianos se reuniram, nesta sexta-feira(3), na Secretaria de Rela\u00e7\u00f5es Institucionais(Serin), onde aprovaram realiza\u00e7\u00e3o de ato pol\u00edtico para denunciar os preju\u00edzos que ser\u00e3o ocasionados aos servidores p\u00fablicos da Bahia caso a PEC 158\/2019,que pretende promover uma Reforma da Previd\u00eancia a n\u00edvel estadual,seja aprovada.<\/p>\n<p> Os sindicalistas reivindicam que a PEC do Executivo, que tr\u00e2mita em regime de urg\u00eancia, seja retirada da pauta de vota\u00e7\u00e3o da ALBA. As  entidades denunciam que as servidoras ser\u00e3o as  maiores prejudicadas com a Proposta de Emenda \u00e0 Constitui\u00e7\u00e3o com o aumento da idade   m\u00ednima para  Aposentadoria que passar\u00e1 de 55 para 62 anos,um acr\u00e9scimo de 7 anos,e, no caso dos homens,de 60 a 65 anos. Os sindicatos afirmam que os servidores est\u00e3o h\u00e1 6 anos sem reajuste salarial e  cerca de 260 mil trabalhadores ser\u00e3o atingidos com a medida. <\/p>\n<p><img decoding=\"async\" src=\"http:\/\/sinspeb.org.br\/wp-content\/uploads\/2020\/01\/IMG-20200104-WA0004-1024x484.jpg\" alt=\"\" width=\"750\" height=\"354\" class=\"aligncenter size-large wp-image-751\" srcset=\"https:\/\/sinspeb.org.br\/wp-content\/uploads\/2020\/01\/IMG-20200104-WA0004-1024x484.jpg 1024w, https:\/\/sinspeb.org.br\/wp-content\/uploads\/2020\/01\/IMG-20200104-WA0004-300x142.jpg 300w, https:\/\/sinspeb.org.br\/wp-content\/uploads\/2020\/01\/IMG-20200104-WA0004-768x363.jpg 768w, https:\/\/sinspeb.org.br\/wp-content\/uploads\/2020\/01\/IMG-20200104-WA0004.jpg 1280w\" sizes=\"(max-width: 750px) 100vw, 750px\" \/><\/p>\n<p>&#8221; Solicitamos, oficialmente, a retirada da PEC do regime de urg\u00eancia para que possa ser discutida de forma ampla  com os trabalhadores. As entidades n\u00e3o aceitaram essa tramita\u00e7\u00e3o da PEC sem dicuss\u00e3o e, por isso, estamos convocando todos os servidores e servidoras para esse grande ato de rep\u00fadio na ALBA&#8221;, destaca o presidente do Sinspeb, Reivon Pimentel.<\/p>\n<p><img decoding=\"async\" src=\"http:\/\/sinspeb.org.br\/wp-content\/uploads\/2020\/01\/IMG-20200104-WA0003-1024x485.jpg\" alt=\"\" width=\"750\" height=\"355\" class=\"aligncenter size-large wp-image-752\" srcset=\"https:\/\/sinspeb.org.br\/wp-content\/uploads\/2020\/01\/IMG-20200104-WA0003-1024x485.jpg 1024w, https:\/\/sinspeb.org.br\/wp-content\/uploads\/2020\/01\/IMG-20200104-WA0003-300x142.jpg 300w, https:\/\/sinspeb.org.br\/wp-content\/uploads\/2020\/01\/IMG-20200104-WA0003-768x364.jpg 768w, https:\/\/sinspeb.org.br\/wp-content\/uploads\/2020\/01\/IMG-20200104-WA0003.jpg 1152w\" sizes=\"(max-width: 750px) 100vw, 750px\" \/><\/p>\n<p>Ascom Sinspeb<\/p>\n","protected":false},"excerpt":{"rendered":"<p>A manifesta\u00e7\u00e3o ir\u00e1 ocorrer nesta ter\u00e7a-feira(7), na Assembleia Legislativa da Bahia, localizada no Centro Administrativo(CAB), da capital baiana Sinspeb, APLB,<\/p>\n","protected":false},"author":1,"featured_media":0,"comment_status":"open","ping_status":"open","sticky":false,"template":"","format":"standard","meta":{"colormag_page_container_layout":"default_layout","colormag_page_sidebar_layout":"default_layout","footnotes":""},"categories":[1],"tags":[24],"class_list":["post-749","post","type-post","status-publish","format-standard","hentry","category-noticias","tag-regorma-da-previdencia"],"_links":{"self":[{"href":"https:\/\/sinspeb.org.br\/index.php?rest_route=\/wp\/v2\/posts\/749","targetHints":{"allow":["GET"]}}],"collection":[{"href":"https:\/\/sinspeb.org.br\/index.php?rest_route=\/wp\/v2\/posts"}],"about":[{"href":"https:\/\/sinspeb.org.br\/index.php?rest_route=\/wp\/v2\/types\/post"}],"author":[{"embeddable":true,"href":"https:\/\/sinspeb.org.br\/index.php?rest_route=\/wp\/v2\/users\/1"}],"replies":[{"embeddable":true,"href":"https:\/\/sinspeb.org.br\/index.php?rest_route=%2Fwp%2Fv2%2Fcomments&post=749"}],"version-history":[{"count":2,"href":"https:\/\/sinspeb.org.br\/index.php?rest_route=\/wp\/v2\/posts\/749\/revisions"}],"predecessor-version":[{"id":754,"href":"https:\/\/sinspeb.org.br\/index.php?rest_route=\/wp\/v2\/posts\/749\/revisions\/754"}],"wp:attachment":[{"href":"https:\/\/sinspeb.org.br\/index.php?rest_route=%2Fwp%2Fv2%2Fmedia&parent=749"}],"wp:term":[{"taxonomy":"category","embeddable":true,"href":"https:\/\/sinspeb.org.br\/index.php?rest_route=%2Fwp%2Fv2%2Fcategories&post=749"},{"taxonomy":"post_tag","embeddable":true,"href":"https:\/\/sinspeb.org.br\/index.php?rest_route=%2Fwp%2Fv2%2Ftags&post=749"}],"curies":[{"name":"wp","href":"https:\/\/api.w.org\/{rel}","templated":true}]}}