{"id":757,"date":"2020-01-04T10:38:00","date_gmt":"2020-01-04T13:38:00","guid":{"rendered":"http:\/\/sinspeb.org.br\/?p=757"},"modified":"2020-01-04T10:42:50","modified_gmt":"2020-01-04T13:42:50","slug":"presidiarios-tentam-fugir-do-presidio-salvador-na-madrugada-deste-sabado4","status":"publish","type":"post","link":"https:\/\/sinspeb.org.br\/?p=757","title":{"rendered":"Presidi\u00e1rios tentam fugir do Pres\u00eddio de Salvador na madrugada deste s\u00e1bado(4)"},"content":{"rendered":"<p>Segundo o Sindicato dos Servidores Penitenci\u00e1rios(Sinspeb), as tentativas de evas\u00e3o s\u00e3o &#8221; facilitadas&#8221; por problemas estruturais da unidade<\/p>\n<p><img fetchpriority=\"high\" decoding=\"async\" src=\"http:\/\/sinspeb.org.br\/wp-content\/uploads\/2020\/01\/IMG-20200104-WA0010-768x1024.jpg\" alt=\"\" width=\"750\" height=\"1000\" class=\"aligncenter size-large wp-image-758\" srcset=\"https:\/\/sinspeb.org.br\/wp-content\/uploads\/2020\/01\/IMG-20200104-WA0010-768x1024.jpg 768w, https:\/\/sinspeb.org.br\/wp-content\/uploads\/2020\/01\/IMG-20200104-WA0010-225x300.jpg 225w, https:\/\/sinspeb.org.br\/wp-content\/uploads\/2020\/01\/IMG-20200104-WA0010.jpg 960w\" sizes=\"(max-width: 750px) 100vw, 750px\" \/><\/p>\n<p>Na madrugada deste s\u00e1bado(4), oito presidi\u00e1rios custodiados na cela 6, da galeria G, do pr\u00e9dio principal do Pres\u00eddio de Salvador, conseguiram for\u00e7ar uma porta que encontra-se &#8220;desgastada&#8221; e tentaram evadir do local. A fuga foi frustada devido \u00e0 atua\u00e7\u00e3o dos Policiais Penais, do plant\u00e3o C, que efetuaram a pris\u00e3o dos apenados em tempo h\u00e1bil. <\/p>\n<p>Para o presidente do Sindicato dos Servidores Penitenci\u00e1rios do Estado da Bahia(Sinspeb), Reivon Pimentel,  essa foi mais uma tentativa de fuga que ocorreu no pres\u00eddio fruto do &#8220;sucateamento&#8221; e do &#8220;abandono&#8221;  perpetrados pela Superintend\u00eancia de Gest\u00e3o Prisional  da  Secretaria de Administra\u00e7\u00e3o Penitenci\u00e1ria e Ressocializa\u00e7\u00e3o (Seap).  &#8221; O sucateamento \u00e9 para justificar a terceiriza\u00e7\u00e3o de unidades, com isso,todo investimento \u00e9 canalizado para as unidades terceirizadas,<br \/>\nprecarizando a seguran\u00e7a das unidades de gest\u00e3o plena, para que a sociedade tenha a falsa impress\u00e3o de  que a terceiriza\u00e7\u00e3o \u00e9 a solu\u00e7\u00e3o para os problemas do Sistema Prisional baiano&#8221;, protesta Reivon Pimentel.<\/p>\n<p>Ascom Sinspeb<\/p>\n","protected":false},"excerpt":{"rendered":"<p>Segundo o Sindicato dos Servidores Penitenci\u00e1rios(Sinspeb), as tentativas de evas\u00e3o s\u00e3o &#8221; facilitadas&#8221; por problemas estruturais da unidade Na madrugada<\/p>\n","protected":false},"author":1,"featured_media":0,"comment_status":"open","ping_status":"open","sticky":false,"template":"","format":"standard","meta":{"colormag_page_container_layout":"default_layout","colormag_page_sidebar_layout":"default_layout","footnotes":""},"categories":[1],"tags":[25,26],"class_list":["post-757","post","type-post","status-publish","format-standard","hentry","category-noticias","tag-presidio-salvador","tag-tentativa-de-fuga"],"_links":{"self":[{"href":"https:\/\/sinspeb.org.br\/index.php?rest_route=\/wp\/v2\/posts\/757","targetHints":{"allow":["GET"]}}],"collection":[{"href":"https:\/\/sinspeb.org.br\/index.php?rest_route=\/wp\/v2\/posts"}],"about":[{"href":"https:\/\/sinspeb.org.br\/index.php?rest_route=\/wp\/v2\/types\/post"}],"author":[{"embeddable":true,"href":"https:\/\/sinspeb.org.br\/index.php?rest_route=\/wp\/v2\/users\/1"}],"replies":[{"embeddable":true,"href":"https:\/\/sinspeb.org.br\/index.php?rest_route=%2Fwp%2Fv2%2Fcomments&post=757"}],"version-history":[{"count":3,"href":"https:\/\/sinspeb.org.br\/index.php?rest_route=\/wp\/v2\/posts\/757\/revisions"}],"predecessor-version":[{"id":761,"href":"https:\/\/sinspeb.org.br\/index.php?rest_route=\/wp\/v2\/posts\/757\/revisions\/761"}],"wp:attachment":[{"href":"https:\/\/sinspeb.org.br\/index.php?rest_route=%2Fwp%2Fv2%2Fmedia&parent=757"}],"wp:term":[{"taxonomy":"category","embeddable":true,"href":"https:\/\/sinspeb.org.br\/index.php?rest_route=%2Fwp%2Fv2%2Fcategories&post=757"},{"taxonomy":"post_tag","embeddable":true,"href":"https:\/\/sinspeb.org.br\/index.php?rest_route=%2Fwp%2Fv2%2Ftags&post=757"}],"curies":[{"name":"wp","href":"https:\/\/api.w.org\/{rel}","templated":true}]}}