{"id":762,"date":"2020-01-04T14:00:50","date_gmt":"2020-01-04T17:00:50","guid":{"rendered":"http:\/\/sinspeb.org.br\/?p=762"},"modified":"2020-01-04T14:00:50","modified_gmt":"2020-01-04T17:00:50","slug":"presidiarios-tentam-fugir-do-presidio-de-salvador-na-madrugada-deste-sabado4","status":"publish","type":"post","link":"https:\/\/sinspeb.org.br\/?p=762","title":{"rendered":"Presidi\u00e1rios tentam fugir do Pres\u00eddio de Salvador na madrugada deste s\u00e1bado(4)"},"content":{"rendered":"<p>Segundo o Sindicato dos Servidores Penitenci\u00e1rios(Sinspeb), as tentativas de evas\u00e3o s\u00e3o &#8220;facilitadas&#8221; por problemas estruturais da unidade<\/p>\n<p><img fetchpriority=\"high\" decoding=\"async\" src=\"http:\/\/sinspeb.org.br\/wp-content\/uploads\/2020\/01\/IMG-20200104-WA0010-1-768x1024.jpg\" alt=\"\" width=\"750\" height=\"1000\" class=\"aligncenter size-large wp-image-763\" srcset=\"https:\/\/sinspeb.org.br\/wp-content\/uploads\/2020\/01\/IMG-20200104-WA0010-1-768x1024.jpg 768w, https:\/\/sinspeb.org.br\/wp-content\/uploads\/2020\/01\/IMG-20200104-WA0010-1-225x300.jpg 225w, https:\/\/sinspeb.org.br\/wp-content\/uploads\/2020\/01\/IMG-20200104-WA0010-1.jpg 960w\" sizes=\"(max-width: 750px) 100vw, 750px\" \/><\/p>\n<p>Na madrugada deste s\u00e1bado(4), oito presos custodiados na cela 6, da galeria G, do pr\u00e9dio principal do  Pres\u00eddio de Salvador, conseguiram &#8220;for\u00e7ar&#8221; uma porta que encontra-se &#8220;desgastada&#8221; e tentaram evadir do local. A fuga foi frustada pelos Policiais Penais de plant\u00e3o que renderam os fugitivos j\u00e1 fora da cela.Os internos foram alocados em cela de isolamento disciplinar.<\/p>\n<p>Para o presidente do Sindicato dos Servidores Penitenci\u00e1rios do Estado da Bahia(Sinspeb), Reivon Pimentel,  essa foi mais uma tentativa de fuga que ocorreu no pres\u00eddio fruto do &#8220;sucateamento&#8221; e do &#8220;abandono&#8221;  perpetrados pela Superintend\u00eancia de Gest\u00e3o Prisional  da  Secretaria de Administra\u00e7\u00e3o Penitenci\u00e1ria e Ressocializa\u00e7\u00e3o (Seap).  &#8221; O sucateamento \u00e9 para justificar a terceiriza\u00e7\u00e3o de unidades, com isso,todo investimento \u00e9 canalizado para as unidades terceirizadas,<br \/>\nprecarizando a seguran\u00e7a das unidades de gest\u00e3o plena, para que a sociedade tenha a falsa impress\u00e3o de  que a terceiriza\u00e7\u00e3o \u00e9 a solu\u00e7\u00e3o para os problemas do Sistema Prisional baiano&#8221;, protesta Reivon Pimentel.<\/p>\n<p>De acordo com o Sinspeb, o Fundo Penitenci\u00e1rio Nacional disponibilizou \u00e0 Seap verba espec\u00edfica para reforma do Pres\u00eddio de Salvador desde 23 de setembro de 2017. O presidente do sindicato afirma que,recententemente,foi disponibilizado um valor superior a R$ 4 milh\u00f5es de reais que tamb\u00e9m deveriam ter sido injetados  em obras que visem melhorar a infraestrutura da unidade   &#8220;mas, at\u00e9 o momento,  inexplicavelmente, a SEAP n\u00e3o aplica o recurso e a unidade fica cada vez mais vulner\u00e1vel&#8221;, denuncia o sindicato, ao frisar  ainda que h\u00e1 mais de um ano a Pol\u00edcia Militar deixou de fazer &#8220;a guarda da muralha deste pavilh\u00e3o, local por onde os presos est\u00e3o fugindo&#8221;.<\/p>\n<p> O Sindicato pontua que  apresentou \u00e0 Seap, desde 2014, em suas pautas de reivindica\u00e7\u00f5es a defesa da descentraliza\u00e7\u00e3o da gest\u00e3o financeira da pasta para transformar unidades prisionais em unidades gestoras e, desse modo, possibilitar &#8220;maior poder&#8221; aos diretores das unidades prisionais para que possam realizar  reparos cotidianos, como nas  portas, energia el\u00e9trica, entre outras,  com  objetivo de oferecer  maior  seguran\u00e7a ao estabelecimento penal.<\/p>\n<p>&#8220;Atualmente, toda a gest\u00e3o financeira da Seap se concentra na Diretoria Geral e Superintend\u00eancia de gest\u00e3o prisional e os diretores da unidade n\u00e3o possuem recursos para realiza\u00e7\u00e3o de m\u00ednimos reparos&#8221;, frisa o Vice-presidente do Sinspeb, Fernando Fernandes, Policial Penal lotado no Pres\u00eddio de Salvador, que salienta a necessidade de regulamenta\u00e7\u00e3o no \u00e2mbito do Estado do inciso VI do Artigo 144 da Constitui\u00e7\u00e3o Federal, que criou a Pol\u00edcia Penal. <\/p>\n<p>Ascom Sinspeb<\/p>\n","protected":false},"excerpt":{"rendered":"<p>Segundo o Sindicato dos Servidores Penitenci\u00e1rios(Sinspeb), as tentativas de evas\u00e3o s\u00e3o &#8220;facilitadas&#8221; por problemas estruturais da unidade Na madrugada deste<\/p>\n","protected":false},"author":1,"featured_media":0,"comment_status":"open","ping_status":"open","sticky":false,"template":"","format":"standard","meta":{"colormag_page_container_layout":"default_layout","colormag_page_sidebar_layout":"default_layout","footnotes":""},"categories":[1],"tags":[],"class_list":["post-762","post","type-post","status-publish","format-standard","hentry","category-noticias"],"_links":{"self":[{"href":"https:\/\/sinspeb.org.br\/index.php?rest_route=\/wp\/v2\/posts\/762","targetHints":{"allow":["GET"]}}],"collection":[{"href":"https:\/\/sinspeb.org.br\/index.php?rest_route=\/wp\/v2\/posts"}],"about":[{"href":"https:\/\/sinspeb.org.br\/index.php?rest_route=\/wp\/v2\/types\/post"}],"author":[{"embeddable":true,"href":"https:\/\/sinspeb.org.br\/index.php?rest_route=\/wp\/v2\/users\/1"}],"replies":[{"embeddable":true,"href":"https:\/\/sinspeb.org.br\/index.php?rest_route=%2Fwp%2Fv2%2Fcomments&post=762"}],"version-history":[{"count":2,"href":"https:\/\/sinspeb.org.br\/index.php?rest_route=\/wp\/v2\/posts\/762\/revisions"}],"predecessor-version":[{"id":765,"href":"https:\/\/sinspeb.org.br\/index.php?rest_route=\/wp\/v2\/posts\/762\/revisions\/765"}],"wp:attachment":[{"href":"https:\/\/sinspeb.org.br\/index.php?rest_route=%2Fwp%2Fv2%2Fmedia&parent=762"}],"wp:term":[{"taxonomy":"category","embeddable":true,"href":"https:\/\/sinspeb.org.br\/index.php?rest_route=%2Fwp%2Fv2%2Fcategories&post=762"},{"taxonomy":"post_tag","embeddable":true,"href":"https:\/\/sinspeb.org.br\/index.php?rest_route=%2Fwp%2Fv2%2Ftags&post=762"}],"curies":[{"name":"wp","href":"https:\/\/api.w.org\/{rel}","templated":true}]}}