{"id":767,"date":"2020-01-10T14:46:51","date_gmt":"2020-01-10T17:46:51","guid":{"rendered":"http:\/\/sinspeb.org.br\/?p=767"},"modified":"2020-01-10T14:52:58","modified_gmt":"2020-01-10T17:52:58","slug":"vii-conaspen-debate-a-regulamentacao-da-policia-penal-brasileira","status":"publish","type":"post","link":"https:\/\/sinspeb.org.br\/?p=767","title":{"rendered":"VII Conaspen debate a regulamenta\u00e7\u00e3o da Pol\u00edcia Penal brasileira"},"content":{"rendered":"<p>O evento contou com a participa\u00e7\u00e3o dos sindicatos filiados \u00e0 Fenaspen de todas as regi\u00f5es do pa\u00eds<\/p>\n<p><img fetchpriority=\"high\" decoding=\"async\" src=\"http:\/\/sinspeb.org.br\/wp-content\/uploads\/2020\/01\/IMG-20200110-WA0059-1024x498.jpg\" alt=\"\" width=\"750\" height=\"365\" class=\"aligncenter size-large wp-image-768\" srcset=\"https:\/\/sinspeb.org.br\/wp-content\/uploads\/2020\/01\/IMG-20200110-WA0059-1024x498.jpg 1024w, https:\/\/sinspeb.org.br\/wp-content\/uploads\/2020\/01\/IMG-20200110-WA0059-300x146.jpg 300w, https:\/\/sinspeb.org.br\/wp-content\/uploads\/2020\/01\/IMG-20200110-WA0059-768x373.jpg 768w, https:\/\/sinspeb.org.br\/wp-content\/uploads\/2020\/01\/IMG-20200110-WA0059.jpg 1280w\" sizes=\"(max-width: 750px) 100vw, 750px\" \/><\/p>\n<p>A Federa\u00e7\u00e3o  Nacional Sindical dos  Servidores Penitenci\u00e1rios (Fenaspen) realizou, nesta semana, de ter\u00e7a(7) a quinta(9), o VII Congresso Nacional da entidade (Conaspen), em Bras\u00edlia, que discutiu a regulamenta\u00e7\u00e3o da  Pol\u00edcia Penal brasileira e  contou com as contribui\u00e7\u00f5es do Chefe da Assessoria de Assuntos Estrat\u00e9gicos do (Depen) e Coordenador do Grupo de Trabalho da institui\u00e7\u00e3o, Diego Mantovanelli. A  palestra  &#8220;Pol\u00edcia Penal \u00e9 Realidade&#8221; trouxe como convidado o Diretor de Pol\u00edticas Penitenci\u00e1rias do Depen, do Minist\u00e9rio da Justi\u00e7a e Seguran\u00e7a P\u00fablica, Sandro Abel Barradas.<\/p>\n<p> O evento discutiu tamb\u00e9m projetos que est\u00e3o em tr\u00e2mite no Congresso Nacional que s\u00e3o de interesse da categoria como a PEC 103\/2019 e a PL 3723\/19 que versa sobre o Estatuto do Desarmamento.<\/p>\n<p>Durante o encontro, foi aprovada a nova nomenclatura da Fenaspen que foi modificada para Federa\u00e7\u00e3o Nacional Sindical dos Policiais Penais(Fenasppen) para adequar a representa\u00e7\u00e3o da entidade \u00e0 promulga\u00e7\u00e3o da PEC 104\/19 que cria a Pol\u00edcia Penal nos Estados, Distrito Federal e Uni\u00e3o.<\/p>\n<p><img decoding=\"async\" src=\"http:\/\/sinspeb.org.br\/wp-content\/uploads\/2020\/01\/IMG-20200110-WA0057-1024x768.jpg\" alt=\"\" width=\"750\" height=\"563\" class=\"aligncenter size-large wp-image-769\" srcset=\"https:\/\/sinspeb.org.br\/wp-content\/uploads\/2020\/01\/IMG-20200110-WA0057-1024x768.jpg 1024w, https:\/\/sinspeb.org.br\/wp-content\/uploads\/2020\/01\/IMG-20200110-WA0057-300x225.jpg 300w, https:\/\/sinspeb.org.br\/wp-content\/uploads\/2020\/01\/IMG-20200110-WA0057-768x576.jpg 768w, https:\/\/sinspeb.org.br\/wp-content\/uploads\/2020\/01\/IMG-20200110-WA0057.jpg 1280w\" sizes=\"(max-width: 750px) 100vw, 750px\" \/><\/p>\n<p><img decoding=\"async\" src=\"http:\/\/sinspeb.org.br\/wp-content\/uploads\/2020\/01\/IMG-20200110-WA0046-768x1024.jpg\" alt=\"\" width=\"750\" height=\"1000\" class=\"aligncenter size-large wp-image-770\" srcset=\"https:\/\/sinspeb.org.br\/wp-content\/uploads\/2020\/01\/IMG-20200110-WA0046-768x1024.jpg 768w, https:\/\/sinspeb.org.br\/wp-content\/uploads\/2020\/01\/IMG-20200110-WA0046-225x300.jpg 225w, https:\/\/sinspeb.org.br\/wp-content\/uploads\/2020\/01\/IMG-20200110-WA0046.jpg 960w\" sizes=\"(max-width: 750px) 100vw, 750px\" \/><\/p>\n<p>O presidente do Sinspeb, Reivon Pimentel,  participou do Congresso  representando os Servidores Penitenci\u00e1rios baianos e destacou a import\u00e2ncia do evento para os Policiais Penais do Brasil. <\/p>\n<p>&#8220;Foi um momento extremamente importante porque discutimos sobre a regulamenta\u00e7\u00e3o da Pol\u00edcia Penal, afinamos o nosso discurso, a palestra de Sandro Abel foi enriquecedora e contribuiu bastante com um aprendizado que ser\u00e1 replicado.Al\u00e9m disso,  debatemos  a Minuta apresentada pelo Grupo de Trabalho criado pelo Depen que discorre sobre as atribui\u00e7\u00f5es dos Policiais Penais e foi ratificada todas as delibera\u00e7\u00f5es do VI Conaspen, a exemplo da filia\u00e7\u00e3o \u00e0 Fenaspen do Sindicato dos Agentes Penitenci\u00e1rios  de Goi\u00e1s&#8221;, frisa Pimentel, ao elogiar a atua\u00e7\u00e3o do presidente da Fenaspen, Fernando Anuncia\u00e7\u00e3o, na condu\u00e7\u00e3o dos trabalhos da Conaspen. &#8221; Conduziu o Congresso com maestria, fato este que lhe \u00e9 peculiar&#8221;, pontua.<\/p>\n<p> A Minuta que aborda as atribui\u00e7\u00f5es dos Policiais Penais ser\u00e1 apresentada ao Grupo de Trabalho do Departamento  Penitenci\u00e1rio Nacional(Depen), em 14 e 15 de janeiro deste ano.<\/p>\n<p>Ascom Sinspeb<\/p>\n<p><img loading=\"lazy\" decoding=\"async\" src=\"http:\/\/sinspeb.org.br\/wp-content\/uploads\/2020\/01\/IMG-20200110-WA0048-1024x987.jpg\" alt=\"\" width=\"750\" height=\"723\" class=\"aligncenter size-large wp-image-771\" srcset=\"https:\/\/sinspeb.org.br\/wp-content\/uploads\/2020\/01\/IMG-20200110-WA0048-1024x987.jpg 1024w, https:\/\/sinspeb.org.br\/wp-content\/uploads\/2020\/01\/IMG-20200110-WA0048-300x289.jpg 300w, https:\/\/sinspeb.org.br\/wp-content\/uploads\/2020\/01\/IMG-20200110-WA0048-768x740.jpg 768w, https:\/\/sinspeb.org.br\/wp-content\/uploads\/2020\/01\/IMG-20200110-WA0048.jpg 1280w\" sizes=\"(max-width: 750px) 100vw, 750px\" \/><\/p>\n<p><img loading=\"lazy\" decoding=\"async\" src=\"http:\/\/sinspeb.org.br\/wp-content\/uploads\/2020\/01\/IMG-20200110-WA0049-1024x768.jpg\" alt=\"\" width=\"750\" height=\"563\" class=\"aligncenter size-large wp-image-772\" srcset=\"https:\/\/sinspeb.org.br\/wp-content\/uploads\/2020\/01\/IMG-20200110-WA0049-1024x768.jpg 1024w, https:\/\/sinspeb.org.br\/wp-content\/uploads\/2020\/01\/IMG-20200110-WA0049-300x225.jpg 300w, https:\/\/sinspeb.org.br\/wp-content\/uploads\/2020\/01\/IMG-20200110-WA0049-768x576.jpg 768w, https:\/\/sinspeb.org.br\/wp-content\/uploads\/2020\/01\/IMG-20200110-WA0049.jpg 1152w\" sizes=\"(max-width: 750px) 100vw, 750px\" \/><\/p>\n<p><img loading=\"lazy\" decoding=\"async\" src=\"http:\/\/sinspeb.org.br\/wp-content\/uploads\/2020\/01\/IMG-20200110-WA0051-1024x892.jpg\" alt=\"\" width=\"750\" height=\"653\" class=\"aligncenter size-large wp-image-773\" srcset=\"https:\/\/sinspeb.org.br\/wp-content\/uploads\/2020\/01\/IMG-20200110-WA0051-1024x892.jpg 1024w, https:\/\/sinspeb.org.br\/wp-content\/uploads\/2020\/01\/IMG-20200110-WA0051-300x261.jpg 300w, https:\/\/sinspeb.org.br\/wp-content\/uploads\/2020\/01\/IMG-20200110-WA0051-768x669.jpg 768w, https:\/\/sinspeb.org.br\/wp-content\/uploads\/2020\/01\/IMG-20200110-WA0051.jpg 1280w\" sizes=\"(max-width: 750px) 100vw, 750px\" \/><\/p>\n<p><img loading=\"lazy\" decoding=\"async\" src=\"http:\/\/sinspeb.org.br\/wp-content\/uploads\/2020\/01\/IMG-20200110-WA0056-1024x768.jpg\" alt=\"\" width=\"750\" height=\"563\" class=\"aligncenter size-large wp-image-774\" srcset=\"https:\/\/sinspeb.org.br\/wp-content\/uploads\/2020\/01\/IMG-20200110-WA0056-1024x768.jpg 1024w, https:\/\/sinspeb.org.br\/wp-content\/uploads\/2020\/01\/IMG-20200110-WA0056-300x225.jpg 300w, https:\/\/sinspeb.org.br\/wp-content\/uploads\/2020\/01\/IMG-20200110-WA0056-768x576.jpg 768w, https:\/\/sinspeb.org.br\/wp-content\/uploads\/2020\/01\/IMG-20200110-WA0056.jpg 1280w\" sizes=\"(max-width: 750px) 100vw, 750px\" \/><\/p>\n","protected":false},"excerpt":{"rendered":"<p>O evento contou com a participa\u00e7\u00e3o dos sindicatos filiados \u00e0 Fenaspen de todas as regi\u00f5es do pa\u00eds A Federa\u00e7\u00e3o Nacional<\/p>\n","protected":false},"author":1,"featured_media":0,"comment_status":"open","ping_status":"open","sticky":false,"template":"","format":"standard","meta":{"colormag_page_container_layout":"default_layout","colormag_page_sidebar_layout":"default_layout","footnotes":""},"categories":[1],"tags":[27,28],"class_list":["post-767","post","type-post","status-publish","format-standard","hentry","category-noticias","tag-conaspen","tag-fenaspen"],"_links":{"self":[{"href":"https:\/\/sinspeb.org.br\/index.php?rest_route=\/wp\/v2\/posts\/767","targetHints":{"allow":["GET"]}}],"collection":[{"href":"https:\/\/sinspeb.org.br\/index.php?rest_route=\/wp\/v2\/posts"}],"about":[{"href":"https:\/\/sinspeb.org.br\/index.php?rest_route=\/wp\/v2\/types\/post"}],"author":[{"embeddable":true,"href":"https:\/\/sinspeb.org.br\/index.php?rest_route=\/wp\/v2\/users\/1"}],"replies":[{"embeddable":true,"href":"https:\/\/sinspeb.org.br\/index.php?rest_route=%2Fwp%2Fv2%2Fcomments&post=767"}],"version-history":[{"count":2,"href":"https:\/\/sinspeb.org.br\/index.php?rest_route=\/wp\/v2\/posts\/767\/revisions"}],"predecessor-version":[{"id":776,"href":"https:\/\/sinspeb.org.br\/index.php?rest_route=\/wp\/v2\/posts\/767\/revisions\/776"}],"wp:attachment":[{"href":"https:\/\/sinspeb.org.br\/index.php?rest_route=%2Fwp%2Fv2%2Fmedia&parent=767"}],"wp:term":[{"taxonomy":"category","embeddable":true,"href":"https:\/\/sinspeb.org.br\/index.php?rest_route=%2Fwp%2Fv2%2Fcategories&post=767"},{"taxonomy":"post_tag","embeddable":true,"href":"https:\/\/sinspeb.org.br\/index.php?rest_route=%2Fwp%2Fv2%2Ftags&post=767"}],"curies":[{"name":"wp","href":"https:\/\/api.w.org\/{rel}","templated":true}]}}