{"id":777,"date":"2020-01-10T18:41:52","date_gmt":"2020-01-10T21:41:52","guid":{"rendered":"http:\/\/sinspeb.org.br\/?p=777"},"modified":"2020-01-10T18:41:52","modified_gmt":"2020-01-10T21:41:52","slug":"o-recurso-do-fundo-a-fundo-precisa-ser-executado-pela-seap-em-reformas-e-ampliacao-das-unidades-prisionais-da-bahia-frisa-o-presidente-do-sinspeb","status":"publish","type":"post","link":"https:\/\/sinspeb.org.br\/?p=777","title":{"rendered":"&#8220;O recurso do Fundo a Fundo precisa ser executado pela Seap em reformas e amplia\u00e7\u00e3o das unidades prisionais da Bahia&#8221;, frisa o presidente do Sinspeb"},"content":{"rendered":"<p>Segundo o Sindicato dos Servidores Penitenci\u00e1rios, a verba foi repassada pelo Depen \u00e0 Seap e, at\u00e9 o momento, apenas cerca de 10% do recurso foi executado pela Secretaria de Administra\u00e7\u00e3o Penitenci\u00e1ria e Ressocializa\u00e7\u00e3o <\/p>\n<p><img fetchpriority=\"high\" decoding=\"async\" src=\"http:\/\/sinspeb.org.br\/wp-content\/uploads\/2020\/01\/IMG-20191219-WA0018-1024x922.jpg\" alt=\"\" width=\"750\" height=\"675\" class=\"aligncenter size-large wp-image-783\" srcset=\"https:\/\/sinspeb.org.br\/wp-content\/uploads\/2020\/01\/IMG-20191219-WA0018-1024x922.jpg 1024w, https:\/\/sinspeb.org.br\/wp-content\/uploads\/2020\/01\/IMG-20191219-WA0018-300x270.jpg 300w, https:\/\/sinspeb.org.br\/wp-content\/uploads\/2020\/01\/IMG-20191219-WA0018-768x691.jpg 768w, https:\/\/sinspeb.org.br\/wp-content\/uploads\/2020\/01\/IMG-20191219-WA0018.jpg 1181w\" sizes=\"(max-width: 750px) 100vw, 750px\" \/><\/p>\n<p>Durante viagem \u00e0 Bras\u00edlia, nesta semana, o presidente do Sinspeb, Reivon Pimentel, se reuniu com a Coordena\u00e7\u00e3o Geral de Gest\u00e3o de Instrumentos e Repasse  (CGGIR) e com a Coordena\u00e7\u00e3o de Engenharia e Arquitetura (Coena), \u00f3rg\u00e3os vinculados ao Departamento Penitenci\u00e1rio Nacional (Depen), para &#8220;cobrar&#8221; provid\u00eancias relativas ao repasse da modalidade Fundo a Fundo que, de acordo com o sindicato, foi repassado pelo Depen \u00e0 SEAP, mas ainda n\u00e3o foi executado em obras de reformas e amplia\u00e7\u00e3o das unidades prisionais baianas. <\/p>\n<p>O presidente do Sinspeb, Reivon Pimentel, salienta que a SEAP apresenta como justificativa para  a &#8220;n\u00e3o execu\u00e7\u00e3o&#8221; do recurso o processo burocr\u00e1tico imposto pelo Departamento Penitenci\u00e1rio Nacional (Depen) que dificulta a aprova\u00e7\u00e3o dos projetos.<br \/>\n &#8220;A SEAP alega para n\u00f3s do sindicato que a verba ainda n\u00e3o foi utilizada porque o Depen dificulta a execu\u00e7\u00e3o da verba&#8221;, afirma Pimentel.<\/p>\n<p>O sindicalista afirma que, segundo informa\u00e7\u00f5es colhidas anteriormente, o Depen firmou conv\u00eanio com a UNB e com um \u00f3rg\u00e3o  ligado a ONU para oferecer projetos pr\u00e9-aprovados destinados \u00e0 constru\u00e7\u00e3o de cadeias p\u00fablicas e unidades prisionais de seguran\u00e7a m\u00e9dia com capacidade para suportar at\u00e9 800 presos. &#8220;Fomos informados pelo Coordenador Gabriel Silva que j\u00e1 foi disponibilizado  a todas  Secretarias dos Estados respons\u00e1veis pela pasta do Sistema Prisional os referidos projetos e disseram ainda que est\u00e3o  aguardando apenas que os respons\u00e1veis aceitem o Termo de Coopera\u00e7\u00e3o T\u00e9cnica que, inclusive, j\u00e1 foi enviado por e-mail&#8221;,  pontua o presidente do Sinspeb, Reivon Pimentel.<\/p>\n<p>Ascom Sinspeb<\/p>\n","protected":false},"excerpt":{"rendered":"<p>Segundo o Sindicato dos Servidores Penitenci\u00e1rios, a verba foi repassada pelo Depen \u00e0 Seap e, at\u00e9 o momento, apenas cerca<\/p>\n","protected":false},"author":1,"featured_media":0,"comment_status":"open","ping_status":"open","sticky":false,"template":"","format":"standard","meta":{"colormag_page_container_layout":"default_layout","colormag_page_sidebar_layout":"default_layout","footnotes":""},"categories":[1],"tags":[],"class_list":["post-777","post","type-post","status-publish","format-standard","hentry","category-noticias"],"_links":{"self":[{"href":"https:\/\/sinspeb.org.br\/index.php?rest_route=\/wp\/v2\/posts\/777","targetHints":{"allow":["GET"]}}],"collection":[{"href":"https:\/\/sinspeb.org.br\/index.php?rest_route=\/wp\/v2\/posts"}],"about":[{"href":"https:\/\/sinspeb.org.br\/index.php?rest_route=\/wp\/v2\/types\/post"}],"author":[{"embeddable":true,"href":"https:\/\/sinspeb.org.br\/index.php?rest_route=\/wp\/v2\/users\/1"}],"replies":[{"embeddable":true,"href":"https:\/\/sinspeb.org.br\/index.php?rest_route=%2Fwp%2Fv2%2Fcomments&post=777"}],"version-history":[{"count":4,"href":"https:\/\/sinspeb.org.br\/index.php?rest_route=\/wp\/v2\/posts\/777\/revisions"}],"predecessor-version":[{"id":784,"href":"https:\/\/sinspeb.org.br\/index.php?rest_route=\/wp\/v2\/posts\/777\/revisions\/784"}],"wp:attachment":[{"href":"https:\/\/sinspeb.org.br\/index.php?rest_route=%2Fwp%2Fv2%2Fmedia&parent=777"}],"wp:term":[{"taxonomy":"category","embeddable":true,"href":"https:\/\/sinspeb.org.br\/index.php?rest_route=%2Fwp%2Fv2%2Fcategories&post=777"},{"taxonomy":"post_tag","embeddable":true,"href":"https:\/\/sinspeb.org.br\/index.php?rest_route=%2Fwp%2Fv2%2Ftags&post=777"}],"curies":[{"name":"wp","href":"https:\/\/api.w.org\/{rel}","templated":true}]}}