{"id":785,"date":"2020-01-10T19:20:04","date_gmt":"2020-01-10T22:20:04","guid":{"rendered":"http:\/\/sinspeb.org.br\/?p=785"},"modified":"2020-01-10T19:20:04","modified_gmt":"2020-01-10T22:20:04","slug":"em-brasilia-sinspeb-debate-regulamentacao-da-nova-farda-que-sera-utilizada-pelos-policiais-penais-e-servidores-penitenciarios","status":"publish","type":"post","link":"https:\/\/sinspeb.org.br\/?p=785","title":{"rendered":"Em Bras\u00edlia, Sinspeb debate regulamenta\u00e7\u00e3o  da nova farda que ser\u00e1 utilizada pelos Policiais Penais e Servidores Penitenci\u00e1rios"},"content":{"rendered":"<p>O sindicato solicitou apoio na elabora\u00e7\u00e3o do Termo de Refer\u00eancia que ir\u00e1 regulamentar a nova identidade visual da farda dos servidores que trabalham no Sistema Prisional baiano<\/p>\n<p> <img fetchpriority=\"high\" decoding=\"async\" src=\"http:\/\/sinspeb.org.br\/wp-content\/uploads\/2020\/01\/IMG-20191219-WA0018-1024x922.jpg\" alt=\"\" width=\"750\" height=\"675\" class=\"aligncenter size-large wp-image-783\" srcset=\"https:\/\/sinspeb.org.br\/wp-content\/uploads\/2020\/01\/IMG-20191219-WA0018-1024x922.jpg 1024w, https:\/\/sinspeb.org.br\/wp-content\/uploads\/2020\/01\/IMG-20191219-WA0018-300x270.jpg 300w, https:\/\/sinspeb.org.br\/wp-content\/uploads\/2020\/01\/IMG-20191219-WA0018-768x691.jpg 768w, https:\/\/sinspeb.org.br\/wp-content\/uploads\/2020\/01\/IMG-20191219-WA0018.jpg 1181w\" sizes=\"(max-width: 750px) 100vw, 750px\" \/><\/p>\n<p>Durante Viagem \u00e0 Bras\u00edlia, nesta semana, o  presidente do Sinspeb, Reivon Pimentel, se reuniu com a Diretoria do Sistema Penitenci\u00e1rio Federal vinculada ao Departamento Penitenci\u00e1rio Nacional(Depen). <\/p>\n<p>Na ocasi\u00e3o, o sindicato solicitou colabora\u00e7\u00e3o do \u00f3rg\u00e3o para elaborar o Termo de Refer\u00eancia que vai discorrer sobre a regulamenta\u00e7\u00e3o e aquisi\u00e7\u00e3o do novo fardamento que ser\u00e1 utilizado pelos Policiais Penais e demais Servidores Penitenci\u00e1rios do Sistema Prisional baiano. &#8221; A Coordenadora se colocou \u00e0 disposi\u00e7\u00e3o para colaborar e contribuir no que for necess\u00e1rio&#8221;, salienta o presidente do Sinspeb, Reivon  Pimentel.<\/p>\n<p>Ascom Sinspeb<\/p>\n","protected":false},"excerpt":{"rendered":"<p>O sindicato solicitou apoio na elabora\u00e7\u00e3o do Termo de Refer\u00eancia que ir\u00e1 regulamentar a nova identidade visual da farda dos<\/p>\n","protected":false},"author":1,"featured_media":0,"comment_status":"open","ping_status":"open","sticky":false,"template":"","format":"standard","meta":{"colormag_page_container_layout":"default_layout","colormag_page_sidebar_layout":"default_layout","footnotes":""},"categories":[1],"tags":[9],"class_list":["post-785","post","type-post","status-publish","format-standard","hentry","category-noticias","tag-policia-penal"],"_links":{"self":[{"href":"https:\/\/sinspeb.org.br\/index.php?rest_route=\/wp\/v2\/posts\/785","targetHints":{"allow":["GET"]}}],"collection":[{"href":"https:\/\/sinspeb.org.br\/index.php?rest_route=\/wp\/v2\/posts"}],"about":[{"href":"https:\/\/sinspeb.org.br\/index.php?rest_route=\/wp\/v2\/types\/post"}],"author":[{"embeddable":true,"href":"https:\/\/sinspeb.org.br\/index.php?rest_route=\/wp\/v2\/users\/1"}],"replies":[{"embeddable":true,"href":"https:\/\/sinspeb.org.br\/index.php?rest_route=%2Fwp%2Fv2%2Fcomments&post=785"}],"version-history":[{"count":2,"href":"https:\/\/sinspeb.org.br\/index.php?rest_route=\/wp\/v2\/posts\/785\/revisions"}],"predecessor-version":[{"id":789,"href":"https:\/\/sinspeb.org.br\/index.php?rest_route=\/wp\/v2\/posts\/785\/revisions\/789"}],"wp:attachment":[{"href":"https:\/\/sinspeb.org.br\/index.php?rest_route=%2Fwp%2Fv2%2Fmedia&parent=785"}],"wp:term":[{"taxonomy":"category","embeddable":true,"href":"https:\/\/sinspeb.org.br\/index.php?rest_route=%2Fwp%2Fv2%2Fcategories&post=785"},{"taxonomy":"post_tag","embeddable":true,"href":"https:\/\/sinspeb.org.br\/index.php?rest_route=%2Fwp%2Fv2%2Ftags&post=785"}],"curies":[{"name":"wp","href":"https:\/\/api.w.org\/{rel}","templated":true}]}}