{"id":791,"date":"2020-01-13T10:53:33","date_gmt":"2020-01-13T13:53:33","guid":{"rendered":"http:\/\/sinspeb.org.br\/?p=791"},"modified":"2020-01-13T10:53:33","modified_gmt":"2020-01-13T13:53:33","slug":"em-viagem-a-brasilia-presidente-do-sinspeb-cobra-inauguracao-da-escola-penitenciaria-baiana","status":"publish","type":"post","link":"https:\/\/sinspeb.org.br\/?p=791","title":{"rendered":"Em viagem \u00e0 Bras\u00edlia, presidente do Sinspeb cobra inaugura\u00e7\u00e3o da Escola Penitenci\u00e1ria baiana"},"content":{"rendered":"<p>O sindicalista destacou a necessidade, em car\u00e1ter emergencial, do \u00ednicio imediato das atividades da Escola Penitenci\u00e1ria da Bahia<\/p>\n<p><img fetchpriority=\"high\" decoding=\"async\" src=\"http:\/\/sinspeb.org.br\/wp-content\/uploads\/2020\/01\/IMG-20191219-WA0018-1024x922.jpg\" alt=\"\" width=\"750\" height=\"675\" class=\"aligncenter size-large wp-image-783\" srcset=\"https:\/\/sinspeb.org.br\/wp-content\/uploads\/2020\/01\/IMG-20191219-WA0018-1024x922.jpg 1024w, https:\/\/sinspeb.org.br\/wp-content\/uploads\/2020\/01\/IMG-20191219-WA0018-300x270.jpg 300w, https:\/\/sinspeb.org.br\/wp-content\/uploads\/2020\/01\/IMG-20191219-WA0018-768x691.jpg 768w, https:\/\/sinspeb.org.br\/wp-content\/uploads\/2020\/01\/IMG-20191219-WA0018.jpg 1181w\" sizes=\"(max-width: 750px) 100vw, 750px\" \/><\/p>\n<p> O presidente do Sinspeb, Reivon Pimentel,na semana passada, se reuniu com a diretoria da Escola Nacional Penitenci\u00e1ria(Espen) vinculada ao Departamento Penitenci\u00e1rio Nacional (Depen), para solicitar uma interven\u00e7\u00e3o do \u00f3rg\u00e3o junto \u00e0 SEAP no sentido de &#8220;cobrar&#8221; a inaugura\u00e7\u00e3o da Escola Penitenci\u00e1ria do Estado da Bahia que vai beneficiar os servidores que trabalham no Sistema Prisional baiano com diversos cursos de qualifica\u00e7\u00e3o.<\/p>\n<p>Na oportunidade,o sindicalista informou \u00e0 diretoria da Escola Nacional Penitenci\u00e1ria(Espen) que protocolou uma den\u00fancia na Ouvidoria Geral do Depen relativa \u00e0 morosidade da implementa\u00e7\u00e3o da Escola Penitenci\u00e1ria baiana. <\/p>\n<p>&#8220;A diretora do Espen me disse que respondeu \u00e0 Ouvidoria afirmando que o relat\u00f3rio semestral enviado pela SEAP foi reprovado pela equipe t\u00e9cnica da Espen  e disse ainda que o \u00f3rg\u00e3o oficiou a SEAP, duas vezes, pedindo a Secretaria que regularizasse a situa\u00e7\u00e3o do repasse da verba do Fundo a Fundo mas, segundo o Depen, at\u00e9 o momento, a institui\u00e7\u00e3o n\u00e3o obteve nenhuma resposta da SEAP&#8221;, relata o presidente do Sinspeb, Reivon Pimentel.<\/p>\n<p>Durante a reuni\u00e3o,  a diretora da Espen afirmou que, diante da situa\u00e7\u00e3o, a \u00fanica alternativa seria mover um processo para solicitar o ressarcimento da verba do Fundo a Fundo que foi repassada a SEAP. &#8221; Enquanto  representante do Sinspeb eu disse que n\u00e3o era nosso interesse que o dinheiro fosse devolvido. Destaquei que nosso objetivo \u00e9 que o recurso disponibilizado \u00e0 Escola Penitenci\u00e1ria do Estado consiga, de fato, atingir a sua finalidade e vamos trabalhar nesse sentido&#8221;, salientou o presidente do Sinspeb, ao pontuar que a diretoria da Escola Nacional Penitenci\u00e1ria colocou \u00e0 disposi\u00e7\u00e3o do sindicato uma servidora da Espen para tentar intermediar o imbr\u00f3glio junto \u00e0 SEAP. <\/p>\n<p>Ascom Sinspeb<\/p>\n","protected":false},"excerpt":{"rendered":"<p>O sindicalista destacou a necessidade, em car\u00e1ter emergencial, do \u00ednicio imediato das atividades da Escola Penitenci\u00e1ria da Bahia O presidente<\/p>\n","protected":false},"author":1,"featured_media":0,"comment_status":"open","ping_status":"open","sticky":false,"template":"","format":"standard","meta":{"colormag_page_container_layout":"default_layout","colormag_page_sidebar_layout":"default_layout","footnotes":""},"categories":[1],"tags":[],"class_list":["post-791","post","type-post","status-publish","format-standard","hentry","category-noticias"],"_links":{"self":[{"href":"https:\/\/sinspeb.org.br\/index.php?rest_route=\/wp\/v2\/posts\/791","targetHints":{"allow":["GET"]}}],"collection":[{"href":"https:\/\/sinspeb.org.br\/index.php?rest_route=\/wp\/v2\/posts"}],"about":[{"href":"https:\/\/sinspeb.org.br\/index.php?rest_route=\/wp\/v2\/types\/post"}],"author":[{"embeddable":true,"href":"https:\/\/sinspeb.org.br\/index.php?rest_route=\/wp\/v2\/users\/1"}],"replies":[{"embeddable":true,"href":"https:\/\/sinspeb.org.br\/index.php?rest_route=%2Fwp%2Fv2%2Fcomments&post=791"}],"version-history":[{"count":3,"href":"https:\/\/sinspeb.org.br\/index.php?rest_route=\/wp\/v2\/posts\/791\/revisions"}],"predecessor-version":[{"id":794,"href":"https:\/\/sinspeb.org.br\/index.php?rest_route=\/wp\/v2\/posts\/791\/revisions\/794"}],"wp:attachment":[{"href":"https:\/\/sinspeb.org.br\/index.php?rest_route=%2Fwp%2Fv2%2Fmedia&parent=791"}],"wp:term":[{"taxonomy":"category","embeddable":true,"href":"https:\/\/sinspeb.org.br\/index.php?rest_route=%2Fwp%2Fv2%2Fcategories&post=791"},{"taxonomy":"post_tag","embeddable":true,"href":"https:\/\/sinspeb.org.br\/index.php?rest_route=%2Fwp%2Fv2%2Ftags&post=791"}],"curies":[{"name":"wp","href":"https:\/\/api.w.org\/{rel}","templated":true}]}}