{"id":797,"date":"2020-01-13T11:28:24","date_gmt":"2020-01-13T14:28:24","guid":{"rendered":"http:\/\/sinspeb.org.br\/?p=797"},"modified":"2020-01-13T11:28:24","modified_gmt":"2020-01-13T14:28:24","slug":"em-brasilia-sinspeb-solicita-ao-depen-cursos-de-qualificacao-dos-servidores-penitenciarios-para-manuseio-dos-aparelhos-body-scanner-e-esteiras-de-raio-x","status":"publish","type":"post","link":"https:\/\/sinspeb.org.br\/?p=797","title":{"rendered":"Em Bras\u00edlia, Sinspeb solicita ao Depen cursos de qualifica\u00e7\u00e3o dos Servidores Penitenci\u00e1rios para  manuseio dos aparelhos Body Scanner e esteiras de Raio X"},"content":{"rendered":"<p>O sindicato protocolou um of\u00edcio junto ao Departamento Penitenci\u00e1rio Nacional para cobrar a capacita\u00e7\u00e3o dos servidores<\/p>\n<p><img fetchpriority=\"high\" decoding=\"async\" src=\"http:\/\/sinspeb.org.br\/wp-content\/uploads\/2020\/01\/IMG-20191219-WA0018-1-1024x922.jpg\" alt=\"\" width=\"750\" height=\"675\" class=\"aligncenter size-large wp-image-799\" srcset=\"https:\/\/sinspeb.org.br\/wp-content\/uploads\/2020\/01\/IMG-20191219-WA0018-1-1024x922.jpg 1024w, https:\/\/sinspeb.org.br\/wp-content\/uploads\/2020\/01\/IMG-20191219-WA0018-1-300x270.jpg 300w, https:\/\/sinspeb.org.br\/wp-content\/uploads\/2020\/01\/IMG-20191219-WA0018-1-768x691.jpg 768w, https:\/\/sinspeb.org.br\/wp-content\/uploads\/2020\/01\/IMG-20191219-WA0018-1.jpg 1181w\" sizes=\"(max-width: 750px) 100vw, 750px\" \/><\/p>\n<p>O presidente do Sinspeb, Reivon Pimentel, aproveitou a ida \u00e0 Bras\u00edlia para pressionar o Depen a realizar cursos de qualifica\u00e7\u00e3o destinados ao manuseio dos aparelhos Body Scanner e  esteiras de Raio X. O sindicalista destaca que  unidades prisionais da Bahia j\u00e1 est\u00e3o utilizando os aparelhos sem a devida capacita\u00e7\u00e3o dos servidores que operam os equipamentos. <\/p>\n<p>O sindicato destaca a import\u00e2ncia da moderniza\u00e7\u00e3o do Sistema Prisional para aperfei\u00e7oar as revistas, mas salienta que, a utiliza\u00e7\u00e3o inadequada dos aparelhos, pode ocasionar  &#8220;transtornos&#8221; durante as revistas e trazer riscos radioativos aos servidores e  visitantes. &#8220;J\u00e1 protocolamos dois of\u00edcios junto \u00e0 Seap para pedirmos a Secretaria os cursos de capacita\u00e7\u00e3o&#8221;,   frisa o presidente do Sinspeb, Reivon Pimentel.<\/p>\n<p>Ascom Sinspeb<\/p>\n<p><img decoding=\"async\" src=\"http:\/\/sinspeb.org.br\/wp-content\/uploads\/2020\/01\/IMG-20191214-WA0004-768x1024-4-768x1024.jpg\" alt=\"\" width=\"750\" height=\"1000\" class=\"aligncenter size-large wp-image-805\" srcset=\"https:\/\/sinspeb.org.br\/wp-content\/uploads\/2020\/01\/IMG-20191214-WA0004-768x1024-4.jpg 768w, https:\/\/sinspeb.org.br\/wp-content\/uploads\/2020\/01\/IMG-20191214-WA0004-768x1024-4-225x300.jpg 225w\" sizes=\"(max-width: 750px) 100vw, 750px\" \/><\/p>\n<p><img decoding=\"async\" src=\"http:\/\/sinspeb.org.br\/wp-content\/uploads\/2020\/01\/IMG-20191214-WA0002-768x576-3.jpg\" alt=\"\" width=\"768\" height=\"576\" class=\"aligncenter size-full wp-image-803\" srcset=\"https:\/\/sinspeb.org.br\/wp-content\/uploads\/2020\/01\/IMG-20191214-WA0002-768x576-3.jpg 768w, https:\/\/sinspeb.org.br\/wp-content\/uploads\/2020\/01\/IMG-20191214-WA0002-768x576-3-300x225.jpg 300w\" sizes=\"(max-width: 768px) 100vw, 768px\" \/><\/p>\n<p><img loading=\"lazy\" decoding=\"async\" src=\"http:\/\/sinspeb.org.br\/wp-content\/uploads\/2020\/01\/IMG-20191214-WA0003-768x1024-768x1024.jpg\" alt=\"\" width=\"750\" height=\"1000\" class=\"aligncenter size-large wp-image-801\" srcset=\"https:\/\/sinspeb.org.br\/wp-content\/uploads\/2020\/01\/IMG-20191214-WA0003-768x1024.jpg 768w, https:\/\/sinspeb.org.br\/wp-content\/uploads\/2020\/01\/IMG-20191214-WA0003-768x1024-225x300.jpg 225w\" sizes=\"(max-width: 750px) 100vw, 750px\" \/><\/p>\n<p><img loading=\"lazy\" decoding=\"async\" src=\"http:\/\/sinspeb.org.br\/wp-content\/uploads\/2019\/12\/IMG-20191214-WA0001-768x1024.jpg\" alt=\"\" width=\"750\" height=\"1000\" class=\"aligncenter size-large wp-image-721\" srcset=\"https:\/\/sinspeb.org.br\/wp-content\/uploads\/2019\/12\/IMG-20191214-WA0001-768x1024.jpg 768w, https:\/\/sinspeb.org.br\/wp-content\/uploads\/2019\/12\/IMG-20191214-WA0001-225x300.jpg 225w, https:\/\/sinspeb.org.br\/wp-content\/uploads\/2019\/12\/IMG-20191214-WA0001.jpg 960w\" sizes=\"(max-width: 750px) 100vw, 750px\" \/><\/p>\n","protected":false},"excerpt":{"rendered":"<p>O sindicato protocolou um of\u00edcio junto ao Departamento Penitenci\u00e1rio Nacional para cobrar a capacita\u00e7\u00e3o dos servidores O presidente do Sinspeb,<\/p>\n","protected":false},"author":1,"featured_media":0,"comment_status":"open","ping_status":"open","sticky":false,"template":"","format":"standard","meta":{"colormag_page_container_layout":"default_layout","colormag_page_sidebar_layout":"default_layout","footnotes":""},"categories":[1],"tags":[],"class_list":["post-797","post","type-post","status-publish","format-standard","hentry","category-noticias"],"_links":{"self":[{"href":"https:\/\/sinspeb.org.br\/index.php?rest_route=\/wp\/v2\/posts\/797","targetHints":{"allow":["GET"]}}],"collection":[{"href":"https:\/\/sinspeb.org.br\/index.php?rest_route=\/wp\/v2\/posts"}],"about":[{"href":"https:\/\/sinspeb.org.br\/index.php?rest_route=\/wp\/v2\/types\/post"}],"author":[{"embeddable":true,"href":"https:\/\/sinspeb.org.br\/index.php?rest_route=\/wp\/v2\/users\/1"}],"replies":[{"embeddable":true,"href":"https:\/\/sinspeb.org.br\/index.php?rest_route=%2Fwp%2Fv2%2Fcomments&post=797"}],"version-history":[{"count":7,"href":"https:\/\/sinspeb.org.br\/index.php?rest_route=\/wp\/v2\/posts\/797\/revisions"}],"predecessor-version":[{"id":809,"href":"https:\/\/sinspeb.org.br\/index.php?rest_route=\/wp\/v2\/posts\/797\/revisions\/809"}],"wp:attachment":[{"href":"https:\/\/sinspeb.org.br\/index.php?rest_route=%2Fwp%2Fv2%2Fmedia&parent=797"}],"wp:term":[{"taxonomy":"category","embeddable":true,"href":"https:\/\/sinspeb.org.br\/index.php?rest_route=%2Fwp%2Fv2%2Fcategories&post=797"},{"taxonomy":"post_tag","embeddable":true,"href":"https:\/\/sinspeb.org.br\/index.php?rest_route=%2Fwp%2Fv2%2Ftags&post=797"}],"curies":[{"name":"wp","href":"https:\/\/api.w.org\/{rel}","templated":true}]}}