{"id":810,"date":"2020-01-16T10:45:04","date_gmt":"2020-01-16T13:45:04","guid":{"rendered":"http:\/\/sinspeb.org.br\/?p=810"},"modified":"2020-01-16T10:45:04","modified_gmt":"2020-01-16T13:45:04","slug":"durante-cortejo-do-bonfim-presidente-do-sinspeb-afirma-que-reforma-da-previdencia-de-rui-costa-vai-retirar-direitos-historicos-dos-servidores-publicos-estaduais","status":"publish","type":"post","link":"https:\/\/sinspeb.org.br\/?p=810","title":{"rendered":"Durante Cortejo do Bonfim, presidente do Sinspeb afirma que Reforma da Previd\u00eancia de Rui Costa &#8220;vai retirar direitos hist\u00f3ricos dos servidores p\u00fablicos estaduais&#8221;"},"content":{"rendered":"<p>O sindicalista salientou que a &#8220;PEC da Maldade vai diminuir o valor da Pens\u00e3o por Morte e os proventos da Aposentadoria uma vez que n\u00e3o prev\u00ea  Integralidade e Paridade dos Policiais Penais e policiais civis&#8221; <\/p>\n<p><img fetchpriority=\"high\" decoding=\"async\" src=\"http:\/\/sinspeb.org.br\/wp-content\/uploads\/2020\/01\/IMG-20200116-WA0040-1024x768.jpg\" alt=\"\" width=\"750\" height=\"563\" class=\"aligncenter size-large wp-image-811\" srcset=\"https:\/\/sinspeb.org.br\/wp-content\/uploads\/2020\/01\/IMG-20200116-WA0040-1024x768.jpg 1024w, https:\/\/sinspeb.org.br\/wp-content\/uploads\/2020\/01\/IMG-20200116-WA0040-300x225.jpg 300w, https:\/\/sinspeb.org.br\/wp-content\/uploads\/2020\/01\/IMG-20200116-WA0040-768x576.jpg 768w, https:\/\/sinspeb.org.br\/wp-content\/uploads\/2020\/01\/IMG-20200116-WA0040.jpg 1280w\" sizes=\"(max-width: 750px) 100vw, 750px\" \/><\/p>\n<p>Com faixas, apitos, cartazes e blusas, Centrais Sindicais e sindicatos que representam os servidores p\u00fablicos baianos realizaram ato de rep\u00fadio a PEC 159\/2019 que pretende promover uma Reforma da Previd\u00eancia estadual batizada pelos servidores de &#8220;PEC da Maldade&#8221;.<\/p>\n<p>Para o presidente do Sindicato dos Servidores Penitenci\u00e1rios do Estado da Bahia(Sinspeb), Reivon Pimentel, a Proposta de Emenda \u00e0 Constitui\u00e7\u00e3o recebeu esse nome devido aos diversos preju\u00edzos que ir\u00e1 trazer ao funcionalismo p\u00fablico da Bahia. &#8221; A Reforma est\u00e1 sendo conhecida como PEC da Maldade pois ser\u00e1 altamente mal\u00e9fica aos servidores p\u00fablicos, em especial, aos policiais civis e Policiais Penais que ir\u00e3o ter o valor da Pens\u00e3o por Morte diminu\u00eddo e a exclus\u00e3o  da Integralidade e da Paridade&#8221;, protesta o sindicalista.<\/p>\n<div style=\"width: 640px;\" class=\"wp-video\"><!--[if lt IE 9]><script>document.createElement('video');<\/script><![endif]-->\n<video class=\"wp-video-shortcode\" id=\"video-810-1\" width=\"640\" height=\"352\" preload=\"metadata\" controls=\"controls\"><source type=\"video\/mp4\" src=\"http:\/\/sinspeb.org.br\/wp-content\/uploads\/2020\/01\/VID-20200116-WA0042.mp4?_=1\" \/><a href=\"http:\/\/sinspeb.org.br\/wp-content\/uploads\/2020\/01\/VID-20200116-WA0042.mp4\">http:\/\/sinspeb.org.br\/wp-content\/uploads\/2020\/01\/VID-20200116-WA0042.mp4<\/a><\/video><\/div>\n<p>O presidente do Sinspeb lembra que Rui Costa,  em 2015, j\u00e1 havia enviado uma Proposta de Emenda \u00e0 Constitui\u00e7\u00e3o de Reforma da Previd\u00eancia estadual a qual foi aprovada e promulgada pelos  parlamentares estaduais e que culminou na retirada de direitos hist\u00f3ricos dos Servidores P\u00fablicos baianos.<\/p>\n<p>As entidades denunciam que as servidoras ser\u00e3o as maiores prejudicadas com a Proposta de Emenda \u00e0 Constitui\u00e7\u00e3o com o aumento da idade m\u00ednima para Aposentadoria que passar\u00e1 de 55 para 61 anos,um acr\u00e9scimo de 6 anos,e , no caso dos homens,de 60 para 64 anos.<br \/>\n Os sindicatos afirmam que os servidores est\u00e3o h\u00e1 6 anos sem reajuste salarial e cerca de 260 mil trabalhadores ser\u00e3o atingidos com a medida.<\/p>\n<p>A proposta eleva o tempo de contribui\u00e7\u00e3o para 35 anos se mulher e 40 anos se homem, reduzir\u00e1 o Abono Perman\u00eancia para 60% e, em rela\u00e7\u00e3o aos policiais, estabelece idades iguais para homens e mulheres.<\/p>\n<p><img decoding=\"async\" src=\"http:\/\/sinspeb.org.br\/wp-content\/uploads\/2020\/01\/IMG-20200116-WA0039-1024x768.jpg\" alt=\"\" width=\"750\" height=\"563\" class=\"aligncenter size-large wp-image-813\" srcset=\"https:\/\/sinspeb.org.br\/wp-content\/uploads\/2020\/01\/IMG-20200116-WA0039-1024x768.jpg 1024w, https:\/\/sinspeb.org.br\/wp-content\/uploads\/2020\/01\/IMG-20200116-WA0039-300x225.jpg 300w, https:\/\/sinspeb.org.br\/wp-content\/uploads\/2020\/01\/IMG-20200116-WA0039-768x576.jpg 768w, https:\/\/sinspeb.org.br\/wp-content\/uploads\/2020\/01\/IMG-20200116-WA0039.jpg 1280w\" sizes=\"(max-width: 750px) 100vw, 750px\" \/><\/p>\n<p>Ascom Sinspeb<\/p>\n","protected":false},"excerpt":{"rendered":"<p>O sindicalista salientou que a &#8220;PEC da Maldade vai diminuir o valor da Pens\u00e3o por Morte e os proventos da<\/p>\n","protected":false},"author":1,"featured_media":0,"comment_status":"open","ping_status":"open","sticky":false,"template":"","format":"standard","meta":{"colormag_page_container_layout":"default_layout","colormag_page_sidebar_layout":"default_layout","footnotes":""},"categories":[1],"tags":[],"class_list":["post-810","post","type-post","status-publish","format-standard","hentry","category-noticias"],"_links":{"self":[{"href":"https:\/\/sinspeb.org.br\/index.php?rest_route=\/wp\/v2\/posts\/810","targetHints":{"allow":["GET"]}}],"collection":[{"href":"https:\/\/sinspeb.org.br\/index.php?rest_route=\/wp\/v2\/posts"}],"about":[{"href":"https:\/\/sinspeb.org.br\/index.php?rest_route=\/wp\/v2\/types\/post"}],"author":[{"embeddable":true,"href":"https:\/\/sinspeb.org.br\/index.php?rest_route=\/wp\/v2\/users\/1"}],"replies":[{"embeddable":true,"href":"https:\/\/sinspeb.org.br\/index.php?rest_route=%2Fwp%2Fv2%2Fcomments&post=810"}],"version-history":[{"count":2,"href":"https:\/\/sinspeb.org.br\/index.php?rest_route=\/wp\/v2\/posts\/810\/revisions"}],"predecessor-version":[{"id":816,"href":"https:\/\/sinspeb.org.br\/index.php?rest_route=\/wp\/v2\/posts\/810\/revisions\/816"}],"wp:attachment":[{"href":"https:\/\/sinspeb.org.br\/index.php?rest_route=%2Fwp%2Fv2%2Fmedia&parent=810"}],"wp:term":[{"taxonomy":"category","embeddable":true,"href":"https:\/\/sinspeb.org.br\/index.php?rest_route=%2Fwp%2Fv2%2Fcategories&post=810"},{"taxonomy":"post_tag","embeddable":true,"href":"https:\/\/sinspeb.org.br\/index.php?rest_route=%2Fwp%2Fv2%2Ftags&post=810"}],"curies":[{"name":"wp","href":"https:\/\/api.w.org\/{rel}","templated":true}]}}