{"id":82,"date":"2019-01-15T18:00:21","date_gmt":"2019-01-15T20:00:21","guid":{"rendered":"http:\/\/sinspeb.org.br\/?p=82"},"modified":"2019-01-17T05:50:51","modified_gmt":"2019-01-17T07:50:51","slug":"nota-de-pesar","status":"publish","type":"post","link":"https:\/\/sinspeb.org.br\/?p=82","title":{"rendered":"Nota de Pesar"},"content":{"rendered":"<p>O Sindicato dos Servidores Penitenci\u00e1rios do Estado da Bahia (SINSPEB), expressa seu pesar pelo falecimento da senhora Ant\u00f4nia Teles Nascimento Santana, m\u00e3e dos Servidores Penitenci\u00e1rios, Ubiratan Jacinto Santana, lotado na Col\u00f4nia Penal Lafayete Coutinho (CLC) e Carlos Jacinto, lotado no m\u00f3dulo V  da Penitenci\u00e1ria Lemos Brito (PLB).<\/p>\n<p>O sepultamento ser\u00e1 na pr\u00f3xima quarta-feira (16\\01), \u00e0s 10h no Cemit\u00e9rio Campo Santo, no bairro Federa\u00e7\u00e3o, Salvador-BA.<\/p>\n<p>Que a palavra de Deus conforte \u00e0 fam\u00edlia enlutada e amigos. Expressamos os mais sinceros sentimentos de solidariedade e respeito pela imensa dor da perda. <\/p>\n<p>Ascom \u2013 SINSPEB<\/p>\n","protected":false},"excerpt":{"rendered":"<p>O Sindicato dos Servidores Penitenci\u00e1rios do Estado da Bahia (SINSPEB), expressa seu pesar pelo falecimento da senhora Ant\u00f4nia Teles Nascimento<\/p>\n","protected":false},"author":1,"featured_media":83,"comment_status":"open","ping_status":"open","sticky":false,"template":"","format":"standard","meta":{"colormag_page_container_layout":"default_layout","colormag_page_sidebar_layout":"default_layout","footnotes":""},"categories":[1],"tags":[],"class_list":["post-82","post","type-post","status-publish","format-standard","has-post-thumbnail","hentry","category-noticias"],"_links":{"self":[{"href":"https:\/\/sinspeb.org.br\/index.php?rest_route=\/wp\/v2\/posts\/82","targetHints":{"allow":["GET"]}}],"collection":[{"href":"https:\/\/sinspeb.org.br\/index.php?rest_route=\/wp\/v2\/posts"}],"about":[{"href":"https:\/\/sinspeb.org.br\/index.php?rest_route=\/wp\/v2\/types\/post"}],"author":[{"embeddable":true,"href":"https:\/\/sinspeb.org.br\/index.php?rest_route=\/wp\/v2\/users\/1"}],"replies":[{"embeddable":true,"href":"https:\/\/sinspeb.org.br\/index.php?rest_route=%2Fwp%2Fv2%2Fcomments&post=82"}],"version-history":[{"count":1,"href":"https:\/\/sinspeb.org.br\/index.php?rest_route=\/wp\/v2\/posts\/82\/revisions"}],"predecessor-version":[{"id":84,"href":"https:\/\/sinspeb.org.br\/index.php?rest_route=\/wp\/v2\/posts\/82\/revisions\/84"}],"wp:featuredmedia":[{"embeddable":true,"href":"https:\/\/sinspeb.org.br\/index.php?rest_route=\/wp\/v2\/media\/83"}],"wp:attachment":[{"href":"https:\/\/sinspeb.org.br\/index.php?rest_route=%2Fwp%2Fv2%2Fmedia&parent=82"}],"wp:term":[{"taxonomy":"category","embeddable":true,"href":"https:\/\/sinspeb.org.br\/index.php?rest_route=%2Fwp%2Fv2%2Fcategories&post=82"},{"taxonomy":"post_tag","embeddable":true,"href":"https:\/\/sinspeb.org.br\/index.php?rest_route=%2Fwp%2Fv2%2Ftags&post=82"}],"curies":[{"name":"wp","href":"https:\/\/api.w.org\/{rel}","templated":true}]}}