{"id":820,"date":"2020-01-18T06:53:01","date_gmt":"2020-01-18T09:53:01","guid":{"rendered":"http:\/\/sinspeb.org.br\/?p=820"},"modified":"2020-01-18T06:53:51","modified_gmt":"2020-01-18T09:53:51","slug":"presidente-do-sinspeb-concede-entrevista-a-radio-subae-neste-sabado18","status":"publish","type":"post","link":"https:\/\/sinspeb.org.br\/?p=820","title":{"rendered":"Presidente do Sinspeb concede entrevista \u00e0 R\u00e1dio Suba\u00e9 neste s\u00e1bado(18)"},"content":{"rendered":"<p>A entrevista ser\u00e1 \u00e0s 7h30min,na R\u00e1dio Suba\u00e9 AM1080, onde ser\u00e1 debatido a cria\u00e7\u00e3o da Pol\u00edcia Penal brasileira<\/p>\n<p><img fetchpriority=\"high\" decoding=\"async\" src=\"http:\/\/sinspeb.org.br\/wp-content\/uploads\/2020\/01\/IMG-20200118-WA0000-768x1024.jpg\" alt=\"\" width=\"750\" height=\"1000\" class=\"aligncenter size-large wp-image-821\" srcset=\"https:\/\/sinspeb.org.br\/wp-content\/uploads\/2020\/01\/IMG-20200118-WA0000-768x1024.jpg 768w, https:\/\/sinspeb.org.br\/wp-content\/uploads\/2020\/01\/IMG-20200118-WA0000-225x300.jpg 225w, https:\/\/sinspeb.org.br\/wp-content\/uploads\/2020\/01\/IMG-20200118-WA0000.jpg 960w\" sizes=\"(max-width: 750px) 100vw, 750px\" \/><\/p>\n<p>Ap\u00f3s entrevista \u00e0 R\u00e1dio Suba\u00e9 AM1080, que fica localizada no munic\u00edpio de Feira de Santana, o presidente do Sinspeb, Reivon Pimentel, ir\u00e1 visitar colegas Pol\u00edciais Penais e Servidores Penitenci\u00e1rios do Conjunto Penal de Feira de Santana (CPFS) com o objetivo de convoc\u00e1-los,presencialmente,para que participem da luta contra a PEC DA MALDADE proposta pelo governador Rui Costa!<\/p>\n<p>Venha,junte-se a n\u00f3s nesta luta contra a retirada de direitos e pelo direito \u00e0 uma aposentadoria digna e justa. Assembleia nesta ter\u00e7a(21), \u00e0s 9h, no audit\u00f3rio do Sinpojud, em Nazar\u00e9, capital baiana.<\/p>\n<p>#nenhumdireitoamenos<\/p>\n","protected":false},"excerpt":{"rendered":"<p>A entrevista ser\u00e1 \u00e0s 7h30min,na R\u00e1dio Suba\u00e9 AM1080, onde ser\u00e1 debatido a cria\u00e7\u00e3o da Pol\u00edcia Penal brasileira Ap\u00f3s entrevista \u00e0<\/p>\n","protected":false},"author":1,"featured_media":0,"comment_status":"open","ping_status":"open","sticky":false,"template":"","format":"standard","meta":{"colormag_page_container_layout":"default_layout","colormag_page_sidebar_layout":"default_layout","footnotes":""},"categories":[1],"tags":[],"class_list":["post-820","post","type-post","status-publish","format-standard","hentry","category-noticias"],"_links":{"self":[{"href":"https:\/\/sinspeb.org.br\/index.php?rest_route=\/wp\/v2\/posts\/820","targetHints":{"allow":["GET"]}}],"collection":[{"href":"https:\/\/sinspeb.org.br\/index.php?rest_route=\/wp\/v2\/posts"}],"about":[{"href":"https:\/\/sinspeb.org.br\/index.php?rest_route=\/wp\/v2\/types\/post"}],"author":[{"embeddable":true,"href":"https:\/\/sinspeb.org.br\/index.php?rest_route=\/wp\/v2\/users\/1"}],"replies":[{"embeddable":true,"href":"https:\/\/sinspeb.org.br\/index.php?rest_route=%2Fwp%2Fv2%2Fcomments&post=820"}],"version-history":[{"count":3,"href":"https:\/\/sinspeb.org.br\/index.php?rest_route=\/wp\/v2\/posts\/820\/revisions"}],"predecessor-version":[{"id":824,"href":"https:\/\/sinspeb.org.br\/index.php?rest_route=\/wp\/v2\/posts\/820\/revisions\/824"}],"wp:attachment":[{"href":"https:\/\/sinspeb.org.br\/index.php?rest_route=%2Fwp%2Fv2%2Fmedia&parent=820"}],"wp:term":[{"taxonomy":"category","embeddable":true,"href":"https:\/\/sinspeb.org.br\/index.php?rest_route=%2Fwp%2Fv2%2Fcategories&post=820"},{"taxonomy":"post_tag","embeddable":true,"href":"https:\/\/sinspeb.org.br\/index.php?rest_route=%2Fwp%2Fv2%2Ftags&post=820"}],"curies":[{"name":"wp","href":"https:\/\/api.w.org\/{rel}","templated":true}]}}