{"id":825,"date":"2020-01-20T15:10:37","date_gmt":"2020-01-20T18:10:37","guid":{"rendered":"http:\/\/sinspeb.org.br\/?p=825"},"modified":"2020-01-20T15:13:56","modified_gmt":"2020-01-20T18:13:56","slug":"em-protesto-a-pec-159-2020-policiais-penais-e-civis-realizam-assembleia-nesta-terca21","status":"publish","type":"post","link":"https:\/\/sinspeb.org.br\/?p=825","title":{"rendered":"Em protesto \u00e0 PEC 159\/2020, Policiais Penais e civis realizam Assembleia nesta ter\u00e7a(21)"},"content":{"rendered":"<p>A Assembleia ir\u00e1 ocorrer a partir das 9h, no audit\u00f3rio do Sindpojud, localizado no bairro de Nazar\u00e9, da capital baiana<\/p>\n<p><img fetchpriority=\"high\" decoding=\"async\" src=\"http:\/\/sinspeb.org.br\/wp-content\/uploads\/2020\/01\/IMG-20200120-WA0020-1024x1024.jpg\" alt=\"\" width=\"750\" height=\"750\" class=\"aligncenter size-large wp-image-826\" srcset=\"https:\/\/sinspeb.org.br\/wp-content\/uploads\/2020\/01\/IMG-20200120-WA0020-1024x1024.jpg 1024w, https:\/\/sinspeb.org.br\/wp-content\/uploads\/2020\/01\/IMG-20200120-WA0020-150x150.jpg 150w, https:\/\/sinspeb.org.br\/wp-content\/uploads\/2020\/01\/IMG-20200120-WA0020-300x300.jpg 300w, https:\/\/sinspeb.org.br\/wp-content\/uploads\/2020\/01\/IMG-20200120-WA0020-768x768.jpg 768w, https:\/\/sinspeb.org.br\/wp-content\/uploads\/2020\/01\/IMG-20200120-WA0020.jpg 1280w\" sizes=\"(max-width: 750px) 100vw, 750px\" \/><\/p>\n<p>Policiais Penais, Servidores Penitenci\u00e1rios e policiais civis promovem Asssembleia Extraordin\u00e1ria Conjunta para denunciar os preju\u00edzos que ser\u00e3o ocasionados aos servidores caso a PEC 159\/2020, que pretende promover a Reforma da Previd\u00eancia estadual, seja aprovada.<\/p>\n<p>Segundo dados do DIEESE, com a PEC 159\/2020 o valor da pens\u00e3o ficar\u00e1 menor, pois ser\u00e1 equivalente a uma cota familiar de 40% do valor da Aposentadoria + 20% adicional para cada dependente at\u00e9 100%. O Departamento Intersindical de Estat\u00edsticas  e Estudos Socioecon\u00f4micos afirma que, apesar da PEC 159\/2020 trazer &#8220;alguns pontos mais favor\u00e1veis do que a Emenda Constitucional 103\/2019, trata-se de &#8220;uma reforma profunda que rebaixa os valores da Aposentadoria e Pens\u00f5es e aumenta o tempo de contribui\u00e7\u00e3o dos servidores&#8221;. <\/p>\n<p>O DIEESE ainda afirma que, &#8220;mesmo com uma Reforma t\u00e3o dura, muito provavelmente n\u00e3o haver\u00e1 um efeito consider\u00e1vel sobre o d\u00e9ficit do RPPS uma vez que, dentre outros problemas que existem desde a sua cria\u00e7\u00e3o, hoje existe um grande problema de Receita causado em grande medida pelas formas de contrata\u00e7\u00e3o do Estado que tem privilegiado o Reda e a terceiriza\u00e7\u00e3o em vez de contrata\u00e7\u00e3o via Concurso P\u00fablico&#8221;.( Em Anexo)<\/p>\n<p> Os profissionais da Seguran\u00e7a P\u00fablica afirmam que a  Reforma da Previd\u00eancia estadual exclui os direitos \u00e0 &#8220;Integralidade e \u00e0 Paridade&#8221;, al\u00e9m de  diminuir o valor da Pens\u00e3o por Morte. <\/p>\n<p>As entidades que representam os profissionais da Seguran\u00e7a P\u00fablica como Sinspeb, Sindpoc, Unipol, Assipoc e Aepeb-Sindicato  promovem Assembleia para solicitar ao Estado tratamento ison\u00f4mico em rela\u00e7\u00e3o aos Policiais Militares no que diz respeito ao direito \u00e0 Integralidade, Paridade e Pens\u00e3o por Morte.<\/p>\n<p>&#8221; O servidor vai ter que trabalhar mais e ganhar menos. Para se aposentar com proventos integrais vai ter que trabalhar 40 anos ao inv\u00e9s de 35 anos, e, no caso espec\u00edfico do Policial Penal, estar\u00e1 perdendo o direito \u00e0 Integralidade que corresponde a receber a t\u00edtulo de provento de Aposentadoria valor igual a sua \u00faltima remunera\u00e7\u00e3o recebida e a Paridade que consiste no direito de ter o mesmo percentual de reajuste dos colegas que est\u00e3o na ativa&#8221;, salienta o presidente do Sinspeb, Reivon Pimentel, ao frisar que os Policiais Militares  est\u00e3o com os direitos \u00e0  Integralidade, Paridade e Pens\u00e3o Por Morte garantidos, em detrimento dos demais servidores da Seguran\u00e7a P\u00fablica.<\/p>\n<p>Ascom Sinspeb<\/p>\n","protected":false},"excerpt":{"rendered":"<p>A Assembleia ir\u00e1 ocorrer a partir das 9h, no audit\u00f3rio do Sindpojud, localizado no bairro de Nazar\u00e9, da capital baiana<\/p>\n","protected":false},"author":1,"featured_media":0,"comment_status":"open","ping_status":"open","sticky":false,"template":"","format":"standard","meta":{"colormag_page_container_layout":"default_layout","colormag_page_sidebar_layout":"default_layout","footnotes":""},"categories":[1],"tags":[],"class_list":["post-825","post","type-post","status-publish","format-standard","hentry","category-noticias"],"_links":{"self":[{"href":"https:\/\/sinspeb.org.br\/index.php?rest_route=\/wp\/v2\/posts\/825","targetHints":{"allow":["GET"]}}],"collection":[{"href":"https:\/\/sinspeb.org.br\/index.php?rest_route=\/wp\/v2\/posts"}],"about":[{"href":"https:\/\/sinspeb.org.br\/index.php?rest_route=\/wp\/v2\/types\/post"}],"author":[{"embeddable":true,"href":"https:\/\/sinspeb.org.br\/index.php?rest_route=\/wp\/v2\/users\/1"}],"replies":[{"embeddable":true,"href":"https:\/\/sinspeb.org.br\/index.php?rest_route=%2Fwp%2Fv2%2Fcomments&post=825"}],"version-history":[{"count":3,"href":"https:\/\/sinspeb.org.br\/index.php?rest_route=\/wp\/v2\/posts\/825\/revisions"}],"predecessor-version":[{"id":829,"href":"https:\/\/sinspeb.org.br\/index.php?rest_route=\/wp\/v2\/posts\/825\/revisions\/829"}],"wp:attachment":[{"href":"https:\/\/sinspeb.org.br\/index.php?rest_route=%2Fwp%2Fv2%2Fmedia&parent=825"}],"wp:term":[{"taxonomy":"category","embeddable":true,"href":"https:\/\/sinspeb.org.br\/index.php?rest_route=%2Fwp%2Fv2%2Fcategories&post=825"},{"taxonomy":"post_tag","embeddable":true,"href":"https:\/\/sinspeb.org.br\/index.php?rest_route=%2Fwp%2Fv2%2Ftags&post=825"}],"curies":[{"name":"wp","href":"https:\/\/api.w.org\/{rel}","templated":true}]}}