{"id":831,"date":"2020-01-21T19:39:21","date_gmt":"2020-01-21T22:39:21","guid":{"rendered":"http:\/\/sinspeb.org.br\/?p=831"},"modified":"2020-01-21T19:39:21","modified_gmt":"2020-01-21T22:39:21","slug":"durante-assembleia-policiais-civis-e-penais-aprovam-paralisacao-das-atividades-por-48-horas-a-partir-da-proxima-segunda-feira27","status":"publish","type":"post","link":"https:\/\/sinspeb.org.br\/?p=831","title":{"rendered":"Durante Assembleia, Policiais Civis e Penais aprovam paralisa\u00e7\u00e3o das atividades por 48 horas a partir da pr\u00f3xima segunda feira(27)"},"content":{"rendered":"<p>As categorias deliberaram entrar em &#8220;estado de greve&#8221;  em rep\u00fadio \u00e0 PEC 159\/2020<\/p>\n<p><img fetchpriority=\"high\" decoding=\"async\" src=\"http:\/\/sinspeb.org.br\/wp-content\/uploads\/2020\/01\/20200121_125017-1024x768.jpg\" alt=\"\" width=\"750\" height=\"563\" class=\"aligncenter size-large wp-image-832\" srcset=\"https:\/\/sinspeb.org.br\/wp-content\/uploads\/2020\/01\/20200121_125017-1024x768.jpg 1024w, https:\/\/sinspeb.org.br\/wp-content\/uploads\/2020\/01\/20200121_125017-300x225.jpg 300w, https:\/\/sinspeb.org.br\/wp-content\/uploads\/2020\/01\/20200121_125017-768x576.jpg 768w\" sizes=\"(max-width: 750px) 100vw, 750px\" \/><\/p>\n<p>A Assembleia Unificada dos  Policiais Civis  e Policiais Penais baianos,  realizada na manh\u00e3 desta ter\u00e7a-feira(21),no audit\u00f3rio do Sinpojud,  aprovou &#8220;estado de greve&#8221; das duas categorias, paralisa\u00e7\u00e3o das atividades por 48 horas a partir da pr\u00f3xima segunda-feira(27) em protesto \u00e0 PEC 159\/2020; encaminhar  of\u00edcio para o Governo exigindo que na PEC 159\/20 seja garantido aos Policiais Penais e Civis Pens\u00e3o Integral, Paridade e Integralidade;  promo\u00e7\u00e3o imediata;  Mobiliza\u00e7\u00e3o na segunda e ter\u00e7a (27 e 28\/01) para ocupar a ALBA, inclusive, com viaturas; estabelecer di\u00e1logo com deputados em busca de assinaturas  para emendas; informativo \u00e0 popula\u00e7\u00e3o para demonstrar os males da PEC  aos servidores e \u00e0 sociedade, al\u00e9m de informar as prerrogativas das Policiais Civil, Penal e Militar.<\/p>\n<p><img decoding=\"async\" src=\"http:\/\/sinspeb.org.br\/wp-content\/uploads\/2020\/01\/20200121_122128-1024x768.jpg\" alt=\"\" width=\"750\" height=\"563\" class=\"aligncenter size-large wp-image-833\" srcset=\"https:\/\/sinspeb.org.br\/wp-content\/uploads\/2020\/01\/20200121_122128-1024x768.jpg 1024w, https:\/\/sinspeb.org.br\/wp-content\/uploads\/2020\/01\/20200121_122128-300x225.jpg 300w, https:\/\/sinspeb.org.br\/wp-content\/uploads\/2020\/01\/20200121_122128-768x576.jpg 768w\" sizes=\"(max-width: 750px) 100vw, 750px\" \/><\/p>\n<p>O presidente do Sindicato dos Servidores Penitenci\u00e1rios(Sinspeb), Reivon Pimentel, destacou que o trip\u00e9 da Seguran\u00e7a P\u00fablica da Bahia \u00e9 composto pela Pol\u00edcia Civil, Pol\u00edcia Militar e Pol\u00edcia Penal, esta \u00faltima respons\u00e1vel em garantir a seguran\u00e7a das unidades prisionais e a cust\u00f3dia dos apenados do Sistema Prisional baiano. O sindicalista frisou que os Servidores Penitenci\u00e1rios e Policiais Penais ser\u00e3o extremamente afetados com a Reforma da Previd\u00eancia Estadual, pois pretende retirar o direito \u00e0 Integralidade, \u00e0 Paridade e o valor Pens\u00e3o por Morte e do Abono Perman\u00eancia ser\u00e3o  reduzidos. <\/p>\n<p>&#8221;  N\u00f3s Policiais Penais exigemos do Governo do Estado um tratamento ison\u00f4mico em rela\u00e7\u00e3o \u00e0 Pol\u00edcia Militar. Aos Policiais militares foi garantido Integralidade, Paridade, 100% da Pens\u00e3o Por Morte. Al\u00e9m disso, hoje um Policial Civil e um Policial Penal que  est\u00e3o no fim da carreira recebem  um sal\u00e1rio que gira em torno de R$ 6.000 a  R$ 7.000,00, se for aplicada essa m\u00e9dia que cont\u00e9m na PEC o sal\u00e1rio ser\u00e1 reduzido para cerca de R$ 4.500, 00 do servidor que est\u00e1 no fim da carreira&#8221;, denuncia o presidente do Sinspeb.<\/p>\n<p><img decoding=\"async\" src=\"http:\/\/sinspeb.org.br\/wp-content\/uploads\/2020\/01\/20200121_122125-1024x768.jpg\" alt=\"\" width=\"750\" height=\"563\" class=\"aligncenter size-large wp-image-835\" srcset=\"https:\/\/sinspeb.org.br\/wp-content\/uploads\/2020\/01\/20200121_122125-1024x768.jpg 1024w, https:\/\/sinspeb.org.br\/wp-content\/uploads\/2020\/01\/20200121_122125-300x225.jpg 300w, https:\/\/sinspeb.org.br\/wp-content\/uploads\/2020\/01\/20200121_122125-768x576.jpg 768w\" sizes=\"(max-width: 750px) 100vw, 750px\" \/><\/p>\n<p>Reivon Pimentel classifica a PEC como uma &#8220;perversidade&#8221; e , segundo ele,  trata os iguais com desigualdade, pois  n\u00e3o assegura aos policiais civis e penais os mesmos direitos garantidos aos policiais militares. &#8221;  Caso n\u00e3o atendam nossos pleitos, o \u00fanico recurso que cabe ao trabalhador \u00e9 o movimento paredista, \u00e9 a  deflagra\u00e7\u00e3o da greve. Uma mat\u00e9ria dessa magnitude que vai afetar mais de 500 mil trabalhadores deveria ter sido discutida com o Parlamento e com a Sociedade Civil organizada e isso n\u00e3o est\u00e1 sendo feito&#8221;, protesta o sindicalista. <\/p>\n<p>A Assembleia Unificada foi promovida pelo Sinspeb, Sindpoc, Unipol, Assipoc, Aepeb-Sindicato e Sindpep.<\/p>\n<p>Ascom Sinspeb<\/p>\n","protected":false},"excerpt":{"rendered":"<p>As categorias deliberaram entrar em &#8220;estado de greve&#8221; em rep\u00fadio \u00e0 PEC 159\/2020 A Assembleia Unificada dos Policiais Civis e<\/p>\n","protected":false},"author":1,"featured_media":0,"comment_status":"open","ping_status":"open","sticky":false,"template":"","format":"standard","meta":{"colormag_page_container_layout":"default_layout","colormag_page_sidebar_layout":"default_layout","footnotes":""},"categories":[1],"tags":[],"class_list":["post-831","post","type-post","status-publish","format-standard","hentry","category-noticias"],"_links":{"self":[{"href":"https:\/\/sinspeb.org.br\/index.php?rest_route=\/wp\/v2\/posts\/831","targetHints":{"allow":["GET"]}}],"collection":[{"href":"https:\/\/sinspeb.org.br\/index.php?rest_route=\/wp\/v2\/posts"}],"about":[{"href":"https:\/\/sinspeb.org.br\/index.php?rest_route=\/wp\/v2\/types\/post"}],"author":[{"embeddable":true,"href":"https:\/\/sinspeb.org.br\/index.php?rest_route=\/wp\/v2\/users\/1"}],"replies":[{"embeddable":true,"href":"https:\/\/sinspeb.org.br\/index.php?rest_route=%2Fwp%2Fv2%2Fcomments&post=831"}],"version-history":[{"count":3,"href":"https:\/\/sinspeb.org.br\/index.php?rest_route=\/wp\/v2\/posts\/831\/revisions"}],"predecessor-version":[{"id":837,"href":"https:\/\/sinspeb.org.br\/index.php?rest_route=\/wp\/v2\/posts\/831\/revisions\/837"}],"wp:attachment":[{"href":"https:\/\/sinspeb.org.br\/index.php?rest_route=%2Fwp%2Fv2%2Fmedia&parent=831"}],"wp:term":[{"taxonomy":"category","embeddable":true,"href":"https:\/\/sinspeb.org.br\/index.php?rest_route=%2Fwp%2Fv2%2Fcategories&post=831"},{"taxonomy":"post_tag","embeddable":true,"href":"https:\/\/sinspeb.org.br\/index.php?rest_route=%2Fwp%2Fv2%2Ftags&post=831"}],"curies":[{"name":"wp","href":"https:\/\/api.w.org\/{rel}","templated":true}]}}