{"id":847,"date":"2020-01-22T11:12:24","date_gmt":"2020-01-22T14:12:24","guid":{"rendered":"http:\/\/sinspeb.org.br\/?p=847"},"modified":"2020-01-22T11:12:24","modified_gmt":"2020-01-22T14:12:24","slug":"presidente-do-sinspeb-concede-entrevista-a-radio-do-municipio-de-senhor-do-bonfim-nesta-quarta-feira22","status":"publish","type":"post","link":"https:\/\/sinspeb.org.br\/?p=847","title":{"rendered":"Presidente do Sinspeb concede entrevista \u00e0 R\u00e1dio do munic\u00edpio de Senhor do Bonfim nesta quarta-feira(22)"},"content":{"rendered":"<p><img fetchpriority=\"high\" decoding=\"async\" src=\"http:\/\/sinspeb.org.br\/wp-content\/uploads\/2020\/01\/IMG-20191219-WA0018-1-1024x922.jpg\" alt=\"\" width=\"750\" height=\"675\" class=\"aligncenter size-large wp-image-799\" srcset=\"https:\/\/sinspeb.org.br\/wp-content\/uploads\/2020\/01\/IMG-20191219-WA0018-1-1024x922.jpg 1024w, https:\/\/sinspeb.org.br\/wp-content\/uploads\/2020\/01\/IMG-20191219-WA0018-1-300x270.jpg 300w, https:\/\/sinspeb.org.br\/wp-content\/uploads\/2020\/01\/IMG-20191219-WA0018-1-768x691.jpg 768w, https:\/\/sinspeb.org.br\/wp-content\/uploads\/2020\/01\/IMG-20191219-WA0018-1.jpg 1181w\" sizes=\"(max-width: 750px) 100vw, 750px\" \/><\/p>\n<p>O sindicalista ir\u00e1 discorrer sobre os &#8220;preju\u00edzos&#8221; que ser\u00e3o ocasionados aos Policiais Penais e Servidores Penitenci\u00e1rios baianos caso a PEC 159\/2020 seja aprovada <\/p>\n<p>O presidente do Sindicato dos Servidores Penitenci\u00e1rios(Sinspeb), Reivon Pimentel, ser\u00e1 entrevistado, ao vivo, pela R\u00e1dio Rainha FM 97.3, do munic\u00edpio do Senhor do Bonfim, \u00e0s 12h, nesta quarta-feira(22), programa &#8220;Jornal Bonfinense&#8221;, apresentado por Netto Maravilha. <\/p>\n<p>Na pauta, os impactos da Reforma da Previd\u00eancia Estadual aos Servidores Penitenci\u00e1rios e Policiais Penais. Sintonize e confira!<\/p>\n<p>Ascom Sinspeb<\/p>\n<p>https:\/\/www.radios.com.br\/aovivo\/radio-rainha-973-fm\/14361<\/p>\n","protected":false},"excerpt":{"rendered":"<p>O sindicalista ir\u00e1 discorrer sobre os &#8220;preju\u00edzos&#8221; que ser\u00e3o ocasionados aos Policiais Penais e Servidores Penitenci\u00e1rios baianos caso a PEC<\/p>\n","protected":false},"author":1,"featured_media":0,"comment_status":"open","ping_status":"open","sticky":false,"template":"","format":"standard","meta":{"colormag_page_container_layout":"default_layout","colormag_page_sidebar_layout":"default_layout","footnotes":""},"categories":[1],"tags":[],"class_list":["post-847","post","type-post","status-publish","format-standard","hentry","category-noticias"],"_links":{"self":[{"href":"https:\/\/sinspeb.org.br\/index.php?rest_route=\/wp\/v2\/posts\/847","targetHints":{"allow":["GET"]}}],"collection":[{"href":"https:\/\/sinspeb.org.br\/index.php?rest_route=\/wp\/v2\/posts"}],"about":[{"href":"https:\/\/sinspeb.org.br\/index.php?rest_route=\/wp\/v2\/types\/post"}],"author":[{"embeddable":true,"href":"https:\/\/sinspeb.org.br\/index.php?rest_route=\/wp\/v2\/users\/1"}],"replies":[{"embeddable":true,"href":"https:\/\/sinspeb.org.br\/index.php?rest_route=%2Fwp%2Fv2%2Fcomments&post=847"}],"version-history":[{"count":1,"href":"https:\/\/sinspeb.org.br\/index.php?rest_route=\/wp\/v2\/posts\/847\/revisions"}],"predecessor-version":[{"id":848,"href":"https:\/\/sinspeb.org.br\/index.php?rest_route=\/wp\/v2\/posts\/847\/revisions\/848"}],"wp:attachment":[{"href":"https:\/\/sinspeb.org.br\/index.php?rest_route=%2Fwp%2Fv2%2Fmedia&parent=847"}],"wp:term":[{"taxonomy":"category","embeddable":true,"href":"https:\/\/sinspeb.org.br\/index.php?rest_route=%2Fwp%2Fv2%2Fcategories&post=847"},{"taxonomy":"post_tag","embeddable":true,"href":"https:\/\/sinspeb.org.br\/index.php?rest_route=%2Fwp%2Fv2%2Ftags&post=847"}],"curies":[{"name":"wp","href":"https:\/\/api.w.org\/{rel}","templated":true}]}}