{"id":850,"date":"2020-01-24T08:15:43","date_gmt":"2020-01-24T11:15:43","guid":{"rendered":"http:\/\/sinspeb.org.br\/?p=850"},"modified":"2020-01-24T08:15:43","modified_gmt":"2020-01-24T11:15:43","slug":"com-paralisacao-de-48-horas-apenas-30-dos-policiais-penais-irao-trabalhar-nas-unidades-prisionais-da-bahia","status":"publish","type":"post","link":"https:\/\/sinspeb.org.br\/?p=850","title":{"rendered":"Com paralisa\u00e7\u00e3o de 48 horas, apenas 30% dos Policiais Penais ir\u00e3o trabalhar nas unidades prisionais da Bahia"},"content":{"rendered":"<p>Com esse efetivo estabelecido pelo  normativo da Lei de Greve, os detentos s\u00f3 ter\u00e3o acesso \u00e0s necessidades b\u00e1sicas<\/p>\n<p><img fetchpriority=\"high\" decoding=\"async\" src=\"http:\/\/sinspeb.org.br\/wp-content\/uploads\/2020\/01\/IMG-20200118-WA0001.jpg\" alt=\"\" width=\"640\" height=\"640\" class=\"aligncenter size-full wp-image-851\" srcset=\"https:\/\/sinspeb.org.br\/wp-content\/uploads\/2020\/01\/IMG-20200118-WA0001.jpg 640w, https:\/\/sinspeb.org.br\/wp-content\/uploads\/2020\/01\/IMG-20200118-WA0001-150x150.jpg 150w, https:\/\/sinspeb.org.br\/wp-content\/uploads\/2020\/01\/IMG-20200118-WA0001-300x300.jpg 300w\" sizes=\"(max-width: 640px) 100vw, 640px\" \/> <\/p>\n<p>Com a paralisa\u00e7\u00e3o de 48 horas que ser\u00e1 realizada na pr\u00f3xima segunda(27) e ter\u00e7a(28), aprovada durante Assembleia Unificada promovida por Policiais Penais e Policiais Civis, nesta semana, apenas 30% do efetivo ir\u00e1 trabalhar no Sistema Prisional, conforme prev\u00ea a Lei de Greve.<\/p>\n<p> Devido \u00e0 redu\u00e7\u00e3o do efetivo, as Assist\u00eancias Sociais garantidas pela Lei de Execu\u00e7\u00e3o Penal(LEP) como visitas dos familiares, assist\u00eancia educacional, jur\u00eddica, laboral e religiosa ser\u00e3o suspensas. <\/p>\n<p>&#8220;Por conta da paralisa\u00e7\u00e3o, os detentos s\u00f3 ser\u00e3o assistidos em suas necessidades b\u00e1sicas como alimenta\u00e7\u00e3o, atendimento m\u00e9dico de urg\u00eancia e cumprimento de Alvar\u00e1 de Soltura&#8221;, esclarece o presidente do Sindicato dos Servidores Penitenci\u00e1rios(Sinspeb), Reivon Pimentel, ao salientar que, at\u00e9 o momento, o movimento n\u00e3o recebeu nenhum retorno do Governo do Estado relativa \u00e0 PEC 159\/2020 que pretende promover uma Reforma da Previd\u00eancia estadual que, segundo os servidores, vai resultar em &#8220;preju\u00edzos hist\u00f3ricos&#8221;  ao funcionalismo p\u00fablico baiano.<\/p>\n<p> Policiais Penais e Civis  encaminharam um of\u00edcio ao Governo do Estado para  reivindicar &#8220;tratamento ison\u00f4mico&#8221; em rela\u00e7\u00e3o aos policiais militares e solicitam que a PEC 159\/2020  garanta  Integralidade, Paridade, redu\u00e7\u00e3o da idade m\u00ednima da Aposentadoria e manuten\u00e7\u00e3o de 100% do Abono de Perman\u00eancia, ap\u00f3s Assembleia que contou com  participa\u00e7\u00e3o das duas categorias e deliberou pela paralisa\u00e7\u00e3o das atividades laborais por 48 horas. <\/p>\n<p>Ascom Sinspeb<\/p>\n","protected":false},"excerpt":{"rendered":"<p>Com esse efetivo estabelecido pelo normativo da Lei de Greve, os detentos s\u00f3 ter\u00e3o acesso \u00e0s necessidades b\u00e1sicas Com a<\/p>\n","protected":false},"author":1,"featured_media":0,"comment_status":"open","ping_status":"open","sticky":false,"template":"","format":"standard","meta":{"colormag_page_container_layout":"default_layout","colormag_page_sidebar_layout":"default_layout","footnotes":""},"categories":[1],"tags":[],"class_list":["post-850","post","type-post","status-publish","format-standard","hentry","category-noticias"],"_links":{"self":[{"href":"https:\/\/sinspeb.org.br\/index.php?rest_route=\/wp\/v2\/posts\/850","targetHints":{"allow":["GET"]}}],"collection":[{"href":"https:\/\/sinspeb.org.br\/index.php?rest_route=\/wp\/v2\/posts"}],"about":[{"href":"https:\/\/sinspeb.org.br\/index.php?rest_route=\/wp\/v2\/types\/post"}],"author":[{"embeddable":true,"href":"https:\/\/sinspeb.org.br\/index.php?rest_route=\/wp\/v2\/users\/1"}],"replies":[{"embeddable":true,"href":"https:\/\/sinspeb.org.br\/index.php?rest_route=%2Fwp%2Fv2%2Fcomments&post=850"}],"version-history":[{"count":1,"href":"https:\/\/sinspeb.org.br\/index.php?rest_route=\/wp\/v2\/posts\/850\/revisions"}],"predecessor-version":[{"id":852,"href":"https:\/\/sinspeb.org.br\/index.php?rest_route=\/wp\/v2\/posts\/850\/revisions\/852"}],"wp:attachment":[{"href":"https:\/\/sinspeb.org.br\/index.php?rest_route=%2Fwp%2Fv2%2Fmedia&parent=850"}],"wp:term":[{"taxonomy":"category","embeddable":true,"href":"https:\/\/sinspeb.org.br\/index.php?rest_route=%2Fwp%2Fv2%2Fcategories&post=850"},{"taxonomy":"post_tag","embeddable":true,"href":"https:\/\/sinspeb.org.br\/index.php?rest_route=%2Fwp%2Fv2%2Ftags&post=850"}],"curies":[{"name":"wp","href":"https:\/\/api.w.org\/{rel}","templated":true}]}}