{"id":853,"date":"2020-01-24T22:00:38","date_gmt":"2020-01-25T01:00:38","guid":{"rendered":"http:\/\/sinspeb.org.br\/?p=853"},"modified":"2020-01-24T22:00:38","modified_gmt":"2020-01-25T01:00:38","slug":"representantes-do-sinspeb-reunem-se-com-o-secretario-da-seap-nestor-duarte","status":"publish","type":"post","link":"https:\/\/sinspeb.org.br\/?p=853","title":{"rendered":"Representantes do SINSPEB re\u00fanem-se com o Secret\u00e1rio da SEAP &#8211; Nestor Duarte"},"content":{"rendered":"<p>Representantes do SINSPEB re\u00fanem-se com o Secret\u00e1rio da SEAP &#8211; Nestor Duarte<\/p>\n<p>Nesta ter\u00e7a-feira (21\/01), o Sindicato dos Servidores Penitenci\u00e1rios do Estado da Bahia (SINSPEB), representado pelo Presidente Reivon Pimentel, o Vice Presidente Fernando Fernandes e os Coordenadores Jos\u00e9 Ramalho Rodrigues e Cristina Arredondo, se reuniram com o Secret\u00e1rio de Administra\u00e7\u00e3o Penitenci\u00e1ria e Ressocializa\u00e7\u00e3o (SEAP) &#8211; Nestor Duarte e sua equipe o Chefe de Gabinete &#8211; Carlos Sodr\u00e9, o Diretor Geral &#8211; Tarc\u00edsio Malaquias, o Coordenador Paulo C\u00e9zar e o Diretor Administrativo &#8211; Milton Martins Filho, com a finalidade de tratar pauta espec\u00edfica sobre Decreto para Institui\u00e7\u00e3o da Escola Penitenci\u00e1ria; Amplia\u00e7\u00e3o de Vagas na Classe Inicial (I) da carreira de Policial Penal; e Institui\u00e7\u00e3o e Regulamenta\u00e7\u00e3o da Pol\u00edcia Penal.<\/p>\n<p><img fetchpriority=\"high\" decoding=\"async\" src=\"http:\/\/sinspeb.org.br\/wp-content\/uploads\/2020\/01\/IMG-20200121-WA0040-1.jpg\" alt=\"\" width=\"887\" height=\"585\" class=\"aligncenter size-full wp-image-856\" srcset=\"https:\/\/sinspeb.org.br\/wp-content\/uploads\/2020\/01\/IMG-20200121-WA0040-1.jpg 887w, https:\/\/sinspeb.org.br\/wp-content\/uploads\/2020\/01\/IMG-20200121-WA0040-1-300x198.jpg 300w, https:\/\/sinspeb.org.br\/wp-content\/uploads\/2020\/01\/IMG-20200121-WA0040-1-768x507.jpg 768w\" sizes=\"(max-width: 887px) 100vw, 887px\" \/><\/p>\n<p>O ponto inicial da reuni\u00e3o deu-se com a abordagem da Institui\u00e7\u00e3o da Escola Penitenci\u00e1ria, que encontra-se totalmente pronta e equipada, aguardando apenas instrumento legal, para que entre em opera\u00e7\u00e3o. O Secret\u00e1rio da SEAP \u2013 Nestor Duarte informou que o projeto encontra-se na Casa Civil aguardando apenas assinatura do Governador Rui Costa, que realizaria dilig\u00eancias para que a publica\u00e7\u00e3o fosse realizada com brevidade.<\/p>\n<p>Com rela\u00e7\u00e3o a amplia\u00e7\u00e3o de vagas na classe inicial (classe I) da carreira de Policial Penal, o Secret\u00e1rio da SEAP, demostrou interesse pelo assunto, pontuando quest\u00f5es como o deficit no quadro dos servidores efetivos em algumas unidades como o Conjunto Penal de Feira de Santana e o Conjunto Penal de Paulo Afonso, aposentadoria de servidores e sobre a necessidade do quadro de Policiais Penais nas Unidades de Cogest\u00e3o, que est\u00e3o para entrar em funcionamento como Irec\u00ea e Brumado, para executar as atividades privativas do cargo.<br \/>\nO Vice Presidente do SINSPEB prop\u00f4s a cria\u00e7\u00e3o de um Grupo de Trabalho para realizar um estudo formal sobre o quantitativo de vagas, proposta aceita pelo Secret\u00e1rio Nestor Duarte e sua equipe, que logo definiu a composi\u00e7\u00e3o do GT, garantindo a participa\u00e7\u00e3o de um componente do SINSPEB.<\/p>\n<p>Sobre a Institui\u00e7\u00e3o e Regulamenta\u00e7\u00e3o da Pol\u00edcia Penal, o Secret\u00e1rio Nestor Duarte resumiu-se a dizer que aguarda pela regulamenta\u00e7\u00e3o federal para que sirva de par\u00e2metro para a constru\u00e7\u00e3o da regulamenta\u00e7\u00e3o baiana e o processo fique uniforme. <\/p>\n<p>Aproveitando a oportunidade, ap\u00f3s a conclus\u00e3o da pauta especifica, o Presidente Reivon Pimentel abordou sobre a necessidade da capacita\u00e7\u00e3o dos Policiais Penais para operar os Equipamentos Body Scanear, que j\u00e1 protocolou dois oficios na SEAP cobrando o curso e n\u00e3o obteve respostas. A Coordenadora Cristina Arredondo destacou a import\u00e2ncia da moderniza\u00e7\u00e3o do Sistema Prisional para aperfei\u00e7oar as revistas, mas salienta que, a utiliza\u00e7\u00e3o inadequada dos aparelhos, pode ocasionar \u201ctranstornos\u201d durante as revistas e que a maior preocupa\u00e7\u00e3o dos servidores \u00e9 a exposi\u00e7\u00e3o ao agente radioativo, totalmente nocivo a sa\u00fade, e os danos a sa\u00fade que este pode provocar.<br \/>\nO diretor Martins esclareceu que cobrar\u00e1 da empresa VMI a capacita\u00e7\u00e3o dos servidores, pois conforme contrato a empresa ficou respons\u00e1vel pela qualifica\u00e7\u00e3o dos operadores.<\/p>\n<p>O Presidente do SINSPEB cobrou do Secret\u00e1rio da pasta a assinatura do Termo de Coopera\u00e7\u00e3o T\u00e9cnica, que foi encaminhado por e-mail pelo Departamento Penitenci\u00e1rio Nacional (DEPEN), que visa oferecer a institui\u00e7\u00e3o projetos pr\u00e9-aprovados destinados \u00e0 constru\u00e7\u00e3o de cadeias p\u00fablicas e unidades de seguran\u00e7a m\u00e9dia com capacidade para at\u00e9 800 internos.<br \/>\nDiante o exposto, visto que naquele momento n\u00e3o detinha de informa\u00e7\u00f5es concretas sobre o questionamento feito, o Secret\u00e1rio, visando o cumprimento das pend\u00eancias, se comprometeu em fazer o levantamento das informa\u00e7\u00f5es e diligenciar, pontuando que esses projetos s\u00e3o de grande valia e que servir\u00e3o para a constru\u00e7\u00e3o da nova unidade prisional em Ilh\u00e9us, dentre outras.<\/p>\n<p>Ascom &#8211; SINSPEB<\/p>\n","protected":false},"excerpt":{"rendered":"<p>Representantes do SINSPEB re\u00fanem-se com o Secret\u00e1rio da SEAP &#8211; Nestor Duarte Nesta ter\u00e7a-feira (21\/01), o Sindicato dos Servidores Penitenci\u00e1rios<\/p>\n","protected":false},"author":1,"featured_media":854,"comment_status":"open","ping_status":"open","sticky":false,"template":"","format":"standard","meta":{"colormag_page_container_layout":"default_layout","colormag_page_sidebar_layout":"default_layout","footnotes":""},"categories":[1],"tags":[],"class_list":["post-853","post","type-post","status-publish","format-standard","has-post-thumbnail","hentry","category-noticias"],"_links":{"self":[{"href":"https:\/\/sinspeb.org.br\/index.php?rest_route=\/wp\/v2\/posts\/853","targetHints":{"allow":["GET"]}}],"collection":[{"href":"https:\/\/sinspeb.org.br\/index.php?rest_route=\/wp\/v2\/posts"}],"about":[{"href":"https:\/\/sinspeb.org.br\/index.php?rest_route=\/wp\/v2\/types\/post"}],"author":[{"embeddable":true,"href":"https:\/\/sinspeb.org.br\/index.php?rest_route=\/wp\/v2\/users\/1"}],"replies":[{"embeddable":true,"href":"https:\/\/sinspeb.org.br\/index.php?rest_route=%2Fwp%2Fv2%2Fcomments&post=853"}],"version-history":[{"count":2,"href":"https:\/\/sinspeb.org.br\/index.php?rest_route=\/wp\/v2\/posts\/853\/revisions"}],"predecessor-version":[{"id":857,"href":"https:\/\/sinspeb.org.br\/index.php?rest_route=\/wp\/v2\/posts\/853\/revisions\/857"}],"wp:featuredmedia":[{"embeddable":true,"href":"https:\/\/sinspeb.org.br\/index.php?rest_route=\/wp\/v2\/media\/854"}],"wp:attachment":[{"href":"https:\/\/sinspeb.org.br\/index.php?rest_route=%2Fwp%2Fv2%2Fmedia&parent=853"}],"wp:term":[{"taxonomy":"category","embeddable":true,"href":"https:\/\/sinspeb.org.br\/index.php?rest_route=%2Fwp%2Fv2%2Fcategories&post=853"},{"taxonomy":"post_tag","embeddable":true,"href":"https:\/\/sinspeb.org.br\/index.php?rest_route=%2Fwp%2Fv2%2Ftags&post=853"}],"curies":[{"name":"wp","href":"https:\/\/api.w.org\/{rel}","templated":true}]}}