{"id":863,"date":"2020-01-27T21:43:12","date_gmt":"2020-01-28T00:43:12","guid":{"rendered":"http:\/\/sinspeb.org.br\/?p=863"},"modified":"2020-01-27T21:43:12","modified_gmt":"2020-01-28T00:43:12","slug":"policiais-penais-e-civis-mantem-paralisacao-nesta-terca28-na-capital-regiao-metropolitana-e-interior-baiano","status":"publish","type":"post","link":"https:\/\/sinspeb.org.br\/?p=863","title":{"rendered":"Policiais Penais e Civis mant\u00eam paralisa\u00e7\u00e3o nesta ter\u00e7a(28)  na capital, regi\u00e3o metropolitana e interior baiano"},"content":{"rendered":"<p>Ser\u00e1 realizada uma manifesta\u00e7\u00e3o a partir das 6h em frente ao Complexo Penitenci\u00e1rio de Salvador e \u00e0s 9h  Policiais Penais e Civis v\u00e3o &#8220;ocupar&#8221; a ALBA <\/p>\n<p><img fetchpriority=\"high\" decoding=\"async\" src=\"http:\/\/sinspeb.org.br\/wp-content\/uploads\/2020\/01\/IMG-20200127-WA0086-1024x768.jpg\" alt=\"\" width=\"750\" height=\"563\" class=\"aligncenter size-large wp-image-860\" srcset=\"https:\/\/sinspeb.org.br\/wp-content\/uploads\/2020\/01\/IMG-20200127-WA0086-1024x768.jpg 1024w, https:\/\/sinspeb.org.br\/wp-content\/uploads\/2020\/01\/IMG-20200127-WA0086-300x225.jpg 300w, https:\/\/sinspeb.org.br\/wp-content\/uploads\/2020\/01\/IMG-20200127-WA0086-768x576.jpg 768w, https:\/\/sinspeb.org.br\/wp-content\/uploads\/2020\/01\/IMG-20200127-WA0086.jpg 1152w\" sizes=\"(max-width: 750px) 100vw, 750px\" \/><\/p>\n<p>Na capital baiana e em diversos munic\u00edpios do Estado onde existem unidades prisionais como Feira de Santana,  Vit\u00f3ria da Conquista e Teixeira de Freitas,  Policiais Penais e  Civis aderiram \u00e0 paralisa\u00e7\u00e3o de 48 horas  e realizaram diversas mobiliza\u00e7\u00f5es e caminhadas  em rep\u00fadio \u00e0 PEC 159\/2020 que prev\u00ea uma Reforma da Previd\u00eancia estadual proposta pelo Governo do Estado. As entidades que representam as duas categorias afirmam que, caso a PEC seja aprovada na Assembleia Legislativa do Estado, os servidores  ser\u00e3o prejudicados com a retirada de direitos como   Integralidade, Paridade, redu\u00e7\u00e3o do valor da Pens\u00e3o por Morte e do Abono Perman\u00eancia.<\/p>\n<p><img decoding=\"async\" src=\"http:\/\/sinspeb.org.br\/wp-content\/uploads\/2020\/01\/IMG-20200127-WA0073-1024x768.jpg\" alt=\"\" width=\"750\" height=\"563\" class=\"aligncenter size-large wp-image-862\" srcset=\"https:\/\/sinspeb.org.br\/wp-content\/uploads\/2020\/01\/IMG-20200127-WA0073-1024x768.jpg 1024w, https:\/\/sinspeb.org.br\/wp-content\/uploads\/2020\/01\/IMG-20200127-WA0073-300x225.jpg 300w, https:\/\/sinspeb.org.br\/wp-content\/uploads\/2020\/01\/IMG-20200127-WA0073-768x576.jpg 768w, https:\/\/sinspeb.org.br\/wp-content\/uploads\/2020\/01\/IMG-20200127-WA0073.jpg 1280w\" sizes=\"(max-width: 750px) 100vw, 750px\" \/><\/p>\n<p>&#8221; A avalia\u00e7\u00e3o que fazemos \u00e9 a de que o movimento paredista est\u00e1 sendo \u00eaxitoso, teve uma ades\u00e3o de 100% dos servidores e estamos chamando aten\u00e7\u00e3o da sociedade, do governador e dos parlamentares para os preju\u00edzos que ser\u00e3o trazidos aos servidores pela PEC 159\/2020. Continuaremos mobilizados nesta ter\u00e7a(28), com as atividades  paralisadas em todas unidades prisionais e, a partir do meio-dia,  iremos ocupar a Alba&#8221;, avisa Reivon Pimentel, presidente do Sinspeb.<\/p>\n<p><img decoding=\"async\" src=\"http:\/\/sinspeb.org.br\/wp-content\/uploads\/2020\/01\/IMG-20200127-WA0085.jpg\" alt=\"\" width=\"970\" height=\"619\" class=\"aligncenter size-full wp-image-861\" srcset=\"https:\/\/sinspeb.org.br\/wp-content\/uploads\/2020\/01\/IMG-20200127-WA0085.jpg 970w, https:\/\/sinspeb.org.br\/wp-content\/uploads\/2020\/01\/IMG-20200127-WA0085-300x191.jpg 300w, https:\/\/sinspeb.org.br\/wp-content\/uploads\/2020\/01\/IMG-20200127-WA0085-768x490.jpg 768w\" sizes=\"(max-width: 970px) 100vw, 970px\" \/><\/p>\n<p>Durante reuni\u00f5es, nesta segunda(27), com o Vice-L\u00edder do Governo, deputado estadual Roberto Carlos(PDT),  deputado federal Z\u00e9 Neto(PT-BA) e o deputado estadual Robinho (PP-BA), os parlamentares ouviram as reivindica\u00e7\u00f5es das entidades que representam os  Policiais Penais e Policiais civis e assumiram o compromisso de encaminhar os pleitos para o governador Rui Costa. Est\u00e1 prevista uma vota\u00e7\u00e3o na Comiss\u00e3o de Constitui\u00e7\u00e3o e Justi\u00e7a(CCJ), \u00e0s 10h, desta ter\u00e7a-feira(28). <\/p>\n<p>Ascom Sinspeb<\/p>\n","protected":false},"excerpt":{"rendered":"<p>Ser\u00e1 realizada uma manifesta\u00e7\u00e3o a partir das 6h em frente ao Complexo Penitenci\u00e1rio de Salvador e \u00e0s 9h Policiais Penais<\/p>\n","protected":false},"author":1,"featured_media":0,"comment_status":"open","ping_status":"open","sticky":false,"template":"","format":"standard","meta":{"colormag_page_container_layout":"default_layout","colormag_page_sidebar_layout":"default_layout","footnotes":""},"categories":[1],"tags":[],"class_list":["post-863","post","type-post","status-publish","format-standard","hentry","category-noticias"],"_links":{"self":[{"href":"https:\/\/sinspeb.org.br\/index.php?rest_route=\/wp\/v2\/posts\/863","targetHints":{"allow":["GET"]}}],"collection":[{"href":"https:\/\/sinspeb.org.br\/index.php?rest_route=\/wp\/v2\/posts"}],"about":[{"href":"https:\/\/sinspeb.org.br\/index.php?rest_route=\/wp\/v2\/types\/post"}],"author":[{"embeddable":true,"href":"https:\/\/sinspeb.org.br\/index.php?rest_route=\/wp\/v2\/users\/1"}],"replies":[{"embeddable":true,"href":"https:\/\/sinspeb.org.br\/index.php?rest_route=%2Fwp%2Fv2%2Fcomments&post=863"}],"version-history":[{"count":1,"href":"https:\/\/sinspeb.org.br\/index.php?rest_route=\/wp\/v2\/posts\/863\/revisions"}],"predecessor-version":[{"id":864,"href":"https:\/\/sinspeb.org.br\/index.php?rest_route=\/wp\/v2\/posts\/863\/revisions\/864"}],"wp:attachment":[{"href":"https:\/\/sinspeb.org.br\/index.php?rest_route=%2Fwp%2Fv2%2Fmedia&parent=863"}],"wp:term":[{"taxonomy":"category","embeddable":true,"href":"https:\/\/sinspeb.org.br\/index.php?rest_route=%2Fwp%2Fv2%2Fcategories&post=863"},{"taxonomy":"post_tag","embeddable":true,"href":"https:\/\/sinspeb.org.br\/index.php?rest_route=%2Fwp%2Fv2%2Ftags&post=863"}],"curies":[{"name":"wp","href":"https:\/\/api.w.org\/{rel}","templated":true}]}}