{"id":865,"date":"2020-01-30T09:59:36","date_gmt":"2020-01-30T12:59:36","guid":{"rendered":"http:\/\/sinspeb.org.br\/?p=865"},"modified":"2020-01-30T10:19:02","modified_gmt":"2020-01-30T13:19:02","slug":"banco-de-talentos-servidora-ira-lancar-livro-de-poesias","status":"publish","type":"post","link":"https:\/\/sinspeb.org.br\/?p=865","title":{"rendered":"Banco de Talentos: servidora ir\u00e1 lan\u00e7ar livro de poesias"},"content":{"rendered":"<p>A Policial Penal, desde o per\u00edodo de inf\u00e2ncia,escreve poemas que refletem sobre diversos aspectos da vida<\/p>\n<p><img fetchpriority=\"high\" decoding=\"async\" src=\"http:\/\/sinspeb.org.br\/wp-content\/uploads\/2020\/01\/IMG-20200110-WA0078-1024x538.jpg\" alt=\"\" width=\"750\" height=\"394\" class=\"aligncenter size-large wp-image-866\" srcset=\"https:\/\/sinspeb.org.br\/wp-content\/uploads\/2020\/01\/IMG-20200110-WA0078-1024x538.jpg 1024w, https:\/\/sinspeb.org.br\/wp-content\/uploads\/2020\/01\/IMG-20200110-WA0078-300x158.jpg 300w, https:\/\/sinspeb.org.br\/wp-content\/uploads\/2020\/01\/IMG-20200110-WA0078-768x403.jpg 768w, https:\/\/sinspeb.org.br\/wp-content\/uploads\/2020\/01\/IMG-20200110-WA0078.jpg 1200w\" sizes=\"(max-width: 750px) 100vw, 750px\" \/><\/p>\n<p>Nossa homenageada do quadro &#8220;Banco de Talentos&#8221;, desta quinta-feira(30),\u00e9 a Policial Penal Lidiane dos Santos Souza, 31 anos, graduada em Ci\u00eancias Cont\u00e1beis, p\u00f3s-graduada em &#8220;Contabilidade P\u00fablica e Auditoria Governamental&#8221;, lotada na Col\u00f4nia Penal de Sim\u00f5es Filho e membro do Conselho Fiscal do Sinspeb. A servidora ingressou no funcionalismo p\u00fablico em dezembro de 2011,trabalhou durante dois anos no pres\u00eddio de Esplanada e ir\u00e1 completar 6 anos de atividade laboral em Sim\u00f5es Filho.<\/p>\n<p>Nossa servidora possui um talento &#8220;nato&#8221; para escrever  poesias. Desde o per\u00edodo da inf\u00e2ncia,colecionava agendas e cadernos os quais utilizava para escrever poemas que discorriam sobre : amor, desilus\u00e3o, saudade, despedida,  v\u00ednculos familiares, perd\u00e3o e orgulho. Al\u00e9m disso, os poemas abordam a rela\u00e7\u00e3o intimista  que a poetisa possui com a natureza e, principalmente, as flores que planta no jardim da sua resid\u00eancia, as &#8220;Rosas do Deserto&#8221;, consideradas como plantas ex\u00f3ticas. &#8220;Na verdade, eu tenho uma paix\u00e3o pelas plantas desde pequena. As flores representam a vida. N\u00f3s somos como uma semente! Nascemos, crescemos e florescemos e um dia vamos embora&#8221;, ressalta a poetisa, ao estabelecer uma associa\u00e7\u00e3o entre as flores e o ciclo da vida que tamb\u00e9m permeia os seres humanos.<\/p>\n<p>         Um mar de flores<\/p>\n<p>No meu jardim plantei Narcisos<br \/>\nCamp\u00e2nulas e L\u00edrios-do-vale.<br \/>\nNo cora\u00e7\u00e3o brotou sorrisos<br \/>\nH\u00e1 tanto amor<br \/>\nQue em mim n\u00e3o cabe.<br \/>\nCultivei sementes de Rosas,<br \/>\nAmor-perfeito e girassol.<br \/>\nBulbos de D\u00e1lias e de Amarilis.<br \/>\nMudas de Torenias e Margaridas<br \/>\nPreenchi de cor e aromas<br \/>\nMeu jardim<br \/>\nE a vida!<\/p>\n<p>  (Poema de autoria de Lidiane Louza) <\/p>\n<p><img decoding=\"async\" src=\"http:\/\/sinspeb.org.br\/wp-content\/uploads\/2020\/01\/IMG-20190911-WA0002-651x1024.jpg\" alt=\"\" width=\"651\" height=\"1024\" class=\"aligncenter size-large wp-image-867\" srcset=\"https:\/\/sinspeb.org.br\/wp-content\/uploads\/2020\/01\/IMG-20190911-WA0002-651x1024.jpg 651w, https:\/\/sinspeb.org.br\/wp-content\/uploads\/2020\/01\/IMG-20190911-WA0002-191x300.jpg 191w, https:\/\/sinspeb.org.br\/wp-content\/uploads\/2020\/01\/IMG-20190911-WA0002.jpg 720w\" sizes=\"(max-width: 651px) 100vw, 651px\" \/><\/p>\n<p>A Policial Penal destaca que sempre foi muito impaciente e o cultivo das rosas a ensinou a adquirir paci\u00eancia. &#8220;Cada planta possui seu pr\u00f3prio tempo! Cada uma tem seu tempo de crescer, de florescer, semelhante a n\u00f3s que tamb\u00e9m temos nossa individualidade e nosso pr\u00f3prio tempo. Precisamos aprender a respeitar e a termos paci\u00eancia com o nosso pr\u00f3prio tempo&#8221;, frisa.<\/p>\n<p>A poetisa passou por um momento  depressivo e chegou a queimar os cadernos e agendas. &#8220;Sempre fui muito t\u00edmida! Eu escrevia as poesias para fazer uma autoreflex\u00e3o. Nunca pensei em tornar meus poemas p\u00fablicos e nunca mostrei a ningu\u00e9m por vergonha&#8221;, relata a Policial Penal.<\/p>\n<p><img decoding=\"async\" src=\"http:\/\/sinspeb.org.br\/wp-content\/uploads\/2020\/01\/IMG-20190911-WA0003.jpg\" alt=\"\" width=\"720\" height=\"720\" class=\"aligncenter size-full wp-image-870\" srcset=\"https:\/\/sinspeb.org.br\/wp-content\/uploads\/2020\/01\/IMG-20190911-WA0003.jpg 720w, https:\/\/sinspeb.org.br\/wp-content\/uploads\/2020\/01\/IMG-20190911-WA0003-150x150.jpg 150w, https:\/\/sinspeb.org.br\/wp-content\/uploads\/2020\/01\/IMG-20190911-WA0003-300x300.jpg 300w\" sizes=\"(max-width: 720px) 100vw, 720px\" \/><\/p>\n<p>Nossa Talento da semana fez  tratamento para depress\u00e3o e voltou a escrever h\u00e1 cerca de 3 anos. Ap\u00f3s elogios que recebeu de amigos, resolveu  publicar o livro que ir\u00e1 conter cerca de 40 poemas. &#8221; Recebi apoio de alguns amigos e tomei coragem para correr atr\u00e1s da publica\u00e7\u00e3o do meu livro&#8221;, declara a servidora.<\/p>\n<p>Nossa servidora que faz a diferen\u00e7a \u00e9 solteira e tem como principais hobbies : cuidar das plantas, brincar com o cachorro &#8220;Konnor&#8221;, que considera como filho, escutar m\u00fasicas, ler livros, ressalta que \u00e9  &#8220;uma pessoa apaixonada por bons livros&#8221;, adora fazer trilhas, ficar sempre perto da natureza e se declara apaixonada por Jesus Cristo. &#8220;Ele \u00e9 a minha base! \u00c9 tudo na minha vida! \u00c9 o meu grande amor&#8221;, revela a jovem poetisa.<\/p>\n<p><img loading=\"lazy\" decoding=\"async\" src=\"http:\/\/sinspeb.org.br\/wp-content\/uploads\/2020\/01\/IMG-20190911-WA0004-1024x1024.jpg\" alt=\"\" width=\"750\" height=\"750\" class=\"aligncenter size-large wp-image-868\" srcset=\"https:\/\/sinspeb.org.br\/wp-content\/uploads\/2020\/01\/IMG-20190911-WA0004-1024x1024.jpg 1024w, https:\/\/sinspeb.org.br\/wp-content\/uploads\/2020\/01\/IMG-20190911-WA0004-150x150.jpg 150w, https:\/\/sinspeb.org.br\/wp-content\/uploads\/2020\/01\/IMG-20190911-WA0004-300x300.jpg 300w, https:\/\/sinspeb.org.br\/wp-content\/uploads\/2020\/01\/IMG-20190911-WA0004-768x768.jpg 768w, https:\/\/sinspeb.org.br\/wp-content\/uploads\/2020\/01\/IMG-20190911-WA0004.jpg 1280w\" sizes=\"(max-width: 750px) 100vw, 750px\" \/><\/p>\n<p>Ascom Sinspeb<\/p>\n","protected":false},"excerpt":{"rendered":"<p>A Policial Penal, desde o per\u00edodo de inf\u00e2ncia,escreve poemas que refletem sobre diversos aspectos da vida Nossa homenageada do quadro<\/p>\n","protected":false},"author":1,"featured_media":0,"comment_status":"open","ping_status":"open","sticky":false,"template":"","format":"standard","meta":{"colormag_page_container_layout":"default_layout","colormag_page_sidebar_layout":"default_layout","footnotes":""},"categories":[1],"tags":[],"class_list":["post-865","post","type-post","status-publish","format-standard","hentry","category-noticias"],"_links":{"self":[{"href":"https:\/\/sinspeb.org.br\/index.php?rest_route=\/wp\/v2\/posts\/865","targetHints":{"allow":["GET"]}}],"collection":[{"href":"https:\/\/sinspeb.org.br\/index.php?rest_route=\/wp\/v2\/posts"}],"about":[{"href":"https:\/\/sinspeb.org.br\/index.php?rest_route=\/wp\/v2\/types\/post"}],"author":[{"embeddable":true,"href":"https:\/\/sinspeb.org.br\/index.php?rest_route=\/wp\/v2\/users\/1"}],"replies":[{"embeddable":true,"href":"https:\/\/sinspeb.org.br\/index.php?rest_route=%2Fwp%2Fv2%2Fcomments&post=865"}],"version-history":[{"count":5,"href":"https:\/\/sinspeb.org.br\/index.php?rest_route=\/wp\/v2\/posts\/865\/revisions"}],"predecessor-version":[{"id":874,"href":"https:\/\/sinspeb.org.br\/index.php?rest_route=\/wp\/v2\/posts\/865\/revisions\/874"}],"wp:attachment":[{"href":"https:\/\/sinspeb.org.br\/index.php?rest_route=%2Fwp%2Fv2%2Fmedia&parent=865"}],"wp:term":[{"taxonomy":"category","embeddable":true,"href":"https:\/\/sinspeb.org.br\/index.php?rest_route=%2Fwp%2Fv2%2Fcategories&post=865"},{"taxonomy":"post_tag","embeddable":true,"href":"https:\/\/sinspeb.org.br\/index.php?rest_route=%2Fwp%2Fv2%2Ftags&post=865"}],"curies":[{"name":"wp","href":"https:\/\/api.w.org\/{rel}","templated":true}]}}