{"id":877,"date":"2020-02-03T10:10:49","date_gmt":"2020-02-03T13:10:49","guid":{"rendered":"http:\/\/sinspeb.org.br\/?p=877"},"modified":"2020-02-03T10:10:49","modified_gmt":"2020-02-03T13:10:49","slug":"apos-aprovacao-da-pec-159-2020-policiais-penais-e-civis-podem-deliberar-por-greve-geral-na-assembleia-desta-terca-feira4","status":"publish","type":"post","link":"https:\/\/sinspeb.org.br\/?p=877","title":{"rendered":"Ap\u00f3s aprova\u00e7\u00e3o da PEC 159\/2020, Policiais Penais e Civis podem deliberar por Greve Geral na Assembleia desta ter\u00e7a-feira(4)"},"content":{"rendered":"<p>A Assembleia ir\u00e1 ser realizada com &#8220;indicativo de greve&#8221; das duas categorias<\/p>\n<p><img fetchpriority=\"high\" decoding=\"async\" src=\"http:\/\/sinspeb.org.br\/wp-content\/uploads\/2020\/02\/IMG-20200127-WA0052-1024x768.jpg\" alt=\"\" width=\"750\" height=\"563\" class=\"aligncenter size-large wp-image-878\" srcset=\"https:\/\/sinspeb.org.br\/wp-content\/uploads\/2020\/02\/IMG-20200127-WA0052-1024x768.jpg 1024w, https:\/\/sinspeb.org.br\/wp-content\/uploads\/2020\/02\/IMG-20200127-WA0052-300x225.jpg 300w, https:\/\/sinspeb.org.br\/wp-content\/uploads\/2020\/02\/IMG-20200127-WA0052-768x576.jpg 768w, https:\/\/sinspeb.org.br\/wp-content\/uploads\/2020\/02\/IMG-20200127-WA0052.jpg 1032w\" sizes=\"(max-width: 750px) 100vw, 750px\" \/><\/p>\n<p>Policiais Penais e Civis realizam Assembleia Unificada, nesta ter\u00e7a-feira(4), a partir das 9 horas, no Audit\u00f3rio do Sindicato dos Trabalhadores em \u00c1gua, Esgoto e Meio Ambiente do Estado da Bahia \u2013 SINDAE-BA, localizado na Rua General Labatut, 65, Barris,  com o objetivo de avaliar a Paralisa\u00e7\u00e3o Unificada de 48 horas realizada pelas Pol\u00edcias Penal e Civil, tra\u00e7ar A\u00e7\u00f5es que ser\u00e3o adotadas para combater os malef\u00edcios provocados aos Servidores P\u00fablicos do Estado da Bahia com a aprova\u00e7\u00e3o da PEC 159\/2020, do PL  23.728\/2020 e do PL 23.729\/2020 e ser\u00e1 votada a possibilidade de deflagra\u00e7\u00e3o de uma greve geral das duas categorias. <\/p>\n<p>Na ocasi\u00e3o,  os Policiais Penais ir\u00e3o deliberar, tamb\u00e9m, por uma Paralisa\u00e7\u00e3o de 24hs em rep\u00fadio \u00e0 decis\u00e3o do Secret\u00e1rio Nestor Duarte,  publicada no Di\u00e1rio Oficial do Estado, em  28 de janeiro dste ano, a qual pune os Policiais Penais Ithamar Cruz Souza e Baltazar Soares, com suspens\u00e3o de 60 dias e 90 dias, respectivamente, que v\u00e3o ficar sem receber sal\u00e1rio, impossibilitados de garantir a seguran\u00e7a alimentar das fam\u00edlias, sob alega\u00e7\u00e3o de que teriam incitado a categoria \u00e0 paralisa\u00e7\u00e3o de 2018.<\/p>\n<p>O presidente do Sinspeb, Reivon Pimentel, afirma que a Assembleia vai discutir o atual cen\u00e1rio pol\u00edtico, a deflagra\u00e7\u00e3o de um novo ciclo de  paralisa\u00e7\u00f5es e  a possibilidade de uma Greve Geral dos Policiais Penais e Civis. &#8221; Os Policiais Penais ir\u00e3o discutir e deliberar sobre a paralisa\u00e7\u00e3o de 24 horas em rep\u00fadio ao ato covarde e perverso perpetrado pelo Tenente Coronel da PM Os\u00edris Cardoso, diretor do Conjunto Penal de Teixeira de Freitas,  em conluio com o Major da PM J\u00falio C\u00e9sar, ent\u00e3o Superintendente de Gest\u00e3o Prisional da SEAP, com anu\u00eancia do Secret\u00e1rio Nestor Duarte, que pune os Policiais Penais Ithamar Cruz e Baltazar Soares, Coordenador do Sinspeb, eleito pela categoria e que est\u00e1 em seu segundo mandato no sindicato&#8221;, frisa Reivon Pimentel.<\/p>\n<p>Ascom Sinspeb <\/p>\n","protected":false},"excerpt":{"rendered":"<p>A Assembleia ir\u00e1 ser realizada com &#8220;indicativo de greve&#8221; das duas categorias Policiais Penais e Civis realizam Assembleia Unificada, nesta<\/p>\n","protected":false},"author":1,"featured_media":0,"comment_status":"open","ping_status":"open","sticky":false,"template":"","format":"standard","meta":{"colormag_page_container_layout":"default_layout","colormag_page_sidebar_layout":"default_layout","footnotes":""},"categories":[1],"tags":[],"class_list":["post-877","post","type-post","status-publish","format-standard","hentry","category-noticias"],"_links":{"self":[{"href":"https:\/\/sinspeb.org.br\/index.php?rest_route=\/wp\/v2\/posts\/877","targetHints":{"allow":["GET"]}}],"collection":[{"href":"https:\/\/sinspeb.org.br\/index.php?rest_route=\/wp\/v2\/posts"}],"about":[{"href":"https:\/\/sinspeb.org.br\/index.php?rest_route=\/wp\/v2\/types\/post"}],"author":[{"embeddable":true,"href":"https:\/\/sinspeb.org.br\/index.php?rest_route=\/wp\/v2\/users\/1"}],"replies":[{"embeddable":true,"href":"https:\/\/sinspeb.org.br\/index.php?rest_route=%2Fwp%2Fv2%2Fcomments&post=877"}],"version-history":[{"count":2,"href":"https:\/\/sinspeb.org.br\/index.php?rest_route=\/wp\/v2\/posts\/877\/revisions"}],"predecessor-version":[{"id":880,"href":"https:\/\/sinspeb.org.br\/index.php?rest_route=\/wp\/v2\/posts\/877\/revisions\/880"}],"wp:attachment":[{"href":"https:\/\/sinspeb.org.br\/index.php?rest_route=%2Fwp%2Fv2%2Fmedia&parent=877"}],"wp:term":[{"taxonomy":"category","embeddable":true,"href":"https:\/\/sinspeb.org.br\/index.php?rest_route=%2Fwp%2Fv2%2Fcategories&post=877"},{"taxonomy":"post_tag","embeddable":true,"href":"https:\/\/sinspeb.org.br\/index.php?rest_route=%2Fwp%2Fv2%2Ftags&post=877"}],"curies":[{"name":"wp","href":"https:\/\/api.w.org\/{rel}","templated":true}]}}