{"id":88,"date":"2019-01-19T10:30:37","date_gmt":"2019-01-19T12:30:37","guid":{"rendered":"http:\/\/sinspeb.org.br\/?p=88"},"modified":"2019-01-20T15:10:01","modified_gmt":"2019-01-20T17:10:01","slug":"nota-de-pesar-2","status":"publish","type":"post","link":"https:\/\/sinspeb.org.br\/?p=88","title":{"rendered":"Nota de Pesar"},"content":{"rendered":"<p>E com todo pesar e tristeza que o Sindicato dos Servidores Penitenci\u00e1rios do Estado da Bahia (SINSPEB), recebeu a not\u00edcia do falecimento de Dr. Armando Campos de Oliveira, presidente da Associa\u00e7\u00e3o dos Funcion\u00e1rios P\u00fablicos do Estado da Bahia (AFPEB) e delegado de carreira.<\/p>\n<p>O sepultamento ser\u00e1 neste s\u00e1bado (19\/01), \u00e0s 11h30, no Cemit\u00e9rio Jardim da Saudade, no bairro de Brotas.<\/p>\n<p>Neste momento de dor, o SINSPEB manifesta seu pesar e solidariedade a todos os familiares, amigos e colegas. N\u00e3o \u00e9 f\u00e1cil encontrar palavras diante da perda t\u00e3o dolorosa de um ente querido.<\/p>\n<p>Dr. Armando deixa o seu legado, um grande guerreiro e companheiro de lutas que nos far\u00e1 muita falta.<\/p>\n<p>Nossos mais sinceros p\u00easames.<\/p>\n<p>Ascom \u2013 SINSPEB<\/p>\n","protected":false},"excerpt":{"rendered":"<p>E com todo pesar e tristeza que o Sindicato dos Servidores Penitenci\u00e1rios do Estado da Bahia (SINSPEB), recebeu a not\u00edcia<\/p>\n","protected":false},"author":1,"featured_media":83,"comment_status":"open","ping_status":"open","sticky":false,"template":"","format":"standard","meta":{"colormag_page_container_layout":"default_layout","colormag_page_sidebar_layout":"default_layout","footnotes":""},"categories":[1],"tags":[],"class_list":["post-88","post","type-post","status-publish","format-standard","has-post-thumbnail","hentry","category-noticias"],"_links":{"self":[{"href":"https:\/\/sinspeb.org.br\/index.php?rest_route=\/wp\/v2\/posts\/88","targetHints":{"allow":["GET"]}}],"collection":[{"href":"https:\/\/sinspeb.org.br\/index.php?rest_route=\/wp\/v2\/posts"}],"about":[{"href":"https:\/\/sinspeb.org.br\/index.php?rest_route=\/wp\/v2\/types\/post"}],"author":[{"embeddable":true,"href":"https:\/\/sinspeb.org.br\/index.php?rest_route=\/wp\/v2\/users\/1"}],"replies":[{"embeddable":true,"href":"https:\/\/sinspeb.org.br\/index.php?rest_route=%2Fwp%2Fv2%2Fcomments&post=88"}],"version-history":[{"count":1,"href":"https:\/\/sinspeb.org.br\/index.php?rest_route=\/wp\/v2\/posts\/88\/revisions"}],"predecessor-version":[{"id":89,"href":"https:\/\/sinspeb.org.br\/index.php?rest_route=\/wp\/v2\/posts\/88\/revisions\/89"}],"wp:featuredmedia":[{"embeddable":true,"href":"https:\/\/sinspeb.org.br\/index.php?rest_route=\/wp\/v2\/media\/83"}],"wp:attachment":[{"href":"https:\/\/sinspeb.org.br\/index.php?rest_route=%2Fwp%2Fv2%2Fmedia&parent=88"}],"wp:term":[{"taxonomy":"category","embeddable":true,"href":"https:\/\/sinspeb.org.br\/index.php?rest_route=%2Fwp%2Fv2%2Fcategories&post=88"},{"taxonomy":"post_tag","embeddable":true,"href":"https:\/\/sinspeb.org.br\/index.php?rest_route=%2Fwp%2Fv2%2Ftags&post=88"}],"curies":[{"name":"wp","href":"https:\/\/api.w.org\/{rel}","templated":true}]}}