{"id":881,"date":"2020-02-03T11:07:59","date_gmt":"2020-02-03T14:07:59","guid":{"rendered":"http:\/\/sinspeb.org.br\/?p=881"},"modified":"2020-02-03T11:07:59","modified_gmt":"2020-02-03T14:07:59","slug":"durante-festa-de-yemanja-sinspeb-marca-presenca-em-ato-contra-reforma-da-previdencia","status":"publish","type":"post","link":"https:\/\/sinspeb.org.br\/?p=881","title":{"rendered":"Durante festa de Yemanj\u00e1, Sinspeb marca presen\u00e7a em ato contra  Reforma da Previd\u00eancia"},"content":{"rendered":"<p>O protesto contou com a participa\u00e7\u00e3o de diversos sindicatos que denunciaram os preju\u00edzos que ser\u00e3o ocasionados aos servidores estaduais decorrentes da aprova\u00e7\u00e3o da PEC 159\/2020<\/p>\n<p><img fetchpriority=\"high\" decoding=\"async\" src=\"http:\/\/sinspeb.org.br\/wp-content\/uploads\/2020\/02\/IMG-20200203-WA0013-1024x768.jpg\" alt=\"\" width=\"750\" height=\"563\" class=\"aligncenter size-large wp-image-882\" srcset=\"https:\/\/sinspeb.org.br\/wp-content\/uploads\/2020\/02\/IMG-20200203-WA0013-1024x768.jpg 1024w, https:\/\/sinspeb.org.br\/wp-content\/uploads\/2020\/02\/IMG-20200203-WA0013-300x225.jpg 300w, https:\/\/sinspeb.org.br\/wp-content\/uploads\/2020\/02\/IMG-20200203-WA0013-768x576.jpg 768w, https:\/\/sinspeb.org.br\/wp-content\/uploads\/2020\/02\/IMG-20200203-WA0013.jpg 1280w\" sizes=\"(max-width: 750px) 100vw, 750px\" \/><\/p>\n<p>Com faixas, apitos e blusas personalizadas,  Sinspeb, Sindpoc e diversos sindicatos que representam o funcionalismo p\u00fablico estadual desfilaram pelas ruas do bairro do Rio Vermelho, neste domingo(2), para protestar contra a PEC 159\/2020, aprovada pela Assembleia Legislativa(ALBA), na \u00faltima sexta-feira(30)<\/p>\n<p><img decoding=\"async\" src=\"http:\/\/sinspeb.org.br\/wp-content\/uploads\/2020\/02\/IMG-20200203-WA0016-1024x768.jpg\" alt=\"\" width=\"750\" height=\"563\" class=\"aligncenter size-large wp-image-884\" srcset=\"https:\/\/sinspeb.org.br\/wp-content\/uploads\/2020\/02\/IMG-20200203-WA0016-1024x768.jpg 1024w, https:\/\/sinspeb.org.br\/wp-content\/uploads\/2020\/02\/IMG-20200203-WA0016-300x225.jpg 300w, https:\/\/sinspeb.org.br\/wp-content\/uploads\/2020\/02\/IMG-20200203-WA0016-768x576.jpg 768w, https:\/\/sinspeb.org.br\/wp-content\/uploads\/2020\/02\/IMG-20200203-WA0016.jpg 1152w\" sizes=\"(max-width: 750px) 100vw, 750px\" \/><\/p>\n<p>Policiais Penais e Civis realizam Assembleia Unificada, nesta ter\u00e7a-feira(4), a partir das 9 horas, no Audit\u00f3rio do Sindicato dos Trabalhadores em \u00c1gua, Esgoto e Meio Ambiente do Estado da Bahia \u2013 SINDAE-BA, localizado na Rua General Labatut, 65, Barris,  com o objetivo de avaliar a Paralisa\u00e7\u00e3o Unificada de 48 horas realizada pelas Pol\u00edcias Penal e Civil, tra\u00e7ar A\u00e7\u00f5es que ser\u00e3o adotadas para combater os malef\u00edcios provocados aos Servidores P\u00fablicos do Estado da Bahia com a aprova\u00e7\u00e3o da PEC 159\/2020, do PL  23.728\/2020 e do PL 23.729\/2020 e possibilidade de deflagra\u00e7\u00e3o de uma greve geral das duas categorias. <\/p>\n<p><img decoding=\"async\" src=\"http:\/\/sinspeb.org.br\/wp-content\/uploads\/2020\/02\/IMG-20200203-WA0015-1024x768.jpg\" alt=\"\" width=\"750\" height=\"563\" class=\"aligncenter size-large wp-image-883\" srcset=\"https:\/\/sinspeb.org.br\/wp-content\/uploads\/2020\/02\/IMG-20200203-WA0015-1024x768.jpg 1024w, https:\/\/sinspeb.org.br\/wp-content\/uploads\/2020\/02\/IMG-20200203-WA0015-300x225.jpg 300w, https:\/\/sinspeb.org.br\/wp-content\/uploads\/2020\/02\/IMG-20200203-WA0015-768x576.jpg 768w, https:\/\/sinspeb.org.br\/wp-content\/uploads\/2020\/02\/IMG-20200203-WA0015.jpg 1152w\" sizes=\"(max-width: 750px) 100vw, 750px\" \/><\/p>\n<p>Na ocasi\u00e3o,  os Policiais Penais ir\u00e3o deliberar, tamb\u00e9m, por uma Paralisa\u00e7\u00e3o de 24hs em rep\u00fadio \u00e0 decis\u00e3o do Secret\u00e1rio Nestor Duarte,  publicada no Di\u00e1rio Oficial do Estado, em  28 de janeiro dste ano,, a qual pune os Policiais Penais Ithamar Cruz Souza e Baltazar Soares, com suspens\u00e3o de 60 dias e 90 dias, respectivamente, sem receber sal\u00e1rio impossibilitados de garantir a seguran\u00e7a alimentar das fam\u00edlias, sob alega\u00e7\u00e3o de que teriam incitado a categoria \u00e0 paralisa\u00e7\u00e3o em 2018.<\/p>\n<p><img loading=\"lazy\" decoding=\"async\" src=\"http:\/\/sinspeb.org.br\/wp-content\/uploads\/2020\/02\/IMG-20200203-WA0012-1024x768.jpg\" alt=\"\" width=\"750\" height=\"563\" class=\"aligncenter size-large wp-image-885\" srcset=\"https:\/\/sinspeb.org.br\/wp-content\/uploads\/2020\/02\/IMG-20200203-WA0012-1024x768.jpg 1024w, https:\/\/sinspeb.org.br\/wp-content\/uploads\/2020\/02\/IMG-20200203-WA0012-300x225.jpg 300w, https:\/\/sinspeb.org.br\/wp-content\/uploads\/2020\/02\/IMG-20200203-WA0012-768x576.jpg 768w, https:\/\/sinspeb.org.br\/wp-content\/uploads\/2020\/02\/IMG-20200203-WA0012.jpg 1040w\" sizes=\"(max-width: 750px) 100vw, 750px\" \/><\/p>\n<p><img loading=\"lazy\" decoding=\"async\" src=\"http:\/\/sinspeb.org.br\/wp-content\/uploads\/2020\/02\/IMG-20200203-WA0007-768x1024.jpg\" alt=\"\" width=\"750\" height=\"1000\" class=\"aligncenter size-large wp-image-886\" srcset=\"https:\/\/sinspeb.org.br\/wp-content\/uploads\/2020\/02\/IMG-20200203-WA0007-768x1024.jpg 768w, https:\/\/sinspeb.org.br\/wp-content\/uploads\/2020\/02\/IMG-20200203-WA0007-225x300.jpg 225w, https:\/\/sinspeb.org.br\/wp-content\/uploads\/2020\/02\/IMG-20200203-WA0007.jpg 780w\" sizes=\"(max-width: 750px) 100vw, 750px\" \/><\/p>\n<p><img loading=\"lazy\" decoding=\"async\" src=\"http:\/\/sinspeb.org.br\/wp-content\/uploads\/2020\/02\/IMG-20200203-WA0008-1024x768.jpg\" alt=\"\" width=\"750\" height=\"563\" class=\"aligncenter size-large wp-image-887\" srcset=\"https:\/\/sinspeb.org.br\/wp-content\/uploads\/2020\/02\/IMG-20200203-WA0008-1024x768.jpg 1024w, https:\/\/sinspeb.org.br\/wp-content\/uploads\/2020\/02\/IMG-20200203-WA0008-300x225.jpg 300w, https:\/\/sinspeb.org.br\/wp-content\/uploads\/2020\/02\/IMG-20200203-WA0008-768x576.jpg 768w, https:\/\/sinspeb.org.br\/wp-content\/uploads\/2020\/02\/IMG-20200203-WA0008.jpg 1040w\" sizes=\"(max-width: 750px) 100vw, 750px\" \/><\/p>\n<p>Ascom Sinspeb<\/p>\n","protected":false},"excerpt":{"rendered":"<p>O protesto contou com a participa\u00e7\u00e3o de diversos sindicatos que denunciaram os preju\u00edzos que ser\u00e3o ocasionados aos servidores estaduais decorrentes<\/p>\n","protected":false},"author":1,"featured_media":0,"comment_status":"open","ping_status":"open","sticky":false,"template":"","format":"standard","meta":{"colormag_page_container_layout":"default_layout","colormag_page_sidebar_layout":"default_layout","footnotes":""},"categories":[1],"tags":[],"class_list":["post-881","post","type-post","status-publish","format-standard","hentry","category-noticias"],"_links":{"self":[{"href":"https:\/\/sinspeb.org.br\/index.php?rest_route=\/wp\/v2\/posts\/881","targetHints":{"allow":["GET"]}}],"collection":[{"href":"https:\/\/sinspeb.org.br\/index.php?rest_route=\/wp\/v2\/posts"}],"about":[{"href":"https:\/\/sinspeb.org.br\/index.php?rest_route=\/wp\/v2\/types\/post"}],"author":[{"embeddable":true,"href":"https:\/\/sinspeb.org.br\/index.php?rest_route=\/wp\/v2\/users\/1"}],"replies":[{"embeddable":true,"href":"https:\/\/sinspeb.org.br\/index.php?rest_route=%2Fwp%2Fv2%2Fcomments&post=881"}],"version-history":[{"count":1,"href":"https:\/\/sinspeb.org.br\/index.php?rest_route=\/wp\/v2\/posts\/881\/revisions"}],"predecessor-version":[{"id":888,"href":"https:\/\/sinspeb.org.br\/index.php?rest_route=\/wp\/v2\/posts\/881\/revisions\/888"}],"wp:attachment":[{"href":"https:\/\/sinspeb.org.br\/index.php?rest_route=%2Fwp%2Fv2%2Fmedia&parent=881"}],"wp:term":[{"taxonomy":"category","embeddable":true,"href":"https:\/\/sinspeb.org.br\/index.php?rest_route=%2Fwp%2Fv2%2Fcategories&post=881"},{"taxonomy":"post_tag","embeddable":true,"href":"https:\/\/sinspeb.org.br\/index.php?rest_route=%2Fwp%2Fv2%2Ftags&post=881"}],"curies":[{"name":"wp","href":"https:\/\/api.w.org\/{rel}","templated":true}]}}