{"id":890,"date":"2020-02-04T18:55:38","date_gmt":"2020-02-04T21:55:38","guid":{"rendered":"http:\/\/sinspeb.org.br\/?p=890"},"modified":"2020-02-04T18:55:38","modified_gmt":"2020-02-04T21:55:38","slug":"em-assembleia-policiais-penais-e-civis-aprovam-paralisacao-de-24-horas-nesta-sexta7","status":"publish","type":"post","link":"https:\/\/sinspeb.org.br\/?p=890","title":{"rendered":"Em Assembleia, Policiais Penais e Civis aprovam paralisa\u00e7\u00e3o de 24 horas nesta sexta(7)"},"content":{"rendered":"<p>Policiais Penais e Civis sa\u00edram em caminhada com outros sindicatos do funcionalismo p\u00fablico estadual em dire\u00e7\u00e3o ao pr\u00e9dio da Pol\u00edcia Civil, na pra\u00e7a da Piedade<\/p>\n<p><img fetchpriority=\"high\" decoding=\"async\" src=\"http:\/\/sinspeb.org.br\/wp-content\/uploads\/2020\/02\/20200204_121054-1024x768.jpg\" alt=\"\" width=\"750\" height=\"563\" class=\"aligncenter size-large wp-image-891\" srcset=\"https:\/\/sinspeb.org.br\/wp-content\/uploads\/2020\/02\/20200204_121054-1024x768.jpg 1024w, https:\/\/sinspeb.org.br\/wp-content\/uploads\/2020\/02\/20200204_121054-300x225.jpg 300w, https:\/\/sinspeb.org.br\/wp-content\/uploads\/2020\/02\/20200204_121054-768x576.jpg 768w\" sizes=\"(max-width: 750px) 100vw, 750px\" \/><\/p>\n<p>Em Assembleia Unificada, Policiais Penais e Civis deliberam por paralisa\u00e7\u00e3o  das Policias Penal e Civil por  24 horas, nesta sexta-feira(7), em<br \/>\nrep\u00fadio \u00e0  &#8220;truculenta e ditatorial&#8221; condu\u00e7\u00e3o e aprova\u00e7\u00e3o da PEC 159\/2020 e em rep\u00fadio ao ato perverso do Secret\u00e1rio Nestor Duarte que Puniu os Policiais Penais Baltazar Felipe(Coordenador do SINSPEB)e Ithamar Cruz com 90 e 60 dias de suspens\u00e3o, respectivamente; pela Reabertura do di\u00e1logo com o governo para discutir a pauta de Reinvindica\u00e7\u00f5es dos Policiais Penais e Civis; in\u00edcio imediato da Opera\u00e7\u00e3o Legalidade, realizando os procedimentos cotidianos obedecendo estritamente o regramento  legal, em especial os contidos na Lei de Execu\u00e7\u00f5es Penais, Estatuto do Servidor Penitenci\u00e1rio, Procedimentos Operacionais SGP\/SEAP, Lei Org\u00e2nica da Pol\u00edcia Civil e, sobretudo, a Lei de Abuso de Autoridade; Assembleia Geral 72h antes do carnaval, com pauta de entrega do plant\u00e3o do carnaval, de cargos e demais plant\u00f5es extraordin\u00e1rios.<\/p>\n<p><img decoding=\"async\" src=\"http:\/\/sinspeb.org.br\/wp-content\/uploads\/2020\/02\/20200204_112407-1024x768.jpg\" alt=\"\" width=\"750\" height=\"563\" class=\"aligncenter size-large wp-image-892\" srcset=\"https:\/\/sinspeb.org.br\/wp-content\/uploads\/2020\/02\/20200204_112407-1024x768.jpg 1024w, https:\/\/sinspeb.org.br\/wp-content\/uploads\/2020\/02\/20200204_112407-300x225.jpg 300w, https:\/\/sinspeb.org.br\/wp-content\/uploads\/2020\/02\/20200204_112407-768x576.jpg 768w\" sizes=\"(max-width: 750px) 100vw, 750px\" \/><\/p>\n<p> A Assembleia contou com as presen\u00e7as dos deputados estaduais Hilton Coelho(PSOL-BA), Capit\u00e3o Alden( PSL-BA) e Soldado Prisco (PSDB-BA).<\/p>\n<p>Ap\u00f3s Assembleia, realizada no audit\u00f3rio do Sindae, localizado nos Barris, cerca de mil  servidores  de outras categorias como professores, guardas municipais, entre outros, sa\u00edram em marcha junto com os Policiais Penais e Civis pelas ruas do centro da cidade em protesto \u00e0 PEC 159\/2020.<\/p>\n<p><img decoding=\"async\" src=\"http:\/\/sinspeb.org.br\/wp-content\/uploads\/2020\/02\/20200204_103235-1024x768.jpg\" alt=\"\" width=\"750\" height=\"563\" class=\"aligncenter size-large wp-image-893\" srcset=\"https:\/\/sinspeb.org.br\/wp-content\/uploads\/2020\/02\/20200204_103235-1024x768.jpg 1024w, https:\/\/sinspeb.org.br\/wp-content\/uploads\/2020\/02\/20200204_103235-300x225.jpg 300w, https:\/\/sinspeb.org.br\/wp-content\/uploads\/2020\/02\/20200204_103235-768x576.jpg 768w\" sizes=\"(max-width: 750px) 100vw, 750px\" \/><\/p>\n<p>Para o presidente do Sindicato dos Servidores  Penitenci\u00e1rios(Sinspeb), Reivon Pimentel, a PEC 159\/2020 foi aprovada de forma ditatorial, sem  respeitar o processo legislativo e  sem di\u00e1logo com os  servidores.<\/p>\n<p><img loading=\"lazy\" decoding=\"async\" src=\"http:\/\/sinspeb.org.br\/wp-content\/uploads\/2020\/02\/20200204_100152-1024x768.jpg\" alt=\"\" width=\"750\" height=\"563\" class=\"aligncenter size-large wp-image-894\" srcset=\"https:\/\/sinspeb.org.br\/wp-content\/uploads\/2020\/02\/20200204_100152-1024x768.jpg 1024w, https:\/\/sinspeb.org.br\/wp-content\/uploads\/2020\/02\/20200204_100152-300x225.jpg 300w, https:\/\/sinspeb.org.br\/wp-content\/uploads\/2020\/02\/20200204_100152-768x576.jpg 768w\" sizes=\"(max-width: 750px) 100vw, 750px\" \/><\/p>\n<p>&#8220;O  governador optou por virar as costas para o servidor p\u00fablico. Somos n\u00f3s servidores p\u00fablicos  que fazemos a m\u00e1quina do Governo rodar . Muitas vezes, utilizamos recursos pr\u00f3prios para prestarmos  servi\u00e7os \u00e0 sociedade e, mesmo assim, ainda n\u00e3o somos valorizados pelo Governo do Estado&#8221;, frisa o sindicalista, ao ressaltar que j\u00e1 encontra-se no &#8220;Pacote de Maldade&#8221; do Governo do Estado a Reforma Administrativa. <\/p>\n<p> Ascom Sinspeb<\/p>\n","protected":false},"excerpt":{"rendered":"<p>Policiais Penais e Civis sa\u00edram em caminhada com outros sindicatos do funcionalismo p\u00fablico estadual em dire\u00e7\u00e3o ao pr\u00e9dio da Pol\u00edcia<\/p>\n","protected":false},"author":1,"featured_media":0,"comment_status":"open","ping_status":"open","sticky":false,"template":"","format":"standard","meta":{"colormag_page_container_layout":"default_layout","colormag_page_sidebar_layout":"default_layout","footnotes":""},"categories":[1],"tags":[],"class_list":["post-890","post","type-post","status-publish","format-standard","hentry","category-noticias"],"_links":{"self":[{"href":"https:\/\/sinspeb.org.br\/index.php?rest_route=\/wp\/v2\/posts\/890","targetHints":{"allow":["GET"]}}],"collection":[{"href":"https:\/\/sinspeb.org.br\/index.php?rest_route=\/wp\/v2\/posts"}],"about":[{"href":"https:\/\/sinspeb.org.br\/index.php?rest_route=\/wp\/v2\/types\/post"}],"author":[{"embeddable":true,"href":"https:\/\/sinspeb.org.br\/index.php?rest_route=\/wp\/v2\/users\/1"}],"replies":[{"embeddable":true,"href":"https:\/\/sinspeb.org.br\/index.php?rest_route=%2Fwp%2Fv2%2Fcomments&post=890"}],"version-history":[{"count":2,"href":"https:\/\/sinspeb.org.br\/index.php?rest_route=\/wp\/v2\/posts\/890\/revisions"}],"predecessor-version":[{"id":896,"href":"https:\/\/sinspeb.org.br\/index.php?rest_route=\/wp\/v2\/posts\/890\/revisions\/896"}],"wp:attachment":[{"href":"https:\/\/sinspeb.org.br\/index.php?rest_route=%2Fwp%2Fv2%2Fmedia&parent=890"}],"wp:term":[{"taxonomy":"category","embeddable":true,"href":"https:\/\/sinspeb.org.br\/index.php?rest_route=%2Fwp%2Fv2%2Fcategories&post=890"},{"taxonomy":"post_tag","embeddable":true,"href":"https:\/\/sinspeb.org.br\/index.php?rest_route=%2Fwp%2Fv2%2Ftags&post=890"}],"curies":[{"name":"wp","href":"https:\/\/api.w.org\/{rel}","templated":true}]}}