{"id":898,"date":"2020-02-10T10:17:58","date_gmt":"2020-02-10T13:17:58","guid":{"rendered":"http:\/\/sinspeb.org.br\/?p=898"},"modified":"2020-02-10T10:17:58","modified_gmt":"2020-02-10T13:17:58","slug":"corrida-da-rondesp-cleidvan-melo-conquista-1-lugar-na-disputa-dos-10-km","status":"publish","type":"post","link":"https:\/\/sinspeb.org.br\/?p=898","title":{"rendered":"Corrida da Rondesp: Cleidvan Melo conquista 1\u00b0 lugar na disputa dos 10 km"},"content":{"rendered":"<p>Policial Penal \u00e9 refer\u00eancia no esporte do Estado<\/p>\n<p><img fetchpriority=\"high\" decoding=\"async\" src=\"http:\/\/sinspeb.org.br\/wp-content\/uploads\/2020\/02\/IMG-20200209-WA0033-768x1024.jpg\" alt=\"\" width=\"750\" height=\"1000\" class=\"aligncenter size-large wp-image-899\" srcset=\"https:\/\/sinspeb.org.br\/wp-content\/uploads\/2020\/02\/IMG-20200209-WA0033-768x1024.jpg 768w, https:\/\/sinspeb.org.br\/wp-content\/uploads\/2020\/02\/IMG-20200209-WA0033-225x300.jpg 225w, https:\/\/sinspeb.org.br\/wp-content\/uploads\/2020\/02\/IMG-20200209-WA0033.jpg 960w\" sizes=\"(max-width: 750px) 100vw, 750px\" \/><\/p>\n<p>O Policial Penal Cleidvan Melo, lotado no Hospital de Cust\u00f3dia e Tratamento(HCT), localizado na Baixa do Fiscal, da capital baiana, coleciona pr\u00eamios que conquistou durante corridas de rua do Estado. <\/p>\n<p>Neste domingo(9), o servidor saiu na frente e alcan\u00e7ou o 1\u00b0 lugar na Corrida da Rondesp,  realizada no Centro Administrativo da Bahia(CAB), no percurso dos 10 Km.<\/p>\n<p><img decoding=\"async\" src=\"http:\/\/sinspeb.org.br\/wp-content\/uploads\/2020\/02\/IMG-20200209-WA0034-768x1024.jpg\" alt=\"\" width=\"750\" height=\"1000\" class=\"aligncenter size-large wp-image-900\" srcset=\"https:\/\/sinspeb.org.br\/wp-content\/uploads\/2020\/02\/IMG-20200209-WA0034-768x1024.jpg 768w, https:\/\/sinspeb.org.br\/wp-content\/uploads\/2020\/02\/IMG-20200209-WA0034-225x300.jpg 225w, https:\/\/sinspeb.org.br\/wp-content\/uploads\/2020\/02\/IMG-20200209-WA0034.jpg 960w\" sizes=\"(max-width: 750px) 100vw, 750px\" \/><\/p>\n<p>O Policial Penal comemora a premia\u00e7\u00e3o e destaca que a Corrida Rondesp foi a primeira disputa que participou neste ano. &#8220;Foi minha primeira prova do ano em um percurso cheio de ladeiras do Centro Administrativo da Bahia, percurso novo em provas oficiais na cidade e o resultado foi muito satisfat\u00f3rio e animador para o ano esportivo que se inicia!&#8221;, salienta.<\/p>\n<p>Ascom Sinspeb<\/p>\n","protected":false},"excerpt":{"rendered":"<p>Policial Penal \u00e9 refer\u00eancia no esporte do Estado O Policial Penal Cleidvan Melo, lotado no Hospital de Cust\u00f3dia e Tratamento(HCT),<\/p>\n","protected":false},"author":1,"featured_media":0,"comment_status":"open","ping_status":"open","sticky":false,"template":"","format":"standard","meta":{"colormag_page_container_layout":"default_layout","colormag_page_sidebar_layout":"default_layout","footnotes":""},"categories":[1],"tags":[],"class_list":["post-898","post","type-post","status-publish","format-standard","hentry","category-noticias"],"_links":{"self":[{"href":"https:\/\/sinspeb.org.br\/index.php?rest_route=\/wp\/v2\/posts\/898","targetHints":{"allow":["GET"]}}],"collection":[{"href":"https:\/\/sinspeb.org.br\/index.php?rest_route=\/wp\/v2\/posts"}],"about":[{"href":"https:\/\/sinspeb.org.br\/index.php?rest_route=\/wp\/v2\/types\/post"}],"author":[{"embeddable":true,"href":"https:\/\/sinspeb.org.br\/index.php?rest_route=\/wp\/v2\/users\/1"}],"replies":[{"embeddable":true,"href":"https:\/\/sinspeb.org.br\/index.php?rest_route=%2Fwp%2Fv2%2Fcomments&post=898"}],"version-history":[{"count":2,"href":"https:\/\/sinspeb.org.br\/index.php?rest_route=\/wp\/v2\/posts\/898\/revisions"}],"predecessor-version":[{"id":902,"href":"https:\/\/sinspeb.org.br\/index.php?rest_route=\/wp\/v2\/posts\/898\/revisions\/902"}],"wp:attachment":[{"href":"https:\/\/sinspeb.org.br\/index.php?rest_route=%2Fwp%2Fv2%2Fmedia&parent=898"}],"wp:term":[{"taxonomy":"category","embeddable":true,"href":"https:\/\/sinspeb.org.br\/index.php?rest_route=%2Fwp%2Fv2%2Fcategories&post=898"},{"taxonomy":"post_tag","embeddable":true,"href":"https:\/\/sinspeb.org.br\/index.php?rest_route=%2Fwp%2Fv2%2Ftags&post=898"}],"curies":[{"name":"wp","href":"https:\/\/api.w.org\/{rel}","templated":true}]}}