{"id":903,"date":"2020-02-10T13:58:43","date_gmt":"2020-02-10T16:58:43","guid":{"rendered":"http:\/\/sinspeb.org.br\/?p=903"},"modified":"2020-02-10T13:58:43","modified_gmt":"2020-02-10T16:58:43","slug":"fenasppen-repudia-violencia-e-se-solidariza-com-a-luta-dos-servidores-publicos-baianos","status":"publish","type":"post","link":"https:\/\/sinspeb.org.br\/?p=903","title":{"rendered":"FENASPPEN REPUDIA VIOL\u00caNCIA E SE SOLIDARIZA COM A LUTA DOS SERVIDORES P\u00daBLICOS BAIANOS!"},"content":{"rendered":"<p>FENASPPEN REPUDIA VIOL\u00caNCIA E SE SOLIDARIZA COM A LUTA DOS SERVIDORES P\u00daBLICOS BAIANOS!<\/p>\n<p><img fetchpriority=\"high\" decoding=\"async\" src=\"http:\/\/sinspeb.org.br\/wp-content\/uploads\/2020\/02\/FB_IMG_1581353448150-767x1024.jpg\" alt=\"\" width=\"750\" height=\"1001\" class=\"aligncenter size-large wp-image-904\" srcset=\"https:\/\/sinspeb.org.br\/wp-content\/uploads\/2020\/02\/FB_IMG_1581353448150-767x1024.jpg 767w, https:\/\/sinspeb.org.br\/wp-content\/uploads\/2020\/02\/FB_IMG_1581353448150-225x300.jpg 225w, https:\/\/sinspeb.org.br\/wp-content\/uploads\/2020\/02\/FB_IMG_1581353448150-768x1025.jpg 768w, https:\/\/sinspeb.org.br\/wp-content\/uploads\/2020\/02\/FB_IMG_1581353448150.jpg 959w\" sizes=\"(max-width: 750px) 100vw, 750px\" \/><\/p>\n<p>A Federa\u00e7\u00e3o Sindical Nacional dos Policiais Penais Brasileiros (FENASPPEN), vem a p\u00fablico manifestar seu mais veemente rep\u00fadio \u00e0 agress\u00e3o sofrida pelos servidores p\u00fablicos da Bahia, inclusive Policiais Penais, durante a realiza\u00e7\u00e3o de ato pol\u00edtico-p\u00fablico ordeiro na Assembleia Legislativa daquele Estado, em 31\/01\/2020, em protesto contra a &#8220;Reforma da Previd\u00eancia&#8221; (PEC 159), de autoria do governo estadual da Bahia.<\/p>\n<p>Al\u00e9m de Policiais Penais e suas lideran\u00e7as sindicais, foram v\u00edtimas da agress\u00e3o servidores do Poder Judici\u00e1rio, professores, profissionais da sa\u00fade p\u00fablica, policiais civis, entre outros que se manifestavam contra o teor da proposta que estava sendo votada pelos Deputados Estaduais. Integrantes da PM n\u00e3o pouparam o uso da viol\u00eancia e, at\u00e9 mesmo, de bombas e g\u00e1s lacrimog\u00eanio.<\/p>\n<p>O Governo baiano, de forma insensata e ditatorial, mesmo sabendo ser a Previd\u00eancia tema sens\u00edvel que afeta a vida dos servidores e seus familiares, enviou a Proposta de &#8220;Reforma da Previd\u00eancia Estadual&#8221; em pleno recesso do Legislativo e sem nenhuma discuss\u00e3o com os representantes dos servidores. Os servidores denunciaram, na ocasi\u00e3o, a aus\u00eancia de di\u00e1logo com o governo Rui Costa e suas pr\u00e1ticas rotineiras de persegui\u00e7\u00e3o aos servidores p\u00fablicos, quando o poder p\u00fablico deveria, no m\u00ednimo, zelar pelo direito \u00e0 livre manifesta\u00e7\u00e3o e garantir a seguran\u00e7a do funcionalismo estadual, bem como n\u00e3o permitir retrocesso em seus direitos.<\/p>\n<p>A FENASPPEN, al\u00e9m de solidarizar-se com os servidores estaduais, reafirma seu compromisso de intensificar a luta pelo sagrado direito dos Policiais Penais a uma aposentadoria justa, baseada no tratamento igualit\u00e1rio e ison\u00f4mico ao dispensado \u00e0 Pol\u00edcia Militar, por uma quest\u00e3o de justi\u00e7a e de direito.<\/p>\n<p>A aposentadoria dos Policiais Penais e demais profissionais da seguran\u00e7a p\u00fablica devem ser tratados dentro do princ\u00edpio da isonomia com os policiais militares e em respeito \u00e0 integralidade e paridade de seus benef\u00edcios. Essa garantia constitucional \u00e9 absolutamente fundamental para que retrocessos n\u00e3o sejam praticados contra direitos fundamentais de uma categoria essencial ao sistema de seguran\u00e7a p\u00fablica do pa\u00eds!<\/p>\n<p>Bras\u00edlia (DF), 10\/02\/2020.<\/p>\n<p>FERNANDO FERREIRA DE ANUNCIA\u00c7\u00c3O<br \/>\nPresidente da FENASPPEN<\/p>\n<p>https:\/\/m.facebook.com\/story.php?story_fbid=2705281852925849&#038;id=781421121978608<\/p>\n","protected":false},"excerpt":{"rendered":"<p>FENASPPEN REPUDIA VIOL\u00caNCIA E SE SOLIDARIZA COM A LUTA DOS SERVIDORES P\u00daBLICOS BAIANOS! A Federa\u00e7\u00e3o Sindical Nacional dos Policiais Penais<\/p>\n","protected":false},"author":1,"featured_media":904,"comment_status":"open","ping_status":"open","sticky":false,"template":"","format":"standard","meta":{"colormag_page_container_layout":"default_layout","colormag_page_sidebar_layout":"default_layout","footnotes":""},"categories":[1],"tags":[],"class_list":["post-903","post","type-post","status-publish","format-standard","has-post-thumbnail","hentry","category-noticias"],"_links":{"self":[{"href":"https:\/\/sinspeb.org.br\/index.php?rest_route=\/wp\/v2\/posts\/903","targetHints":{"allow":["GET"]}}],"collection":[{"href":"https:\/\/sinspeb.org.br\/index.php?rest_route=\/wp\/v2\/posts"}],"about":[{"href":"https:\/\/sinspeb.org.br\/index.php?rest_route=\/wp\/v2\/types\/post"}],"author":[{"embeddable":true,"href":"https:\/\/sinspeb.org.br\/index.php?rest_route=\/wp\/v2\/users\/1"}],"replies":[{"embeddable":true,"href":"https:\/\/sinspeb.org.br\/index.php?rest_route=%2Fwp%2Fv2%2Fcomments&post=903"}],"version-history":[{"count":2,"href":"https:\/\/sinspeb.org.br\/index.php?rest_route=\/wp\/v2\/posts\/903\/revisions"}],"predecessor-version":[{"id":906,"href":"https:\/\/sinspeb.org.br\/index.php?rest_route=\/wp\/v2\/posts\/903\/revisions\/906"}],"wp:featuredmedia":[{"embeddable":true,"href":"https:\/\/sinspeb.org.br\/index.php?rest_route=\/wp\/v2\/media\/904"}],"wp:attachment":[{"href":"https:\/\/sinspeb.org.br\/index.php?rest_route=%2Fwp%2Fv2%2Fmedia&parent=903"}],"wp:term":[{"taxonomy":"category","embeddable":true,"href":"https:\/\/sinspeb.org.br\/index.php?rest_route=%2Fwp%2Fv2%2Fcategories&post=903"},{"taxonomy":"post_tag","embeddable":true,"href":"https:\/\/sinspeb.org.br\/index.php?rest_route=%2Fwp%2Fv2%2Ftags&post=903"}],"curies":[{"name":"wp","href":"https:\/\/api.w.org\/{rel}","templated":true}]}}