{"id":907,"date":"2020-02-10T15:29:01","date_gmt":"2020-02-10T18:29:01","guid":{"rendered":"http:\/\/sinspeb.org.br\/?p=907"},"modified":"2020-02-10T15:33:33","modified_gmt":"2020-02-10T18:33:33","slug":"sinspeb-lanca-quadro-fala-presidente-que-sera-transmitido-ao-vivo-pelas-redes-sociais-do-sindicato","status":"publish","type":"post","link":"https:\/\/sinspeb.org.br\/?p=907","title":{"rendered":"Sinspeb lan\u00e7a quadro \u201cFala Presidente!\u201d que ser\u00e1 transmitido ao vivo pelas redes sociais do sindicato"},"content":{"rendered":"<p>O quadro tem como objetivo estreitar a rela\u00e7\u00e3o entre a presid\u00eancia do sindicato e os servidores<\/p>\n<p><img fetchpriority=\"high\" decoding=\"async\" src=\"http:\/\/sinspeb.org.br\/wp-content\/uploads\/2020\/02\/IMG-20200110-WA0021-1024x538.jpg\" alt=\"\" width=\"750\" height=\"394\" class=\"aligncenter size-large wp-image-908\" srcset=\"https:\/\/sinspeb.org.br\/wp-content\/uploads\/2020\/02\/IMG-20200110-WA0021-1024x538.jpg 1024w, https:\/\/sinspeb.org.br\/wp-content\/uploads\/2020\/02\/IMG-20200110-WA0021-300x158.jpg 300w, https:\/\/sinspeb.org.br\/wp-content\/uploads\/2020\/02\/IMG-20200110-WA0021-768x403.jpg 768w, https:\/\/sinspeb.org.br\/wp-content\/uploads\/2020\/02\/IMG-20200110-WA0021.jpg 1200w\" sizes=\"(max-width: 750px) 100vw, 750px\" \/><\/p>\n<p>O Sindicato dos Servidores Penitenci\u00e1rios do Estado da Bahia (Sinspeb) lan\u00e7a o quadro \u201cFala Presidente!\u201d que tem como finalidade responder aos questionamentos, cr\u00edticas, elogios e sugest\u00f5es feitas pelos associados ao sindicato.<\/p>\n<p> O Presidente do Sinspeb, Reivon Pimentel, ir\u00e1 interagir com os servidores, ao vivo, atrav\u00e9s das redes sociais do sindicato, instagram e facebook, e os associados poder\u00e3o fazer perguntas, coment\u00e1rios e tirar d\u00favidas com o dirigente sindical em &#8221; tempo real&#8221;, sem cortes e edi\u00e7\u00e3o.  &#8220;A marca da gest\u00e3o Uni\u00e3o, For\u00e7a e Conquista &#8220;UFC&#8221; \u00e9 a transpar\u00eancia&#8221;, salienta o dirigente sindical.<\/p>\n<p> A proposta do Sinspeb \u00e9 aproximar a rela\u00e7\u00e3o com a &#8220;base&#8221; e melhorar o di\u00e1logo entre a presid\u00eancia do sindicato, os Policiais Penais e Servidores Penitenci\u00e1rios. <\/p>\n<p>Diversos temas  ser\u00e3o abordados no quadro  &#8220;Fala Presidente!&#8221; relativos \u00e0 administra\u00e7\u00e3o p\u00fablica, pautas da  conjuntura pol\u00edtica estadual e nacional que s\u00e3o de interesse da categoria, finan\u00e7as e as v\u00e1rias demandas que envolvem o sindicato.<\/p>\n<p> Para Reivon Pimentel, &#8220;a cria\u00e7\u00e3o do quadro \u00e9 importante para que a presid\u00eancia do sindicato possa estar mais pr\u00f3xima dos trabalhadores da base, al\u00e9m de proporcionar um debate, com transpar\u00eancia, e de forma mais ampla sobre assuntos de interesse dos  Policiais Penais\u201d, ressalta o presidente. <\/p>\n<p>O primeiro \u201cFala Presidente!\u201d  j\u00e1 tem tema definido e ir\u00e1 discorrer sobre a promulga\u00e7\u00e3o da Emenda Constitucional  104\/2019 que cria a Pol\u00edcia Penal brasileira.<\/p>\n<p> Segundo Pimentel, a pauta que ser\u00e1 a primeira a ser abordada pelo quadro \u00e9 relevante para os servidores porque \u201cquem faz a cust\u00f3dia dos presos \u00e9 o Agente Penitenci\u00e1rio que passa a ser chamado de Agente da Pol\u00edcia Penal\u201d, pontua.<\/p>\n<p>Ascom Sinspeb<\/p>\n","protected":false},"excerpt":{"rendered":"<p>O quadro tem como objetivo estreitar a rela\u00e7\u00e3o entre a presid\u00eancia do sindicato e os servidores O Sindicato dos Servidores<\/p>\n","protected":false},"author":1,"featured_media":0,"comment_status":"open","ping_status":"open","sticky":false,"template":"","format":"standard","meta":{"colormag_page_container_layout":"default_layout","colormag_page_sidebar_layout":"default_layout","footnotes":""},"categories":[1],"tags":[],"class_list":["post-907","post","type-post","status-publish","format-standard","hentry","category-noticias"],"_links":{"self":[{"href":"https:\/\/sinspeb.org.br\/index.php?rest_route=\/wp\/v2\/posts\/907","targetHints":{"allow":["GET"]}}],"collection":[{"href":"https:\/\/sinspeb.org.br\/index.php?rest_route=\/wp\/v2\/posts"}],"about":[{"href":"https:\/\/sinspeb.org.br\/index.php?rest_route=\/wp\/v2\/types\/post"}],"author":[{"embeddable":true,"href":"https:\/\/sinspeb.org.br\/index.php?rest_route=\/wp\/v2\/users\/1"}],"replies":[{"embeddable":true,"href":"https:\/\/sinspeb.org.br\/index.php?rest_route=%2Fwp%2Fv2%2Fcomments&post=907"}],"version-history":[{"count":3,"href":"https:\/\/sinspeb.org.br\/index.php?rest_route=\/wp\/v2\/posts\/907\/revisions"}],"predecessor-version":[{"id":910,"href":"https:\/\/sinspeb.org.br\/index.php?rest_route=\/wp\/v2\/posts\/907\/revisions\/910"}],"wp:attachment":[{"href":"https:\/\/sinspeb.org.br\/index.php?rest_route=%2Fwp%2Fv2%2Fmedia&parent=907"}],"wp:term":[{"taxonomy":"category","embeddable":true,"href":"https:\/\/sinspeb.org.br\/index.php?rest_route=%2Fwp%2Fv2%2Fcategories&post=907"},{"taxonomy":"post_tag","embeddable":true,"href":"https:\/\/sinspeb.org.br\/index.php?rest_route=%2Fwp%2Fv2%2Ftags&post=907"}],"curies":[{"name":"wp","href":"https:\/\/api.w.org\/{rel}","templated":true}]}}