{"id":914,"date":"2020-02-14T16:12:15","date_gmt":"2020-02-14T19:12:15","guid":{"rendered":"http:\/\/sinspeb.org.br\/?p=914"},"modified":"2020-02-14T16:16:01","modified_gmt":"2020-02-14T19:16:01","slug":"sinspeb-lanca-quadro-minuto-juridico-para-sanar-duvidas-dos-policiais-penais-da-bahia","status":"publish","type":"post","link":"https:\/\/sinspeb.org.br\/?p=914","title":{"rendered":"Sinspeb lan\u00e7a quadro \u201cMinuto Jur\u00eddico\u201d para sanar d\u00favidas dos Policiais Penais da Bahia"},"content":{"rendered":"<p>O quadro tem como objetivo abordar pautas sobre demandas judiciais  dos associados ao sindicato <\/p>\n<p><img fetchpriority=\"high\" decoding=\"async\" src=\"http:\/\/sinspeb.org.br\/wp-content\/uploads\/2020\/02\/IMG-20200113-WA0025-1024x538.jpg\" alt=\"\" width=\"750\" height=\"394\" class=\"aligncenter size-large wp-image-915\" srcset=\"https:\/\/sinspeb.org.br\/wp-content\/uploads\/2020\/02\/IMG-20200113-WA0025-1024x538.jpg 1024w, https:\/\/sinspeb.org.br\/wp-content\/uploads\/2020\/02\/IMG-20200113-WA0025-300x158.jpg 300w, https:\/\/sinspeb.org.br\/wp-content\/uploads\/2020\/02\/IMG-20200113-WA0025-768x403.jpg 768w, https:\/\/sinspeb.org.br\/wp-content\/uploads\/2020\/02\/IMG-20200113-WA0025.jpg 1200w\" sizes=\"(max-width: 750px) 100vw, 750px\" \/><\/p>\n<p>Com a finalidade de responder \u00e0s d\u00favidas frequentes dos Policiais Penais  relativas \u00e0s A\u00e7\u00f5es judiciais, o Sindicato dos Servidores Penitenci\u00e1rios do Estado da Bahia (Sinspeb) lan\u00e7a o quadro \u201cMinuto Jur\u00eddico\u201d.<\/p>\n<p>Para o presidente do Sinspeb, Reivon Pimentel, o principal objetivo \u00e9 aproximar os servidores do &#8220;corpo&#8221; jur\u00eddico  disponibilizado pelo sindicato para que as d\u00favidas sejam sanadas. \u201cO foco n\u00e3o \u00e9 esperar que as perguntas cheguem, vamos nos antecipar para que os advogados respondam \u00e0s demandas jur\u00eddicas porque temos v\u00e1rias A\u00e7\u00f5es e \u00e9 preciso que os nossos associados saibam, de fato, o que est\u00e1 acontecendo. Vai ser um momento de esclarecimento das quest\u00f5es jur\u00eddicas da nossa categoria\u201d, explica o Presidente.<\/p>\n<p>Para Cristina Arredondo, Coordenadora de  Imprensa  do SINSPEB, o  Departamento de Comunica\u00e7\u00e3o do sindicato est\u00e1 em um processo de inova\u00e7\u00e3o e, atrav\u00e9s do Quadro &#8220;Minuto Jur\u00eddico&#8221;, pretende promover uma maior integra\u00e7\u00e3o entre os servidores e o setor jur\u00eddico. &#8220;A partir das atuais ferramentas de comunica\u00e7\u00e3o como as redes sociais e o site, facilitando, desta forma, o acesso \u00e0s informa\u00e7\u00f5es jur\u00eddicas que s\u00e3o de interesse da nossa categoria&#8221;, salienta a dirigente sindical.<\/p>\n<p>Ascom Sinspeb<\/p>\n","protected":false},"excerpt":{"rendered":"<p>O quadro tem como objetivo abordar pautas sobre demandas judiciais dos associados ao sindicato Com a finalidade de responder \u00e0s<\/p>\n","protected":false},"author":1,"featured_media":0,"comment_status":"open","ping_status":"open","sticky":false,"template":"","format":"standard","meta":{"colormag_page_container_layout":"default_layout","colormag_page_sidebar_layout":"default_layout","footnotes":""},"categories":[1],"tags":[],"class_list":["post-914","post","type-post","status-publish","format-standard","hentry","category-noticias"],"_links":{"self":[{"href":"https:\/\/sinspeb.org.br\/index.php?rest_route=\/wp\/v2\/posts\/914","targetHints":{"allow":["GET"]}}],"collection":[{"href":"https:\/\/sinspeb.org.br\/index.php?rest_route=\/wp\/v2\/posts"}],"about":[{"href":"https:\/\/sinspeb.org.br\/index.php?rest_route=\/wp\/v2\/types\/post"}],"author":[{"embeddable":true,"href":"https:\/\/sinspeb.org.br\/index.php?rest_route=\/wp\/v2\/users\/1"}],"replies":[{"embeddable":true,"href":"https:\/\/sinspeb.org.br\/index.php?rest_route=%2Fwp%2Fv2%2Fcomments&post=914"}],"version-history":[{"count":3,"href":"https:\/\/sinspeb.org.br\/index.php?rest_route=\/wp\/v2\/posts\/914\/revisions"}],"predecessor-version":[{"id":918,"href":"https:\/\/sinspeb.org.br\/index.php?rest_route=\/wp\/v2\/posts\/914\/revisions\/918"}],"wp:attachment":[{"href":"https:\/\/sinspeb.org.br\/index.php?rest_route=%2Fwp%2Fv2%2Fmedia&parent=914"}],"wp:term":[{"taxonomy":"category","embeddable":true,"href":"https:\/\/sinspeb.org.br\/index.php?rest_route=%2Fwp%2Fv2%2Fcategories&post=914"},{"taxonomy":"post_tag","embeddable":true,"href":"https:\/\/sinspeb.org.br\/index.php?rest_route=%2Fwp%2Fv2%2Ftags&post=914"}],"curies":[{"name":"wp","href":"https:\/\/api.w.org\/{rel}","templated":true}]}}