{"id":919,"date":"2020-02-18T11:28:23","date_gmt":"2020-02-18T14:28:23","guid":{"rendered":"http:\/\/sinspeb.org.br\/?p=919"},"modified":"2020-02-18T11:28:23","modified_gmt":"2020-02-18T14:28:23","slug":"carnaval-2020-assembleia-pode-aprovar-intensificacao-da-operacao-legalidade-dos-policiais-penais-e-civis","status":"publish","type":"post","link":"https:\/\/sinspeb.org.br\/?p=919","title":{"rendered":"Carnaval 2020: assembleia pode aprovar intensifica\u00e7\u00e3o da &#8220;Opera\u00e7\u00e3o Legalidade&#8221; dos Policiais Penais e Civis"},"content":{"rendered":"<p>A Assembleia ir\u00e1 deliberar diversas mobiliza\u00e7\u00f5es que ser\u00e3o realizadas durante a festa momesca, inclusive, com possibilidade de paralisa\u00e7\u00e3o <\/p>\n<p><img fetchpriority=\"high\" decoding=\"async\" src=\"http:\/\/sinspeb.org.br\/wp-content\/uploads\/2020\/02\/IMG-20200127-WA0052-1-1024x768.jpg\" alt=\"\" width=\"750\" height=\"563\" class=\"aligncenter size-large wp-image-920\" srcset=\"https:\/\/sinspeb.org.br\/wp-content\/uploads\/2020\/02\/IMG-20200127-WA0052-1-1024x768.jpg 1024w, https:\/\/sinspeb.org.br\/wp-content\/uploads\/2020\/02\/IMG-20200127-WA0052-1-300x225.jpg 300w, https:\/\/sinspeb.org.br\/wp-content\/uploads\/2020\/02\/IMG-20200127-WA0052-1-768x576.jpg 768w, https:\/\/sinspeb.org.br\/wp-content\/uploads\/2020\/02\/IMG-20200127-WA0052-1.jpg 1032w\" sizes=\"(max-width: 750px) 100vw, 750px\" \/><\/p>\n<p>Nesta quarta-feira(19), a partir das 9h, Policiais Penais e Civis realizam Assembleia Extraordin\u00e1ria Unificada, na Faculdade Visconde de Cairu, localizada na rua do Salete, n\u00b050, nos Barris, onde poder\u00e1 ser deliberado a intensifica\u00e7\u00e3o da &#8220;Opera\u00e7\u00e3o Legalidade&#8221; das duas categorias, a\u00e7\u00f5es e mobiliza\u00e7\u00f5es que ser\u00e3o promovidas durante o carnaval, com possibilidade de paralisa\u00e7\u00e3o dos  Policiais Penais e Civis e informes sobre a Emenda Constitucional 26\/2020 fruto da PEC 159\/2020. Na ocasi\u00e3o, as entidades  v\u00e3o tra\u00e7ar  estrat\u00e9gias que visem abrir o di\u00e1logo com o Governo do Estado. Ap\u00f3s a Assembleia, os policiais sair\u00e3o em caminhada em dire\u00e7\u00e3o \u00e0 pra\u00e7a da Piedade.<\/p>\n<p>O Presidente do Sindicato dos Servidores Penitenci\u00e1rios(SINSPEB), Reivon Pimentel, explica que durante a &#8220;Opera\u00e7\u00e3o Legalidade&#8221; todas as escoltas internas tem que obedecer a propor\u00e7\u00e3o m\u00ednima de dois Policiais Penais para cada preso na condu\u00e7\u00e3o dos detentos para qualquer tipo de Assist\u00eancia, seja ela de cunho social, jur\u00eddica, religiosa, laboral ou educacional.<\/p>\n<p> &#8221; Vamos intensificar a Opera\u00e7\u00e3o Legalidade durante o carnaval, isso significa fazer s\u00f3 o que a Lei manda e da forma como a Lei manda. \u00c9 trabalhar obedecendo a legalidade. Os apenados s\u00f3 ser\u00e3o atendidos se tivermos a propor\u00e7\u00e3o de efetivo estabelecida pelo Procedimento Operacional 02 da SGP\/ SEAP. O Policial Penal deve trabalhar orientado pela Lei de Execu\u00e7\u00e3o Penal (LEP), pelos Procedimentos Operacionais da SGP\/ SEAP, pelo Estatuto dos Servidores Penitenci\u00e1rios do Estado, em obedi\u00eancia irrestrita a esses instrumentos normativos e outras legisla\u00e7\u00f5es vigentes&#8221;, esclarece Reivon Pimentel.<\/p>\n<p>Segundo o presidente do Sinspeb, atrav\u00e9s da &#8220;Opera\u00e7\u00e3o Legalidade&#8221; ser\u00e1 demonstrado ao Governo do Estado o d\u00e9ficit que existe de Policial Penal e a necessidade, em car\u00e1ter emergencial, de abertura de Concurso P\u00fablico para corrigir o baixo e insuficiente quantitativo de Policiais Penais que trabalham no Sistema Prisional baiano.<\/p>\n<p>O sindicalista salienta que o Conselho Nacional de Pol\u00edtica Criminal e Penitenci\u00e1ria (CNPCP) recomenda que na contru\u00e7\u00e3o de unidades prisionais destinadas \u00e0 cust\u00f3dia de presos provis\u00f3rios ou condenados ao regime fechado, seja obedecida  uma propor\u00e7\u00e3o de cinco  presos para cada Policial Penal, quantitativo  de servidores que as Unidades Prisionais deveriam possuir.<\/p>\n<p> &#8220;Infelizmente, na Bahia, temos, atualmente, 12. 318  apenados nas condi\u00e7\u00f5es supracitadas e para cumprirmos a recomenda\u00e7\u00e3o do Conselho Nacional seriam necess\u00e1rios 2.464 Policiais Penais por plant\u00e3o de 24 horas.  infelizmente, temos  menos de 10% desse quantitativo&#8221;, denuncia o presidente do Sinspeb, Reivon Pimentel. <\/p>\n<p>A Assembleia Unificada ser\u00e1 promovida por entidades que representam os Policiais Penais e Civis, SINSPEB SINDPOC, AEPEB-SINDICATO UNIPOL, ASSIPOC e SINDPEP. <\/p>\n<p>Ascom Sinspeb <\/p>\n","protected":false},"excerpt":{"rendered":"<p>A Assembleia ir\u00e1 deliberar diversas mobiliza\u00e7\u00f5es que ser\u00e3o realizadas durante a festa momesca, inclusive, com possibilidade de paralisa\u00e7\u00e3o Nesta quarta-feira(19),<\/p>\n","protected":false},"author":1,"featured_media":0,"comment_status":"open","ping_status":"open","sticky":false,"template":"","format":"standard","meta":{"colormag_page_container_layout":"default_layout","colormag_page_sidebar_layout":"default_layout","footnotes":""},"categories":[1],"tags":[],"class_list":["post-919","post","type-post","status-publish","format-standard","hentry","category-noticias"],"_links":{"self":[{"href":"https:\/\/sinspeb.org.br\/index.php?rest_route=\/wp\/v2\/posts\/919","targetHints":{"allow":["GET"]}}],"collection":[{"href":"https:\/\/sinspeb.org.br\/index.php?rest_route=\/wp\/v2\/posts"}],"about":[{"href":"https:\/\/sinspeb.org.br\/index.php?rest_route=\/wp\/v2\/types\/post"}],"author":[{"embeddable":true,"href":"https:\/\/sinspeb.org.br\/index.php?rest_route=\/wp\/v2\/users\/1"}],"replies":[{"embeddable":true,"href":"https:\/\/sinspeb.org.br\/index.php?rest_route=%2Fwp%2Fv2%2Fcomments&post=919"}],"version-history":[{"count":1,"href":"https:\/\/sinspeb.org.br\/index.php?rest_route=\/wp\/v2\/posts\/919\/revisions"}],"predecessor-version":[{"id":921,"href":"https:\/\/sinspeb.org.br\/index.php?rest_route=\/wp\/v2\/posts\/919\/revisions\/921"}],"wp:attachment":[{"href":"https:\/\/sinspeb.org.br\/index.php?rest_route=%2Fwp%2Fv2%2Fmedia&parent=919"}],"wp:term":[{"taxonomy":"category","embeddable":true,"href":"https:\/\/sinspeb.org.br\/index.php?rest_route=%2Fwp%2Fv2%2Fcategories&post=919"},{"taxonomy":"post_tag","embeddable":true,"href":"https:\/\/sinspeb.org.br\/index.php?rest_route=%2Fwp%2Fv2%2Ftags&post=919"}],"curies":[{"name":"wp","href":"https:\/\/api.w.org\/{rel}","templated":true}]}}